{"id":52496,"date":"2025-02-24T16:42:14","date_gmt":"2025-02-24T16:42:14","guid":{"rendered":"https:\/\/dekkbi.com\/?p=52496"},"modified":"2025-02-24T16:42:15","modified_gmt":"2025-02-24T16:42:15","slug":"espagne-le-real-madrid-surclasse-gerone-et-revient-a-hauteur-du-fc-barcelone","status":"publish","type":"post","link":"https:\/\/dekkbi.com\/?p=52496","title":{"rendered":"Espagne: le Real Madrid surclasse G\u00e9rone et revient \u00e0 hauteur du FC Barcelone"},"content":{"rendered":"\n<p>Apr\u00e8s trois journ\u00e9es cons\u00e9cutives sans victoire, le Real Madrid, champion d&rsquo;Espagne en titre, a repris sa marche en avant en Liga dimanche en dominant G\u00e9rone (2-0) sur sa pelouse du Santiago Bernab\u00e9u, et revient \u00e0 hauteur du FC Barcelone, toujours leader.<\/p>\n\n\n\n<p>Sans son milieu anglais Jude Bellingham, suspendu deux matchs apr\u00e8s son expulsion pol\u00e9mique contre Osasuna (1-1), le g\u00e9ant espagnol (2e, 54 points) a renou\u00e9 avec le succ\u00e8s gr\u00e2ce \u00e0 l&rsquo;\u00e9ternel Luka Modric, 39 ans, auteur du premier but de la partie d&rsquo;une superbe demi-vol\u00e9e de l&rsquo;ext\u00e9rieur de la surface (41e, 1-0) et au Br\u00e9silien Vinicius Junior (83e, 2-0), enfin d\u00e9cisif apr\u00e8s trois mois de disette en championnat.<\/p>\n\n\n\n<p>Une victoire importante, permettant au Real de repasser devant son rival et voisin l&rsquo;Atl\u00e9tico (3e, 53 points), son futur adversaire en huiti\u00e8mes de finale de la Ligue des champions, et de revenir \u00e0 \u00e9galit\u00e9 de points du Bar\u00e7a (1er, 54 points).<\/p>\n\n\n\n<p>Barcelone et l&rsquo;Atl\u00e9tico s&rsquo;affronteront mardi en demi-finale aller de Coupe du Roi, tandis que le club merengue ira \u00e0 Saint-S\u00e9bastien d\u00e9fier la Real Sociedad mercredi.<\/p>\n\n\n\n<p>Loin de son niveau de la saison derni\u00e8re, termin\u00e9e \u00e0 une troisi\u00e8me place historique apr\u00e8s plusieurs mois \u00e0 tenir t\u00eate aux grands d&rsquo;Espagne, G\u00e9rone reste douzi\u00e8me (31 points). Tr\u00e8s peu dangereux, les Catalans n&rsquo;ont pas r\u00e9ussi \u00e0 tromper la vigilance du gardien belge Thibaut Courtois, \u00e0 nouveau imp\u00e9rial sur sa ligne (4e, 30e).<\/p>\n\n\n\n<h2 class=\"wp-block-heading\">Mbapp\u00e9 passeur, Vinicius lib\u00e9r\u00e9<\/h2>\n\n\n\n<p>Tr\u00e8s en jambes, le Br\u00e9silien Vinicius Jr, qui restait muet en Liga depuis le mois de novembre, a d&rsquo;abord manqu\u00e9 de r\u00e9ussite dans le dernier geste, trouvant notammment la barre en seconde p\u00e9riode (58e), mais il a fini par doubler la mise en fin de rencontre apr\u00e8s un superbe une-deux avec Kylian Mbapp\u00e9 (83e, 2-0).<\/p>\n\n\n\n<figure class=\"wp-block-image\"><img decoding=\"async\" src=\"https:\/\/information.tv5monde.com\/sites\/tv5-info\/files\/styles\/entete\/public\/2025-02\/field_media_image-2905493-42a48c843daccaefb3f0b6e3972080da2a09bff5.jpg?itok=qjQbt3Jz\" alt=\"Vinicius le 23 f\u00e9vrier 2025 \u00e0 Madrid\" title=\"Vinicius le 23 f\u00e9vrier 2025 \u00e0 Madrid\"\/><\/figure>\n\n\n\n<p>Vinicius le 23 f\u00e9vrier 2025 \u00e0 Madrid  &#8211; AFP  &#8211; Pierre-Philippe MARCOU<\/p>\n\n\n\n<p>L&rsquo;attaquant fran\u00e7ais, en feu depuis d\u00e9but 2025 et buteur lors ses quatre derniers matchs, dont un tripl\u00e9 contre Manchester City mercredi, n&rsquo;est cette fois-ci pas parvenu \u00e0 faire gonfler ses statistiques malgr\u00e9 plusieurs occasions.<\/p>\n\n\n\n<p>Cette rencontre a notamment \u00e9t\u00e9 marqu\u00e9e par plusieurs chants de la part des supporters madril\u00e8nes contre une suppos\u00e9e \u00ab\u00a0corruption \u00e0 la F\u00e9d\u00e9ration\u00a0\u00bb, alors que le club merengue s&rsquo;est lanc\u00e9 ces derni\u00e8res semaines dans une guerre institutionnelle contre le syst\u00e8me arbitral, apr\u00e8s des d\u00e9cisions litigieuses en sa d\u00e9faveur en Liga.<\/p>\n\n\n\n<p>A l&rsquo;aube d&rsquo;un encha\u00eenement d\u00e9mentiel de matchs \u00e0 fort enjeu tous les trois jours, le champion d&rsquo;Europe en titre, toujours priv\u00e9 de Dani Carvajal et d&rsquo;Eder Militao, a c\u00e9l\u00e9br\u00e9 le retour bienvenu du d\u00e9fenseur autrichien David Alaba, 32 ans, dans son onze de d\u00e9part, apr\u00e8s plus d&rsquo;un an d&rsquo;absence.<\/p>\n\n\n\n<h2 class=\"wp-block-heading\">Bilbao s&rsquo;amuse contre Valladolid<\/h2>\n\n\n\n<p>Plus t\u00f4t dans l\u2019apr\u00e8s-midi, l\u2019Athletic Bilbao (4e, 48 points) a \u00e9cras\u00e9 (7-1) le promu Valladolid (20e, 15 points) avec notamment un superbe doubl\u00e9 de l\u2019ailier espagnol Nico Williams, et deux autres r\u00e9alisations de son fr\u00e8re ain\u00e9 I\u00f1aki et du meneur de jeu basque Oihan Sancet.<\/p>\n\n\n\n<p>Vainqueur \u00e0 Getafe (2-1) plus tard dans la soir\u00e9e, le Betis S\u00e9ville (7e, 35 points) a r\u00e9alis\u00e9 une bonne op\u00e9ration au classement gr\u00e2ce \u00e0 un doubl\u00e9 de l&rsquo;international espagnol Isco, mais a perdu le Br\u00e9silien Antony, passeur d\u00e9cisif pour l&rsquo;ex-joueur du Real Madrid, puis exclu en toute fin de match.<\/p>\n\n\n\n<p>Futur adversaire du Real en Coupe du Roi mercredi, la Real Sociedad (8e, 34 points) s&rsquo;est logiquement impos\u00e9 (3-0) face \u00e0 Legan\u00e9s (16e, 24 points).<\/p>\n\n\n\n<p>Le S\u00e9ville FC (13e, 31 points) accueillera Majorque (9e, 34 points) lundi (21H) pour cl\u00f4turer cette 25e journ\u00e9e.<\/p>\n\n\n\n<p>SOURCE TV5.ORG<\/p>\n","protected":false},"excerpt":{"rendered":"<p>Apr\u00e8s trois journ\u00e9es cons\u00e9cutives sans victoire, le Real Madrid, champion d&rsquo;Espagne en titre, a repris sa marche en avant en<\/p>\n","protected":false},"author":1,"featured_media":47655,"comment_status":"open","ping_status":"open","sticky":false,"template":"","format":"standard","meta":{"footnotes":""},"categories":[9],"tags":[],"class_list":["post-52496","post","type-post","status-publish","format-standard","has-post-thumbnail","hentry","category-sports"],"_links":{"self":[{"href":"https:\/\/dekkbi.com\/index.php?rest_route=\/wp\/v2\/posts\/52496","targetHints":{"allow":["GET"]}}],"collection":[{"href":"https:\/\/dekkbi.com\/index.php?rest_route=\/wp\/v2\/posts"}],"about":[{"href":"https:\/\/dekkbi.com\/index.php?rest_route=\/wp\/v2\/types\/post"}],"author":[{"embeddable":true,"href":"https:\/\/dekkbi.com\/index.php?rest_route=\/wp\/v2\/users\/1"}],"replies":[{"embeddable":true,"href":"https:\/\/dekkbi.com\/index.php?rest_route=%2Fwp%2Fv2%2Fcomments&post=52496"}],"version-history":[{"count":1,"href":"https:\/\/dekkbi.com\/index.php?rest_route=\/wp\/v2\/posts\/52496\/revisions"}],"predecessor-version":[{"id":52497,"href":"https:\/\/dekkbi.com\/index.php?rest_route=\/wp\/v2\/posts\/52496\/revisions\/52497"}],"wp:featuredmedia":[{"embeddable":true,"href":"https:\/\/dekkbi.com\/index.php?rest_route=\/wp\/v2\/media\/47655"}],"wp:attachment":[{"href":"https:\/\/dekkbi.com\/index.php?rest_route=%2Fwp%2Fv2%2Fmedia&parent=52496"}],"wp:term":[{"taxonomy":"category","embeddable":true,"href":"https:\/\/dekkbi.com\/index.php?rest_route=%2Fwp%2Fv2%2Fcategories&post=52496"},{"taxonomy":"post_tag","embeddable":true,"href":"https:\/\/dekkbi.com\/index.php?rest_route=%2Fwp%2Fv2%2Ftags&post=52496"}],"curies":[{"name":"wp","href":"https:\/\/api.w.org\/{rel}","templated":true}]}}