{"id":52475,"date":"2025-02-24T15:16:05","date_gmt":"2025-02-24T15:16:05","guid":{"rendered":"https:\/\/dekkbi.com\/?p=52475"},"modified":"2025-02-24T15:16:05","modified_gmt":"2025-02-24T15:16:05","slug":"affaire-des-125-milliards-racine-sy-et-amadou-sall-dans-le-viseur-du-pool-judiciaire-financier","status":"publish","type":"post","link":"https:\/\/dekkbi.com\/?p=52475","title":{"rendered":"Affaire des 125 milliards : Racine Sy et Amadou Sall dans le viseur du Pool judiciaire financier"},"content":{"rendered":"\n<p>L\u2019homme d\u2019affaires Racine Sy et Amadou Sall, fils de l\u2019ex-pr\u00e9sident Macky Sall, sont d\u00e9sormais dans le collimateur du Pool judiciaire financier (PJF). Selon L\u2019Observateur, repris par Emedia.sn, ils figurent parmi les personnes vis\u00e9es par le r\u00e9quisitoire du procureur dans l\u2019instruction de l\u2019affaire des 125 milliards de francs CFA, un montant r\u00e9v\u00e9l\u00e9 par un rapport explosif de la CENTIF.<\/p>\n\n\n\n<p>Les chefs d\u2019accusation sont lourds : association de malfaiteurs, complicit\u00e9 d\u2019escroquerie sur les deniers publics et complicit\u00e9 de blanchiment de capitaux. D\u2019apr\u00e8s le journal, Amadou Sall, Racine Sy et un certain \u00ab X \u00bb seront bient\u00f4t convoqu\u00e9s par le PJF, apr\u00e8s une nouvelle s\u00e9rie d\u2019auditions impliquant Farba Ngom et Tahirou Sarr, deux autres figures majeures du dossier.<\/p>\n\n\n\n<p>Farba Ngom et Tahirou Sarr, d\u00e9j\u00e0 entendus une premi\u00e8re fois, sont attendus \u00e0 nouveau au PJF les 27 et 28 f\u00e9vrier. Dans son r\u00e9quisitoire, le procureur a d\u2019ailleurs requis un mandat de d\u00e9p\u00f4t contre Farba Ngom pour complicit\u00e9 d\u2019escroquerie et blanchiment de capitaux, des charges qui p\u00e8sent \u00e9galement sur deux de ses fr\u00e8res impliqu\u00e9s dans l\u2019affaire.<\/p>\n\n\n\n<p>Mame Fatou K\u00e9b\u00e9<\/p>\n","protected":false},"excerpt":{"rendered":"<p>L\u2019homme d\u2019affaires Racine Sy et Amadou Sall, fils de l\u2019ex-pr\u00e9sident Macky Sall, sont d\u00e9sormais dans le collimateur du Pool judiciaire<\/p>\n","protected":false},"author":1,"featured_media":52476,"comment_status":"open","ping_status":"open","sticky":false,"template":"","format":"standard","meta":{"footnotes":""},"categories":[3],"tags":[],"class_list":["post-52475","post","type-post","status-publish","format-standard","has-post-thumbnail","hentry","category-event-more-news"],"_links":{"self":[{"href":"https:\/\/dekkbi.com\/index.php?rest_route=\/wp\/v2\/posts\/52475","targetHints":{"allow":["GET"]}}],"collection":[{"href":"https:\/\/dekkbi.com\/index.php?rest_route=\/wp\/v2\/posts"}],"about":[{"href":"https:\/\/dekkbi.com\/index.php?rest_route=\/wp\/v2\/types\/post"}],"author":[{"embeddable":true,"href":"https:\/\/dekkbi.com\/index.php?rest_route=\/wp\/v2\/users\/1"}],"replies":[{"embeddable":true,"href":"https:\/\/dekkbi.com\/index.php?rest_route=%2Fwp%2Fv2%2Fcomments&post=52475"}],"version-history":[{"count":1,"href":"https:\/\/dekkbi.com\/index.php?rest_route=\/wp\/v2\/posts\/52475\/revisions"}],"predecessor-version":[{"id":52477,"href":"https:\/\/dekkbi.com\/index.php?rest_route=\/wp\/v2\/posts\/52475\/revisions\/52477"}],"wp:featuredmedia":[{"embeddable":true,"href":"https:\/\/dekkbi.com\/index.php?rest_route=\/wp\/v2\/media\/52476"}],"wp:attachment":[{"href":"https:\/\/dekkbi.com\/index.php?rest_route=%2Fwp%2Fv2%2Fmedia&parent=52475"}],"wp:term":[{"taxonomy":"category","embeddable":true,"href":"https:\/\/dekkbi.com\/index.php?rest_route=%2Fwp%2Fv2%2Fcategories&post=52475"},{"taxonomy":"post_tag","embeddable":true,"href":"https:\/\/dekkbi.com\/index.php?rest_route=%2Fwp%2Fv2%2Ftags&post=52475"}],"curies":[{"name":"wp","href":"https:\/\/api.w.org\/{rel}","templated":true}]}}