{"id":52466,"date":"2025-02-24T11:35:38","date_gmt":"2025-02-24T11:35:38","guid":{"rendered":"https:\/\/dekkbi.com\/?p=52466"},"modified":"2025-02-24T11:35:39","modified_gmt":"2025-02-24T11:35:39","slug":"le-ministre-de-linterieur-au-monde-de-la-lutte-jean-baptiste-tine-il-est-inconcevable-que-les-combats-de-lutte-suscitent-des-inquietudes","status":"publish","type":"post","link":"https:\/\/dekkbi.com\/?p=52466","title":{"rendered":"LE MINISTRE DE L&rsquo;INT\u00c9RIEUR AU MONDE DE LA LUTTE: Jean Baptiste Tine: \u00ab Il est inconcevable que les combats de lutte suscitent des inqui\u00e9tudes \u00bb"},"content":{"rendered":"\n<p><strong>Le Premier ministre du S\u00e9n\u00e9gal, Ousmane Sonko, \u00e9tait \u00e0 l\u2019Assembl\u00e9e nationale, vendredi dernier, pour r\u00e9pondre aux questions des d\u00e9put\u00e9s. \u00c0 l\u2019occasion, le ministre de l\u2019Int\u00e9rieur et de la S\u00e9curit\u00e9 publique, le g\u00e9n\u00e9ral Jean-Baptiste Tine a \u00e9t\u00e9 interpell\u00e9 sur l\u2019arr\u00eat de la couverture s\u00e9curitaire des \u00e9v\u00e9nements de lutte par la Police nationale.<\/strong><\/p>\n\n\n\n<p>Il a justifi\u00e9 sa d\u00e9cision et s\u2019est montr\u00e9 tr\u00e8s ferme. \u00ab Je trouve inadmissible que des gens perdent la vie dans des conditions extr\u00eamement difficiles \u00bb, a-t-il r\u00e9pondu. C\u2019est la raison pour laquelle, a-t-il not\u00e9, \u00ab j\u2019ai imm\u00e9diatement pris la d\u00e9cision de suspendre la couverture s\u00e9curitaire des \u00e9v\u00e9nements de lutte afin de permettre une respiration \u00bb. L\u2019objectif vis\u00e9, selon le patron de la S\u00e9curit\u00e9 publique du S\u00e9n\u00e9gal, c\u2019est pour que tous les acteurs de la lutte, autour des minist\u00e8res des Sports et de l\u2019Int\u00e9rieur, puissent s\u2019arr\u00eater un moment pour revoir comment organiser les s\u00e9ances de lutte.<\/p>\n\n\n\n<p>\u00ab Il est inconcevable et inadmissible qu\u2019\u00e0 chaque fois qu\u2019il y a combat, que \u00e7a prenne beaucoup de temps et que \u00e7a suscite des inqui\u00e9tudes chez les chefs de famille et nos concitoyens \u00bb, a fait remarquer l\u2019autorit\u00e9 minist\u00e9rielle. G\u00e9n\u00e9ral Tine a affirm\u00e9, dans la foul\u00e9e, que des acteurs de la lutte ont effectivement tent\u00e9 de s\u2019approcher du minist\u00e8re de l\u2019Int\u00e9rieur. \u00ab La porte n\u2019est pas ferm\u00e9e. Nous les avons \u00e9cout\u00e9s, mais nous leur avons dit que nous ne pouvions pas revenir, pour l\u2019instant, sur cette d\u00e9cision \u00bb, a-t-il fait savoir. \u00ab C\u2019est une d\u00e9cision difficile \u00e0 prendre, mais il fallait la prendre \u00bb, a-t-il reconnu.<\/p>\n\n\n\n<p><strong>Abdoulaye DEMB\u00c9L\u00c9<\/strong><br>LESOLEIL<\/p>\n","protected":false},"excerpt":{"rendered":"<p>Le Premier ministre du S\u00e9n\u00e9gal, Ousmane Sonko, \u00e9tait \u00e0 l\u2019Assembl\u00e9e nationale, vendredi dernier, pour r\u00e9pondre aux questions des d\u00e9put\u00e9s. \u00c0<\/p>\n","protected":false},"author":1,"featured_media":50867,"comment_status":"open","ping_status":"open","sticky":false,"template":"","format":"standard","meta":{"footnotes":""},"categories":[6],"tags":[],"class_list":["post-52466","post","type-post","status-publish","format-standard","has-post-thumbnail","hentry","category-politics"],"_links":{"self":[{"href":"https:\/\/dekkbi.com\/index.php?rest_route=\/wp\/v2\/posts\/52466","targetHints":{"allow":["GET"]}}],"collection":[{"href":"https:\/\/dekkbi.com\/index.php?rest_route=\/wp\/v2\/posts"}],"about":[{"href":"https:\/\/dekkbi.com\/index.php?rest_route=\/wp\/v2\/types\/post"}],"author":[{"embeddable":true,"href":"https:\/\/dekkbi.com\/index.php?rest_route=\/wp\/v2\/users\/1"}],"replies":[{"embeddable":true,"href":"https:\/\/dekkbi.com\/index.php?rest_route=%2Fwp%2Fv2%2Fcomments&post=52466"}],"version-history":[{"count":1,"href":"https:\/\/dekkbi.com\/index.php?rest_route=\/wp\/v2\/posts\/52466\/revisions"}],"predecessor-version":[{"id":52467,"href":"https:\/\/dekkbi.com\/index.php?rest_route=\/wp\/v2\/posts\/52466\/revisions\/52467"}],"wp:featuredmedia":[{"embeddable":true,"href":"https:\/\/dekkbi.com\/index.php?rest_route=\/wp\/v2\/media\/50867"}],"wp:attachment":[{"href":"https:\/\/dekkbi.com\/index.php?rest_route=%2Fwp%2Fv2%2Fmedia&parent=52466"}],"wp:term":[{"taxonomy":"category","embeddable":true,"href":"https:\/\/dekkbi.com\/index.php?rest_route=%2Fwp%2Fv2%2Fcategories&post=52466"},{"taxonomy":"post_tag","embeddable":true,"href":"https:\/\/dekkbi.com\/index.php?rest_route=%2Fwp%2Fv2%2Ftags&post=52466"}],"curies":[{"name":"wp","href":"https:\/\/api.w.org\/{rel}","templated":true}]}}