{"id":52432,"date":"2025-02-24T10:21:22","date_gmt":"2025-02-24T10:21:22","guid":{"rendered":"https:\/\/dekkbi.com\/?p=52432"},"modified":"2025-02-24T10:21:23","modified_gmt":"2025-02-24T10:21:23","slug":"croissance-durable-du-senegal-lentrepreneuriat-social-local-comme-levier-de-developpement","status":"publish","type":"post","link":"https:\/\/dekkbi.com\/?p=52432","title":{"rendered":"Croissance durable du S\u00e9n\u00e9gal : l\u2019Entrepreneuriat social local, comme levier de d\u00e9veloppement"},"content":{"rendered":"\n<p><strong>Le d\u00e9veloppement durable repose fondamentalement sur des initiatives endog\u00e8nes. Bien que le S\u00e9n\u00e9gal dispose de ressources halieutiques, mini\u00e8res, p\u00e9troli\u00e8res, gazi\u00e8res et humaines consid\u00e9rables, le pays peine \u00e0 se d\u00e9faire de la pauvret\u00e9 end\u00e9mique qui le caract\u00e9rise depuis son accession \u00e0 l\u2019ind\u00e9pendance en 1960. Cette situation paradoxale t\u00e9moigne d\u2019un d\u00e9s\u00e9quilibre structurel n\u00e9cessitant une rupture avec les approches traditionnelles.<\/strong><\/p>\n\n\n\n<p>Face \u00e0 ce constat, les nouvelles autorit\u00e9s placent l\u2019entrepreneuriat social local au c\u0153ur de leur strat\u00e9gie de redressement \u00e9conomique. Cette approche novatrice allie impact social et performance \u00e9conomique, en apportant des solutions concr\u00e8tes aux probl\u00e9matiques du ch\u00f4mage et de la pr\u00e9carit\u00e9, tout en stimulant une croissance durable et inclusive.<\/p>\n\n\n\n<p>Dans cette perspective, un Pacte de Financement d\u2019un montant de 1000 milliards de francs CFA a \u00e9t\u00e9 sign\u00e9 le 18 f\u00e9vrier dernier par vingt banques locales, dans le cadre de la quatri\u00e8me \u00e9dition du Forum de la Petite et Moyenne Entreprise, plac\u00e9 sous le th\u00e8me \u00ab PME et innovation, leviers de souverainet\u00e9 \u00bb. L\u2019objectif de cette initiative est de mobiliser un financement total de 1 000 milliards de francs CFA en 2025, au b\u00e9n\u00e9fice des PME et PMI, moteurs essentiels du dynamisme \u00e9conomique.<\/p>\n\n\n\n<p>Pr\u00e9sidant cette rencontre, le Premier ministre Ousmane Sonko a exhort\u00e9 les signataires \u00e0 respecter leurs engagements afin que les fonds promis soient effectivement d\u00e9bloqu\u00e9s et judicieusement allou\u00e9s \u00e0 l\u2019\u00e9conomie nationale. Il a \u00e9galement soulign\u00e9 le r\u00f4le fondamental de l\u2019innovation dans l\u2019accroissement de la comp\u00e9titivit\u00e9 des entreprises, en particulier celles qui investissent dans la recherche et le d\u00e9veloppement.<\/p>\n\n\n\n<p><strong>L\u2019innovation au service du d\u00e9veloppement \u00e9conomique<\/strong><\/p>\n\n\n\n<p>Le Premier ministre a beaucoup insist\u00e9 sur l\u2019importance d\u2019une collaboration \u00e9troite entre les PME, les institutions acad\u00e9miques et les centres de recherche afin de favoriser des innovations capables d\u2019am\u00e9liorer les produits et de renforcer les capacit\u00e9s technologiques du pays. \u00ab En pr\u00f4nant une rupture syst\u00e9mique, le pr\u00e9sident de la R\u00e9publique invite l\u2019ensemble des forces vives de la Nation \u00e0 sortir des sentiers battus, \u00e0 se remettre en question et \u00e0 adopter des solutions innovantes \u00bb, a-t-il affirm\u00e9.<\/p>\n\n\n\n<p>Dans cette dynamique, il a appel\u00e9 \u00e0 l\u2019acc\u00e9l\u00e9ration de la mise en \u0153uvre du Programme pour le Financement Massif et S\u00e9curis\u00e9 des PME\/PMI, dont l\u2019objectif est de porter l\u2019encours des cr\u00e9dits accord\u00e9s par les institutions financi\u00e8res aux PME\/PMI de 600 milliards de FCFA en 2024 \u00e0 3 000 milliards de FCFA en 2028.<\/p>\n\n\n\n<p><strong>Un secteur priv\u00e9 conscient des d\u00e9fis et opportunit\u00e9s<\/strong><\/p>\n\n\n\n<p>Le pr\u00e9sident de la Conf\u00e9d\u00e9ration Nationale des Employeurs du S\u00e9n\u00e9gal (CNES), Adama Lam, repr\u00e9sentant le secteur priv\u00e9, a insist\u00e9 sur la n\u00e9cessit\u00e9 pour les autorit\u00e9s et les acteurs \u00e9conomiques de prendre conscience du r\u00f4le d\u00e9terminant de chacun dans le processus de transformation du pays. \u00ab Malgr\u00e9 les d\u00e9fis et le manque de ressources, le S\u00e9n\u00e9gal dispose d\u2019un potentiel de d\u00e9veloppement immense qu\u2019il convient d\u2019exploiter intelligemment \u00bb, a-t-il d\u00e9clar\u00e9. Il a \u00e9galement soulign\u00e9 l\u2019importance d\u2019un changement de mentalit\u00e9, estimant que l\u2019espoir d\u2019un avenir prosp\u00e8re repose sur la capacit\u00e9 de la jeunesse s\u00e9n\u00e9galaise \u00e0 comprendre que la cr\u00e9ation d\u2019emplois de masse et durables ne peut s\u2019op\u00e9rer que dans une dynamique \u00e0 moyen et long terme.<\/p>\n\n\n\n<p><strong>JEAN PIERRE MALOU<\/strong><br>LEQUOTIDIEN<\/p>\n\n\n\n<p><\/p>\n","protected":false},"excerpt":{"rendered":"<p>Le d\u00e9veloppement durable repose fondamentalement sur des initiatives endog\u00e8nes. Bien que le S\u00e9n\u00e9gal dispose de ressources halieutiques, mini\u00e8res, p\u00e9troli\u00e8res, gazi\u00e8res<\/p>\n","protected":false},"author":1,"featured_media":52433,"comment_status":"open","ping_status":"open","sticky":false,"template":"","format":"standard","meta":{"footnotes":""},"categories":[3],"tags":[],"class_list":["post-52432","post","type-post","status-publish","format-standard","has-post-thumbnail","hentry","category-event-more-news"],"_links":{"self":[{"href":"https:\/\/dekkbi.com\/index.php?rest_route=\/wp\/v2\/posts\/52432","targetHints":{"allow":["GET"]}}],"collection":[{"href":"https:\/\/dekkbi.com\/index.php?rest_route=\/wp\/v2\/posts"}],"about":[{"href":"https:\/\/dekkbi.com\/index.php?rest_route=\/wp\/v2\/types\/post"}],"author":[{"embeddable":true,"href":"https:\/\/dekkbi.com\/index.php?rest_route=\/wp\/v2\/users\/1"}],"replies":[{"embeddable":true,"href":"https:\/\/dekkbi.com\/index.php?rest_route=%2Fwp%2Fv2%2Fcomments&post=52432"}],"version-history":[{"count":1,"href":"https:\/\/dekkbi.com\/index.php?rest_route=\/wp\/v2\/posts\/52432\/revisions"}],"predecessor-version":[{"id":52434,"href":"https:\/\/dekkbi.com\/index.php?rest_route=\/wp\/v2\/posts\/52432\/revisions\/52434"}],"wp:featuredmedia":[{"embeddable":true,"href":"https:\/\/dekkbi.com\/index.php?rest_route=\/wp\/v2\/media\/52433"}],"wp:attachment":[{"href":"https:\/\/dekkbi.com\/index.php?rest_route=%2Fwp%2Fv2%2Fmedia&parent=52432"}],"wp:term":[{"taxonomy":"category","embeddable":true,"href":"https:\/\/dekkbi.com\/index.php?rest_route=%2Fwp%2Fv2%2Fcategories&post=52432"},{"taxonomy":"post_tag","embeddable":true,"href":"https:\/\/dekkbi.com\/index.php?rest_route=%2Fwp%2Fv2%2Ftags&post=52432"}],"curies":[{"name":"wp","href":"https:\/\/api.w.org\/{rel}","templated":true}]}}