{"id":52428,"date":"2025-02-24T10:18:10","date_gmt":"2025-02-24T10:18:10","guid":{"rendered":"https:\/\/dekkbi.com\/?p=52428"},"modified":"2025-02-24T10:18:10","modified_gmt":"2025-02-24T10:18:10","slug":"projet-dinsertion-professionnelle-des-jeunes-et-des-femmes-534-entreprises-enrolees-pour-866-stages-decroches","status":"publish","type":"post","link":"https:\/\/dekkbi.com\/?p=52428","title":{"rendered":"Projet d\u2019insertion professionnelle des jeunes et des femmes: 534 entreprises enr\u00f4l\u00e9es pour 866 stages d\u00e9croch\u00e9s"},"content":{"rendered":"\n<p>866 jeunes dipl\u00f4m\u00e9s ont int\u00e9gr\u00e9 le milieu professionnel \u00e0 travers la premi\u00e8re phase du Projet d\u2019insertion professionnelle des jeunes et des femmes (Paijef). La c\u00e9r\u00e9monie de lancement de cette premi\u00e8re phase s\u2019est tenue jeudi \u00e0 Diamniadio, sous la pr\u00e9sidence de Moustapha Ndieck Sarr\u00e9, ministre de la Formation professionnelle.&nbsp;\u00abPour la composante bourse de stage, dans les 14 r\u00e9gions, 345 entreprises ont \u00e9t\u00e9 enr\u00f4l\u00e9es et 462 jeunes ins\u00e9r\u00e9s \u00e0 travers des contrats de stage (\u2026) Pour la composante Contrat \u00e0 dur\u00e9e d\u00e9termin\u00e9e (Cdd), 189 entreprises ont \u00e9t\u00e9 enr\u00f4l\u00e9es et 404 jeunes ins\u00e9r\u00e9s\u00bb, a indiqu\u00e9 le ministre dans son allocution. Ce qui fait un total de 866 enr\u00f4l\u00e9s pour 534 entreprises mises \u00e0 contribution. \u00abCes r\u00e9sultats ont \u00e9t\u00e9 possibles gr\u00e2ce \u00e0 l\u2019implication et \u00e0 l\u2019engagement des agences r\u00e9gionales de d\u00e9veloppement et de la Direction de l\u2019emploi\u00bb, a soulign\u00e9 M. Sarr\u00e9. \u00abIl s\u2019agit, en repensant radicalement la formation des jeunes et en augmentant consid\u00e9rablement le nombre de jeunes form\u00e9s dans les m\u00e9tiers techniques, d\u2019apporter une solution structurante et durable \u00e0 l\u2019insertion professionnelle des jeunes et des femmes\u00bb, a-t-il synth\u00e9tis\u00e9 le Paijef s\u2019inscrivant, selon son propos, en droite ligne de l\u2019agenda national de transformation Vision S\u00e9n\u00e9gal 2050.<\/p>\n\n\n\n<p>\u00abCes stages sont con\u00e7us comme de v\u00e9ritables tremplins permettant \u00e0 ces jeunes de mettre en pratique leurs connaissances th\u00e9oriques, de d\u00e9velopper leurs comp\u00e9tences techniques et interpersonnelles et de se familiariser avec les exigences du monde du travail\u00bb, a not\u00e9 le ministre Moussa Bala Fofana, magnifiant l\u2019approche territoriale dans la r\u00e9alisation du projet.<\/p>\n\n\n\n<p>\u00abLe projet d\u2019appui \u00e0 l\u2019insertion des jeunes et des femmes form\u00e9s est une ambition nationale, mais une action locale au service de tous les territoires\u00bb, s\u2019est-il ainsi r\u00e9joui.<\/p>\n\n\n\n<p>L\u2019ambition, \u00e0 travers le Paijef, est d\u2019ins\u00e9rer trois mille jeunes et femmes form\u00e9s, a not\u00e9 Abass Fall, ministre du Travail, de l\u2019emploi et des relations avec les institutions. \u00abNous restons convaincus que l\u2019\u00e9viction du ch\u00f4mage passe par une meilleure adaptation des comp\u00e9tences aux besoins du march\u00e9 du travail, le d\u00e9veloppement de l\u2019entrepreneuriat et le renforcement des dispositifs d\u2019accompagnement vers l\u2019emploi formel\u00bb, a-t-il dit, r\u00e9affirmant le soutien de son d\u00e9partement dans cette voie. Il a ainsi promis un accompagnement adapt\u00e9 et une meilleure articulation entre formation et emploi sur tout le territoire national.<\/p>\n\n\n\n<p><strong>Le Paijef est r\u00e9alis\u00e9 avec le soutien de la Coop\u00e9ration italienne au d\u00e9veloppement.<\/strong><\/p>\n\n\n\n<p>\u00abSi nous avons atteint ces r\u00e9sultats, c\u2019est gr\u00e2ce au soutien de la R\u00e9publique d\u2019Italie \u00e0 travers l\u2019Agence italienne de coop\u00e9ration au d\u00e9veloppement, qui a compris l\u2019urgence de soutenir les politiques d\u2019insertion des jeunes\u00bb, a relev\u00e9 en cela le ministre Sarr\u00e9, sous l\u2019\u0153il de l\u2019ambassadrice de ce pays, pr\u00e9sente \u00e0 la c\u00e9r\u00e9monie.<\/p>\n\n\n\n<p><strong>Par Alioune Badara NDIAYE  &#8211; <strong>&#8211; abndiaye@lequotidien.sn<\/strong><\/strong> <strong>(Correspondant)<\/strong><\/p>\n","protected":false},"excerpt":{"rendered":"<p>866 jeunes dipl\u00f4m\u00e9s ont int\u00e9gr\u00e9 le milieu professionnel \u00e0 travers la premi\u00e8re phase du Projet d\u2019insertion professionnelle des jeunes et<\/p>\n","protected":false},"author":1,"featured_media":52429,"comment_status":"open","ping_status":"open","sticky":false,"template":"","format":"standard","meta":{"footnotes":""},"categories":[3],"tags":[],"class_list":["post-52428","post","type-post","status-publish","format-standard","has-post-thumbnail","hentry","category-event-more-news"],"_links":{"self":[{"href":"https:\/\/dekkbi.com\/index.php?rest_route=\/wp\/v2\/posts\/52428","targetHints":{"allow":["GET"]}}],"collection":[{"href":"https:\/\/dekkbi.com\/index.php?rest_route=\/wp\/v2\/posts"}],"about":[{"href":"https:\/\/dekkbi.com\/index.php?rest_route=\/wp\/v2\/types\/post"}],"author":[{"embeddable":true,"href":"https:\/\/dekkbi.com\/index.php?rest_route=\/wp\/v2\/users\/1"}],"replies":[{"embeddable":true,"href":"https:\/\/dekkbi.com\/index.php?rest_route=%2Fwp%2Fv2%2Fcomments&post=52428"}],"version-history":[{"count":1,"href":"https:\/\/dekkbi.com\/index.php?rest_route=\/wp\/v2\/posts\/52428\/revisions"}],"predecessor-version":[{"id":52430,"href":"https:\/\/dekkbi.com\/index.php?rest_route=\/wp\/v2\/posts\/52428\/revisions\/52430"}],"wp:featuredmedia":[{"embeddable":true,"href":"https:\/\/dekkbi.com\/index.php?rest_route=\/wp\/v2\/media\/52429"}],"wp:attachment":[{"href":"https:\/\/dekkbi.com\/index.php?rest_route=%2Fwp%2Fv2%2Fmedia&parent=52428"}],"wp:term":[{"taxonomy":"category","embeddable":true,"href":"https:\/\/dekkbi.com\/index.php?rest_route=%2Fwp%2Fv2%2Fcategories&post=52428"},{"taxonomy":"post_tag","embeddable":true,"href":"https:\/\/dekkbi.com\/index.php?rest_route=%2Fwp%2Fv2%2Ftags&post=52428"}],"curies":[{"name":"wp","href":"https:\/\/api.w.org\/{rel}","templated":true}]}}