{"id":52419,"date":"2025-02-24T10:02:58","date_gmt":"2025-02-24T10:02:58","guid":{"rendered":"https:\/\/dekkbi.com\/?p=52419"},"modified":"2025-02-24T10:02:58","modified_gmt":"2025-02-24T10:02:58","slug":"archidiocese-de-dakar-mgr-andre-gueye-remplace-mgr-benjamin-ndiaye","status":"publish","type":"post","link":"https:\/\/dekkbi.com\/?p=52419","title":{"rendered":"Archidioc\u00e8se de Dakar : Mgr Andr\u00e9 Gu\u00e8ye remplace Mgr Benjamin Ndiaye"},"content":{"rendered":"\n<p><strong>Le pape Fran\u00e7ois a nomm\u00e9, le samedi 22 f\u00e9vrier dernier, Monseigneur Andr\u00e9 Gu\u00e8ye, \u00e9v\u00eaque de Thi\u00e8s et administrateur apostolique de Saint-Louis du S\u00e9n\u00e9gal, nouvel archev\u00eaque m\u00e9tropolitain de Dakar en remplacement de Monseigneur Benjamin Ndiaye. Dans un communiqu\u00e9 rendu public, le service presse du Vatican a indiqu\u00e9 que cette d\u00e9cision du Saint P\u00e8re fait suite au renoncement de Monseigneur Benjamin Ndiaye au gouvernement pastoral.<\/strong><\/p>\n\n\n\n<p>Changement \u00e0 la t\u00eate de l\u2019Archidioc\u00e8se de Dakar. Le pape Fran\u00e7ois a nomm\u00e9 le samedi 22 f\u00e9vrier dernier, Monseigneur Andr\u00e9 Gu\u00e8ye, \u00e9v\u00eaque de Thi\u00e8s et administrateur apostolique de Saint-Louis du S\u00e9n\u00e9gal, nouvel archev\u00eaque m\u00e9tropolitain de Dakar, en remplacement de Monseigneur Benjamin Ndiaye. Cette d\u00e9cision fait suite au renoncement de Monseigneur Benjamin Ndiaye au gouvernement pastoral, a indiqu\u00e9 le service presse du Vatican dans un communiqu\u00e9 rendu public. N\u00e9 le 28 octobre 1948 \u00e0 Fadiouth, le d\u00e9sormais ancien archev\u00eaque de Dakar a atteint la limite d\u2019\u00e2ge pour exercer la charge d\u2019\u00e9v\u00eaque fix\u00e9e \u00e0 75 ans par le Code du droit canonique. En effet, selon le Canon 401 \u00a71 : \u00ab&nbsp;Un \u00e9v\u00eaque dioc\u00e9sain doit pr\u00e9senter sa d\u00e9mission au Pape lorsqu\u2019il atteint 75 ans. Le pape peut alors accepter ou prolonger son minist\u00e8re selon les circonstances&nbsp;\u00bb.<\/p>\n\n\n\n<p>Quatri\u00e8me archev\u00eaque autochtone de Dakar apr\u00e8s Cardinal Hyacinthe Thiandoum, Cardinal Th\u00e9odore Adrien Sarr et Monseigneur Benjamin Ndiaye, Andr\u00e9 Gu\u00e8ye, n\u00e9 le 6 janvier 1967 \u00e0 Pallo-Younga (57 ans), a fait ses \u00e9tudes philosophiques au Grand S\u00e9minaire, Fran\u00e7ois Libermann de S\u00e9bikhotane (Dakar) et au S\u00e9minaire Saint Jean Marie Vianney de Brin&nbsp;(Ziguinchor) avant de s\u2019envoler vers Rome pour ses \u00e9tudes de la th\u00e9ologie \u00e0 l\u2019universit\u00e9\u0301 Pontificale Uranienne. Ordonn\u00e9 pr\u00eatre le 27 juin 1992 dans la cath\u00e9drale Sainte Anne de Thi\u00e8s, Andr\u00e9 Gu\u00e8ye a exerc\u00e9 diverses fonctions au sein du dioc\u00e8se de Thi\u00e8s. Vicaire paroissial \u00e0 la paroisse Sainte Croix de Bambey de 1992 \u00e01997, puis vicaire paroissial \u00e0 la paroisse Cath\u00e9drale Sainte Anne de Thi\u00e8s de 1997 \u00e0 2004, il a \u00e9t\u00e9 aussi Cur\u00e9 de la paroisse Saint-Cur\u00e9 d\u2019Ars de Fand\u00e8ne de 2004 \u00e0 2006 avant de se lancer dans la formation des futures pr\u00eates comme professeur de philosophie au S\u00e9minaire Saint-Jean-Marie Vianney de Brin (2006-2021). Le 18 janvier 2013, il a \u00e9t\u00e9 nomm\u00e9 \u00e9v\u00eaque de Thi\u00e8s en remplacement de Mgr Jacques Sarr, rappel\u00e9 \u00e0 Dieu le 18 janvier 2011.<\/p>\n\n\n\n<p><strong>NANDO CABRAL GOMIS<\/strong><br>SUDQUOTIDIEN<\/p>\n","protected":false},"excerpt":{"rendered":"<p>Le pape Fran\u00e7ois a nomm\u00e9, le samedi 22 f\u00e9vrier dernier, Monseigneur Andr\u00e9 Gu\u00e8ye, \u00e9v\u00eaque de Thi\u00e8s et administrateur apostolique de<\/p>\n","protected":false},"author":1,"featured_media":52420,"comment_status":"open","ping_status":"open","sticky":false,"template":"","format":"standard","meta":{"footnotes":""},"categories":[21],"tags":[],"class_list":["post-52419","post","type-post","status-publish","format-standard","has-post-thumbnail","hentry","category-societe"],"_links":{"self":[{"href":"https:\/\/dekkbi.com\/index.php?rest_route=\/wp\/v2\/posts\/52419","targetHints":{"allow":["GET"]}}],"collection":[{"href":"https:\/\/dekkbi.com\/index.php?rest_route=\/wp\/v2\/posts"}],"about":[{"href":"https:\/\/dekkbi.com\/index.php?rest_route=\/wp\/v2\/types\/post"}],"author":[{"embeddable":true,"href":"https:\/\/dekkbi.com\/index.php?rest_route=\/wp\/v2\/users\/1"}],"replies":[{"embeddable":true,"href":"https:\/\/dekkbi.com\/index.php?rest_route=%2Fwp%2Fv2%2Fcomments&post=52419"}],"version-history":[{"count":1,"href":"https:\/\/dekkbi.com\/index.php?rest_route=\/wp\/v2\/posts\/52419\/revisions"}],"predecessor-version":[{"id":52421,"href":"https:\/\/dekkbi.com\/index.php?rest_route=\/wp\/v2\/posts\/52419\/revisions\/52421"}],"wp:featuredmedia":[{"embeddable":true,"href":"https:\/\/dekkbi.com\/index.php?rest_route=\/wp\/v2\/media\/52420"}],"wp:attachment":[{"href":"https:\/\/dekkbi.com\/index.php?rest_route=%2Fwp%2Fv2%2Fmedia&parent=52419"}],"wp:term":[{"taxonomy":"category","embeddable":true,"href":"https:\/\/dekkbi.com\/index.php?rest_route=%2Fwp%2Fv2%2Fcategories&post=52419"},{"taxonomy":"post_tag","embeddable":true,"href":"https:\/\/dekkbi.com\/index.php?rest_route=%2Fwp%2Fv2%2Ftags&post=52419"}],"curies":[{"name":"wp","href":"https:\/\/api.w.org\/{rel}","templated":true}]}}