{"id":52410,"date":"2025-02-24T09:40:41","date_gmt":"2025-02-24T09:40:41","guid":{"rendered":"https:\/\/dekkbi.com\/?p=52410"},"modified":"2025-02-24T09:40:41","modified_gmt":"2025-02-24T09:40:41","slug":"accord-avec-le-mfdc-a-bissau-sonko-reprend-langue-avec-laile-de-atoute-badiate","status":"publish","type":"post","link":"https:\/\/dekkbi.com\/?p=52410","title":{"rendered":"Accord avec le Mfdc \u00e0 Bissau Sonko reprend langue avec l\u2019aile de Atoute Badiate"},"content":{"rendered":"\n<p><strong>Bissau et Dakar ont scell\u00e9 un accord de paix avec le Mfdc lors de la visite du Premier ministre dans la capitale bissau-guin\u00e9enne. Il semblerait qu\u2019il s\u2019agisse de la continuit\u00e9 de celui sign\u00e9 le 4 ao\u00fbt 2022 avec C\u00e9sar Atoute Badiate et une d\u00e9l\u00e9gation envoy\u00e9e par le Pr\u00e9sident Macky Sall.<\/strong><strong>Par B.S. \u2013&nbsp;<\/strong><\/p>\n\n\n\n<p>A Bissau, une \u00e9tape suppl\u00e9mentaire a \u00e9t\u00e9 franchie dans le processus de paix en Casamance. La visite du Premier ministre, Ousmane Sonko, dans la capitale bissau-guin\u00e9enne, a \u00e9t\u00e9 marqu\u00e9e par la conclusion d\u2019un accord de cessez-le-feu d\u00e9finitif dans le conflit casaman\u00e7ais sous l\u2019\u00e9gide du Pr\u00e9sident bissau-guin\u00e9en, Umaro Sissoco Embal\u00f3. \u00abNous avons pu participer \u00e0 la conclusion de cet accord important qui constitue un tr\u00e8s grand pas vers la paix d\u00e9finitive en Casamance\u00bb, a salu\u00e9 Ousmane Sonko, lors d\u2019un point de presse au palais de la R\u00e9publique de Guin\u00e9e-Bissau, en compagnie du chef de l\u2019Etat bissau-guin\u00e9en et de son Premier ministre, Rui Duarte Barros. Il poursuit : \u00abNous \u00e9tions porteur d\u2019un message de son excellence le Pr\u00e9sident Bassirou Diomaye Diakhar Faye. En marge de cela, nous avons eu \u00e0 cl\u00f4turer les travaux portant sur les n\u00e9gociations entre le Mfdc et l\u2019Etat du S\u00e9n\u00e9gal.\u00bb En \u00e9cho, Umaro Sissoco Embal\u00f3 a magnifi\u00e9 les relations entre la Guin\u00e9e-Bissau et le S\u00e9n\u00e9gal, tout en soulignant, lors de ce point presse conjoint, l\u2019importance historique de cet accord pour la stabilit\u00e9 r\u00e9gionale.<br>Bien qu\u2019officiellement il n\u2019ait pas \u00e9t\u00e9 pr\u00e9cis\u00e9 les factions avec lesquelles l\u2019Etat a sign\u00e9 cet accord dit historique, les informations parvenues au journal Le Quotidien ont indiqu\u00e9 qu\u2019il s\u2019agissait d\u2019une continuit\u00e9 des accords du 4 ao\u00fbt 2022 conclus avec C\u00e9sar Atoute Badiate, qui \u00e9tait venu \u00e0 Bissau pour parapher le document. Le chef rebelle s\u2019\u00e9tait engag\u00e9 \u00e0 d\u00e9poser les armes et \u00e0 \u0153uvrer pour le retour de la paix dans cette r\u00e9gion, d\u00e9figur\u00e9e par une r\u00e9bellion arm\u00e9e men\u00e9e par le Mouvement des forces d\u00e9mocratiques de Casamance (Mfdc), qui a d\u00e9but\u00e9 en 1982.<br>Il faut savoir que le 13 mai 2023, 250 combattants du Mfdc ont d\u00e9pos\u00e9 les armes lors d\u2019une c\u00e9r\u00e9monie organis\u00e9e \u00e0 Mongone, une localit\u00e9 du d\u00e9partement de Bignona, qui abritait par le pass\u00e9 une importante base du mouvement irr\u00e9dentiste. Il faut aussi rappeler que le chef rebelle Badiate a \u00e9t\u00e9 condamn\u00e9 par contumace en juin \u00e0 Ziguinchor, principale ville de Casamance, \u00e0 la prison \u00e0 perp\u00e9tuit\u00e9 pour assassinat et insurrection arm\u00e9e, en lien avec le massacre en janvier 2018 de 14 hommes dans cette r\u00e9gion. Cela n\u2019a pas emp\u00each\u00e9 les autorit\u00e9s s\u00e9n\u00e9galaises, d\u2019abord Macky Sall, et ensuite Ousmane Sonko, au nom de Bassirou Diomaye Faye, en viennent \u00e0 faire table rase du pass\u00e9 et signer un accord dit d\u00e9finitif avec lui. Il reste \u00e0 savoir si son exemple sera un jour suivi par Salif Sadio, entre autres.<br>bsakho@lequotidien.sn<\/p>\n","protected":false},"excerpt":{"rendered":"<p>Bissau et Dakar ont scell\u00e9 un accord de paix avec le Mfdc lors de la visite du Premier ministre dans<\/p>\n","protected":false},"author":1,"featured_media":52411,"comment_status":"open","ping_status":"open","sticky":false,"template":"","format":"standard","meta":{"footnotes":""},"categories":[6],"tags":[],"class_list":["post-52410","post","type-post","status-publish","format-standard","has-post-thumbnail","hentry","category-politics"],"_links":{"self":[{"href":"https:\/\/dekkbi.com\/index.php?rest_route=\/wp\/v2\/posts\/52410","targetHints":{"allow":["GET"]}}],"collection":[{"href":"https:\/\/dekkbi.com\/index.php?rest_route=\/wp\/v2\/posts"}],"about":[{"href":"https:\/\/dekkbi.com\/index.php?rest_route=\/wp\/v2\/types\/post"}],"author":[{"embeddable":true,"href":"https:\/\/dekkbi.com\/index.php?rest_route=\/wp\/v2\/users\/1"}],"replies":[{"embeddable":true,"href":"https:\/\/dekkbi.com\/index.php?rest_route=%2Fwp%2Fv2%2Fcomments&post=52410"}],"version-history":[{"count":1,"href":"https:\/\/dekkbi.com\/index.php?rest_route=\/wp\/v2\/posts\/52410\/revisions"}],"predecessor-version":[{"id":52412,"href":"https:\/\/dekkbi.com\/index.php?rest_route=\/wp\/v2\/posts\/52410\/revisions\/52412"}],"wp:featuredmedia":[{"embeddable":true,"href":"https:\/\/dekkbi.com\/index.php?rest_route=\/wp\/v2\/media\/52411"}],"wp:attachment":[{"href":"https:\/\/dekkbi.com\/index.php?rest_route=%2Fwp%2Fv2%2Fmedia&parent=52410"}],"wp:term":[{"taxonomy":"category","embeddable":true,"href":"https:\/\/dekkbi.com\/index.php?rest_route=%2Fwp%2Fv2%2Fcategories&post=52410"},{"taxonomy":"post_tag","embeddable":true,"href":"https:\/\/dekkbi.com\/index.php?rest_route=%2Fwp%2Fv2%2Ftags&post=52410"}],"curies":[{"name":"wp","href":"https:\/\/api.w.org\/{rel}","templated":true}]}}