{"id":52406,"date":"2025-02-21T16:53:52","date_gmt":"2025-02-21T16:53:52","guid":{"rendered":"https:\/\/dekkbi.com\/?p=52406"},"modified":"2025-02-21T16:53:52","modified_gmt":"2025-02-21T16:53:52","slug":"rivesaltes-les-corps-de-60-harkis-transferes-en-1986-dans-un-cimetiere-selon-le-maire","status":"publish","type":"post","link":"https:\/\/dekkbi.com\/?p=52406","title":{"rendered":"Rivesaltes: les corps de 60 harkis transf\u00e9r\u00e9s en 1986 dans un cimeti\u00e8re, selon le maire"},"content":{"rendered":"\n<p>Les ossements de 60 harkis d\u00e9c\u00e9d\u00e9s et inhum\u00e9s sans s\u00e9pulture au camp de Rivesaltes entre 1962 et 1964 ont \u00e9t\u00e9 transf\u00e9r\u00e9s en 1986 dans un cimeti\u00e8re de la ville, a r\u00e9v\u00e9l\u00e9 vendredi devant les familles le maire de cette commune des Pyr\u00e9n\u00e9es-Orientales.<\/p>\n\n\n\n<p>L&rsquo;\u00e9dile Andr\u00e9 Bascou, en poste depuis 1983, a pr\u00e9sent\u00e9 ses excuses aux familles qui cherchent \u00e0 savoir o\u00f9 ont \u00e9t\u00e9 enterr\u00e9s une soixantaine de corps, dont ceux de 52 b\u00e9b\u00e9s, et \u00e0 leur offrir une \u00ab\u00a0s\u00e9pulture digne\u00a0\u00bb.<\/p>\n\n\n\n<p>\u00ab\u00a0Entre le 15 et le 19 septembre 1986, les corps ont \u00e9t\u00e9 exhum\u00e9s et inhum\u00e9s au cimeti\u00e8re Saint-Saturnin. Je ne sais pas pr\u00e9cis\u00e9ment o\u00f9 ils se trouvent\u00a0\u00bb, a d\u00e9clar\u00e9 le maire octog\u00e9naire, regrettant de ne pas avoir contact\u00e9 les familles \u00ab\u00a0\u00e0 l&rsquo;\u00e9poque\u00a0\u00bb.<\/p>\n\n\n\n<p>Dans la salle de la mairie de Rivesaltes, une trentaine de proches de ces enfants d\u00e9funts, venus chercher des r\u00e9ponses sur les d\u00e9pouilles disparues, ont montr\u00e9 col\u00e8re et incompr\u00e9hension, ont constat\u00e9 des journalistes de l&rsquo;AFP.<\/p>\n\n\n\n<p>Venue pour l&rsquo;occasion, Patricia Mirall\u00e8s, ministre d\u00e9l\u00e9gu\u00e9e en charge de la m\u00e9moire et des anciens combattants, qui avait r\u00e9clam\u00e9 en octobre 2023 la tenue de fouilles sur le camp Joffre de Rivesaltes, a salu\u00e9 la tenue de cette r\u00e9union mais r\u00e9clam\u00e9 que le maire de Rivesaltes fasse \u00ab\u00a0la lumi\u00e8re sur tout ce qui s&rsquo;est pass\u00e9, avec des archives que nous avons nous-m\u00eames retrouv\u00e9s au minist\u00e8re des Arm\u00e9es\u00a0\u00bb.<\/p>\n\n\n\n<p>\u00ab\u00a0Les d\u00e9pouilles sont aujourd&rsquo;hui dans le cimeti\u00e8re de Rivesaltes\u00a0\u00bb, a-t-elle ajout\u00e9 devant la presse, \u00ab\u00a0je crois qu&rsquo;on est dans la reconnaissance\u00a0\u00bb.<\/p>\n\n\n\n<p>Mais \u00ab\u00a0on doit r\u00e9pondre \u00e0 toutes les familles. On doit avancer. On va continuer \u00e0 faire la lumi\u00e8re pour leur montrer qu&rsquo;on n&rsquo;a rien \u00e0 cacher\u00a0\u00bb, a-t-elle encore d\u00e9clar\u00e9.<\/p>\n\n\n\n<p>A l&rsquo;automne dernier, des tombes d&rsquo;enfants harkis d\u00e9c\u00e9d\u00e9s entre 1962 et 1964 ont \u00e9t\u00e9 d\u00e9couvertes lors de fouilles demand\u00e9es par les familles, mais elles \u00e9taient d\u00e9pourvues d&rsquo;ossements.<\/p>\n\n\n\n<p>Apr\u00e8s l&rsquo;ind\u00e9pendance de l&rsquo;Alg\u00e9rie en 1962, 21.000 harkis &#8211; ces Fran\u00e7ais musulmans recrut\u00e9s comme auxiliaires de l&rsquo;arm\u00e9e fran\u00e7aise pendant la guerre &#8211; et leurs familles ont transit\u00e9 par le camp de Rivesaltes, pr\u00e8s de Perpignan.<\/p>\n\n\n\n<p>Une st\u00e8le comm\u00e9morative d\u00e9di\u00e9e aux harkis y recense 146 noms de personnes d\u00e9c\u00e9d\u00e9es, dont 101 enfants, parmi lesquels 86 de moins d&rsquo;un an.<\/p>\n","protected":false},"excerpt":{"rendered":"<p>Les ossements de 60 harkis d\u00e9c\u00e9d\u00e9s et inhum\u00e9s sans s\u00e9pulture au camp de Rivesaltes entre 1962 et 1964 ont \u00e9t\u00e9<\/p>\n","protected":false},"author":1,"featured_media":52407,"comment_status":"open","ping_status":"open","sticky":false,"template":"","format":"standard","meta":{"footnotes":""},"categories":[51],"tags":[],"class_list":["post-52406","post","type-post","status-publish","format-standard","has-post-thumbnail","hentry","category-general"],"_links":{"self":[{"href":"https:\/\/dekkbi.com\/index.php?rest_route=\/wp\/v2\/posts\/52406","targetHints":{"allow":["GET"]}}],"collection":[{"href":"https:\/\/dekkbi.com\/index.php?rest_route=\/wp\/v2\/posts"}],"about":[{"href":"https:\/\/dekkbi.com\/index.php?rest_route=\/wp\/v2\/types\/post"}],"author":[{"embeddable":true,"href":"https:\/\/dekkbi.com\/index.php?rest_route=\/wp\/v2\/users\/1"}],"replies":[{"embeddable":true,"href":"https:\/\/dekkbi.com\/index.php?rest_route=%2Fwp%2Fv2%2Fcomments&post=52406"}],"version-history":[{"count":1,"href":"https:\/\/dekkbi.com\/index.php?rest_route=\/wp\/v2\/posts\/52406\/revisions"}],"predecessor-version":[{"id":52408,"href":"https:\/\/dekkbi.com\/index.php?rest_route=\/wp\/v2\/posts\/52406\/revisions\/52408"}],"wp:featuredmedia":[{"embeddable":true,"href":"https:\/\/dekkbi.com\/index.php?rest_route=\/wp\/v2\/media\/52407"}],"wp:attachment":[{"href":"https:\/\/dekkbi.com\/index.php?rest_route=%2Fwp%2Fv2%2Fmedia&parent=52406"}],"wp:term":[{"taxonomy":"category","embeddable":true,"href":"https:\/\/dekkbi.com\/index.php?rest_route=%2Fwp%2Fv2%2Fcategories&post=52406"},{"taxonomy":"post_tag","embeddable":true,"href":"https:\/\/dekkbi.com\/index.php?rest_route=%2Fwp%2Fv2%2Ftags&post=52406"}],"curies":[{"name":"wp","href":"https:\/\/api.w.org\/{rel}","templated":true}]}}