{"id":52380,"date":"2025-02-21T16:01:02","date_gmt":"2025-02-21T16:01:02","guid":{"rendered":"https:\/\/dekkbi.com\/?p=52380"},"modified":"2025-02-21T16:26:14","modified_gmt":"2025-02-21T16:26:14","slug":"manque-dinvestissements-publics-et-de-services-de-credit-insuffisance-des-paturages-de-fourrage-et-de-points-deau-forte-incidence-des-maladies-animales-lelevage-en-quet","status":"publish","type":"post","link":"https:\/\/dekkbi.com\/?p=52380","title":{"rendered":"Journ\u00e9e nationale de l\u2019\u00c9levage"},"content":{"rendered":"\n<p><strong>Manque d\u2019investissements publics  et de services de cr\u00e9dit, insuffisance des p\u00e2turages, de fourrage et de points d\u2019eau, forte incidence des maladies animales : l\u2019\u00e9levage en qu\u00eate de panac\u00e9e <\/strong><\/p>\n\n\n\n<p><strong>Le S\u00e9n\u00e9gal c\u00e9l\u00e8bre demain, samedi 22 f\u00e9vrier 2025, la , un sous-secteur d\u2019une\u00a0 importance strat\u00e9gique pour l\u2019\u00e9conomie et la souverainet\u00e9 alimentaire du pays. Malgr\u00e9 son potentiel, l\u2019\u00e9levage reste cependant sous-exploit\u00e9, bien que pratiqu\u00e9 par 29,5 % des m\u00e9nages s\u00e9n\u00e9galais, soit 476 668 foyers. Ce secteur pourrait pourtant offrir de grandes opportunit\u00e9s en mati\u00e8re de revenus, d\u2019emplois et de renforcement de la r\u00e9silience face aux crises alimentaires.<\/strong><\/p>\n\n\n\n<p><strong>&nbsp;<\/strong>Le sous-secteur de l\u2019Elevage joue un r\u00f4le cl\u00e9 pour l\u2019\u00e9conomie et la souverainet\u00e9 alimentaire. Cependant, les politiques de d\u00e9veloppement du cheptel n\u2019ont jamais permis aux acteurs de surmonter les contraintes majeures telles que le manque d\u2019investissements publics et de services de cr\u00e9dit, l\u2019insuffisance des p\u00e2turages, du fourrage et des points d\u2019eau, ainsi que la forte incidence des maladies animales. Tous ces facteurs font que le S\u00e9n\u00e9gal peine toujours \u00e0 atteindre l\u2019autosuffisance en viande et en lait malgr\u00e9 les diff\u00e9rentes politiques mises en place par les r\u00e9gimes pr\u00e9c\u00e9dents. Conscientes de ces enjeux cruciaux, les nouvelles autorit\u00e9s semblent d\u00e9termin\u00e9es \u00e0 exploiter pleinement le potentiel de l\u2019\u00e9levage par l\u2019entremise de r\u00e9formes ambitieuses. Ce sous-secteur repr\u00e9sente en effet 28,5 % de la valeur ajout\u00e9e du secteur primaire et 4,3 % du Produit int\u00e9rieur brut (PIB), justifiant ainsi la n\u00e9cessit\u00e9 de politiques publiques adapt\u00e9es.<\/p>\n\n\n\n<p>En milieu rural, l\u2019\u00e9levage est encore plus d\u00e9terminant, avec 47 % des m\u00e9nages ruraux qui en d\u00e9pendent pour leurs besoins en prot\u00e9ines animales et leurs revenus. Ces derniers permettent notamment de couvrir les d\u00e9penses de sant\u00e9 et d\u2019\u00e9ducation des enfants. De plus, l\u2019\u00e9levage soutient efficacement les syst\u00e8mes agricoles mixtes, combinant production agricole et \u00e9levage.<\/p>\n\n\n\n<p><strong>De nouvelles mesures pour dynamiser le secteur<\/strong><\/p>\n\n\n\n<p><strong>&nbsp;<\/strong>\u00c0 l\u2019approche de la Journ\u00e9e nationale de l\u2019\u00c9levage, le Conseil des ministres de mercredi &nbsp;a mis en avant des actions prioritaires. Le Pr\u00e9sident de la R\u00e9publique, Bassirou Diomaye Faye, a demand\u00e9 au Premier ministre et au ministre en charge de l\u2019\u00c9levage d\u2019acc\u00e9l\u00e9rer l\u2019actualisation du Programme national de production fourrag\u00e8re. Cette initiative vise \u00e0 garantir une meilleure ma\u00eetrise des prix de l\u2019alimentation du b\u00e9tail et \u00e0 mettre en place une strat\u00e9gie efficace de lutte contre les feux de brousse.<\/p>\n\n\n\n<p>Dans cette m\u00eame dynamique, le Chef de l\u2019\u00c9tat a ordonn\u00e9 l\u2019ex\u00e9cution imm\u00e9diate d\u2019un plan d\u2019am\u00e9nagement des parcours du b\u00e9tail et des zones de p\u00e2turage, en particulier dans la zone sylvo-pastorale. Il a \u00e9galement insist\u00e9 sur la n\u00e9cessit\u00e9 d\u2019un recensement national r\u00e9gulier du cheptel, afin d\u2019optimiser les ressources et les interventions de l\u2019\u00c9tat dans le secteur.<\/p>\n\n\n\n<p><strong>Lutte contre l\u2019ins\u00e9curit\u00e9 et le vol de b\u00e9tail et promotion des fili\u00e8res avicoles et laiti\u00e8res<\/strong><\/p>\n\n\n\n<p>La s\u00e9curisation du b\u00e9tail figure aussi parmi les priorit\u00e9s. Le Pr\u00e9sident Bassirou Diomaye Faye a instruit le ministre des Forces arm\u00e9es et celui de l\u2019Int\u00e9rieur de renforcer les actions pr\u00e9ventives contre le vol de b\u00e9tail. Par ailleurs, il a demand\u00e9 un recensement exhaustif des infrastructures et \u00e9quipements pastoraux r\u00e9alis\u00e9s par l\u2019\u00c9tat, afin d\u2019en optimiser l\u2019exploitation et l\u2019entretien.<\/p>\n\n\n\n<p>Concernant la fili\u00e8re avicole, le Pr\u00e9sident a exhort\u00e9 les minist\u00e8res concern\u00e9s \u00e0 favoriser la production locale de viande et de lait, en encourageant la consommation des productions animales nationales. Il a \u00e9galement sollicit\u00e9 une r\u00e9forme du Fonds de Stabulation (FONSTAB), en revoyant les crit\u00e8res d\u2019attribution et les dotations financi\u00e8res.<\/p>\n\n\n\n<p><strong>Vers une modernisation durable du secteur<\/strong><\/p>\n\n\n\n<p><strong>&nbsp;<\/strong>Dans le cadre de cette vision ambitieuse, le gouvernement s\u2019engage aussi \u00e0 renforcer les ressources humaines sp\u00e9cialis\u00e9es, tout en poursuivant les campagnes de vaccination du cheptel et les recherches sur l\u2019am\u00e9lioration des races bovines.<\/p>\n\n\n\n<p>Toutes ces mesures, annonc\u00e9es \u00e0 l\u2019occasion de la Journ\u00e9e nationale de l\u2019\u00c9levage, t\u00e9moignent d\u2019une volont\u00e9 politique forte d\u2019accompagner les acteurs du secteur. Si elles sont appliqu\u00e9es avec rigueur et engagement, elles pourraient permettre de relever les d\u00e9fis de la souverainet\u00e9 alimentaire et d\u2019assurer un avenir prosp\u00e8re \u00e0 l\u2019\u00e9levage s\u00e9n\u00e9galais.<\/p>\n\n\n\n<p><strong>JEAN PIERRE MALOU<\/strong><\/p>\n","protected":false},"excerpt":{"rendered":"<p>Manque d\u2019investissements publics et de services de cr\u00e9dit, insuffisance des p\u00e2turages, de fourrage et de points d\u2019eau, forte incidence des<\/p>\n","protected":false},"author":1,"featured_media":52381,"comment_status":"open","ping_status":"open","sticky":false,"template":"","format":"standard","meta":{"footnotes":""},"categories":[3],"tags":[],"class_list":["post-52380","post","type-post","status-publish","format-standard","has-post-thumbnail","hentry","category-event-more-news"],"_links":{"self":[{"href":"https:\/\/dekkbi.com\/index.php?rest_route=\/wp\/v2\/posts\/52380","targetHints":{"allow":["GET"]}}],"collection":[{"href":"https:\/\/dekkbi.com\/index.php?rest_route=\/wp\/v2\/posts"}],"about":[{"href":"https:\/\/dekkbi.com\/index.php?rest_route=\/wp\/v2\/types\/post"}],"author":[{"embeddable":true,"href":"https:\/\/dekkbi.com\/index.php?rest_route=\/wp\/v2\/users\/1"}],"replies":[{"embeddable":true,"href":"https:\/\/dekkbi.com\/index.php?rest_route=%2Fwp%2Fv2%2Fcomments&post=52380"}],"version-history":[{"count":2,"href":"https:\/\/dekkbi.com\/index.php?rest_route=\/wp\/v2\/posts\/52380\/revisions"}],"predecessor-version":[{"id":52392,"href":"https:\/\/dekkbi.com\/index.php?rest_route=\/wp\/v2\/posts\/52380\/revisions\/52392"}],"wp:featuredmedia":[{"embeddable":true,"href":"https:\/\/dekkbi.com\/index.php?rest_route=\/wp\/v2\/media\/52381"}],"wp:attachment":[{"href":"https:\/\/dekkbi.com\/index.php?rest_route=%2Fwp%2Fv2%2Fmedia&parent=52380"}],"wp:term":[{"taxonomy":"category","embeddable":true,"href":"https:\/\/dekkbi.com\/index.php?rest_route=%2Fwp%2Fv2%2Fcategories&post=52380"},{"taxonomy":"post_tag","embeddable":true,"href":"https:\/\/dekkbi.com\/index.php?rest_route=%2Fwp%2Fv2%2Ftags&post=52380"}],"curies":[{"name":"wp","href":"https:\/\/api.w.org\/{rel}","templated":true}]}}