{"id":5238,"date":"2022-12-23T10:03:40","date_gmt":"2022-12-23T10:03:40","guid":{"rendered":"https:\/\/dekkbi.com\/?p=5238"},"modified":"2022-12-23T10:03:41","modified_gmt":"2022-12-23T10:03:41","slug":"trump-a-bel-et-bien-provoque-les-insurrectionnistes-conclut-la-commission-denquete","status":"publish","type":"post","link":"https:\/\/dekkbi.com\/?p=5238","title":{"rendered":"Trump a bel et bien provoqu\u00e9 les insurrectionnistes, conclut la commission d&rsquo;enqu\u00eate"},"content":{"rendered":"\n<p>La commission d\u2019enqu\u00eate parlementaire sur l\u2019assaut du Capitole le 6 janvier 2021 dans la capitale am\u00e9ricaine Washington a conclu que l\u2019ancien pr\u00e9sident r\u00e9publicain Donald Trump a, de mani\u00e8re intentionn\u00e9e, relay\u00e9 des fausses d\u00e9clarations sur les \u00e9lections pr\u00e9sidentielles de 2020 aux USA et provoqu\u00e9 l\u2019attaque par une meute de ses sympathisants.<\/p>\n\n\n\n<p><strong>R\u00e9daction&nbsp;<\/strong>23-12-22, 06:16&nbsp;<strong>Derni\u00e8re mise \u00e0 jour:<\/strong>&nbsp;07:44&nbsp;<strong>Source:<\/strong>&nbsp;BELGA<\/p>\n\n\n\n<ul class=\"wp-block-list\">\n<li><a href=\"https:\/\/www.facebook.com\/sharer\/sharer.php?u=https%3A%2F%2Fwww.7sur7.be%2Fmonde%2Ftrump-a-bel-et-bien-provoque-les-insurrectionnistes-conclut-la-commission-d-enquete%7Ea4c030ed%2F%3Futm_source%3Dfacebook%26utm_medium%3Dsocial%26utm_campaign%3Dsocialsharing_web\"><\/a><\/li>\n\n\n\n<li><a href=\"http:\/\/twitter.com\/share?text=Trump+a+bel+et+bien+provoqu%C3%A9+les+insurrectionnistes%2C+conclut+la+commission+d%27enqu%C3%AAte&amp;url=https%3A%2F%2Fwww.7sur7.be%2Fmonde%2Ftrump-a-bel-et-bien-provoque-les-insurrectionnistes-conclut-la-commission-d-enquete%7Ea4c030ed%2F%3Futm_source%3Dtwitter%26utm_medium%3Dsocial%26utm_campaign%3Dsocialsharing_web\"><\/a><\/li>\n<\/ul>\n\n\n\n<p>Le rapport, tr\u00e8s attendu, est compos\u00e9 de huit chapitres et fournit une feuille de route pour de potentielles poursuites p\u00e9nales envers l\u2019ancien pr\u00e9sident et d\u2019autres alli\u00e9s.<\/p>\n\n\n\n<h2 class=\"wp-block-heading\">Lire aussi<\/h2>\n\n\n\n<p>(3)<\/p>\n\n\n\n<ul class=\"wp-block-list\">\n<li><a href=\"https:\/\/www.7sur7.be\/monde\/trump-a-paye-un-million-de-dollars-d-impots-pendant-son-mandat-mais-rien-en-2020~af47c753\/\">Trump a pay\u00e9 un million de dollars d&rsquo;imp\u00f4ts pendant son mandat, mais rien en 2020<\/a><\/li>\n<\/ul>\n\n\n\n<p>La commission d\u2019enqu\u00eate parlementaire sur l\u2019assaut du Capitole a d\u00e9j\u00e0 recommand\u00e9 lundi que de telles poursuites p\u00e9nales soient lanc\u00e9es contre Donald Trump, notamment pour appel \u00e0 l\u2019insurrection et complot \u00e0 l\u2019encontre de l\u2019\u00c9tat am\u00e9ricain.<\/p>\n\n\n\n<p>Le d\u00e9partement de la Justice m\u00e8ne sa propre enqu\u00eate sur l\u2019attaque du 6 janvier, qui a fait cinq morts au Capitole.<\/p>\n\n\n\n<h2 class=\"wp-block-heading\">Complot pour renverser les r\u00e9sultats de l\u2019\u00e9lection<\/h2>\n\n\n\n<p>Le rapport publi\u00e9 jeudi comporte de nouveaux d\u00e9tails, au-del\u00e0 de ce que la commission avait d\u00e9j\u00e0 pr\u00e9sent\u00e9 lors des neuf auditions publiques cette ann\u00e9e. Il d\u00e9taille aussi comment l\u2019ex-pr\u00e9sident Trump et ses alli\u00e9s ont complot\u00e9 pour renverser les r\u00e9sultats de l\u2019\u00e9lection pr\u00e9sidentielle de 2020 en usant des l\u00e9gislatures d\u2019\u00c9tats et les tribunaux.<\/p>\n\n\n\n<p>L\u2019enqu\u00eate de la commission parlementaire au cours de 18 mois a r\u00e9colt\u00e9 plus d\u2019un millier de d\u00e9positions, dont de nombreuses de collaborateurs de Donald Trump, de membres de son cabinet et de sa famille.<\/p>\n\n\n\n<h2 class=\"wp-block-heading\">Millions de pages de preuves potentielles<\/h2>\n\n\n\n<p>La publication de ce rapport est l\u2019acte final de cette commission bipartisane, alors que les R\u00e9publicains &#8211; qui seront majoritaires au parlement l\u2019an prochain &#8211; ont annonc\u00e9 qu\u2019ils n\u2019avaient pas l\u2019intention de poursuivre les travaux de celle-ci.<\/p>\n\n\n\n<p>La commission est donc press\u00e9e de publier son rapport et les millions de pages de preuves potentielles dans les deux prochaines semaines.<\/p>\n\n\n\n<h2 class=\"wp-block-heading\">Quatre chefs d\u2019inculpation<\/h2>\n\n\n\n<p>Les quatre chefs d\u2019inculpation recommand\u00e9s par les \u00e9lus-enqu\u00eateurs sont les suivants: appel \u00e0 l\u2019insurrection, complot \u00e0 l\u2019encontre de l\u2019\u00c9tat am\u00e9ricain, entrave \u00e0 une proc\u00e9dure officielle (de certification d\u2019un scrutin pr\u00e9sidentiel) et fausses d\u00e9clarations.<\/p>\n\n\n\n<p>Ces motifs peuvent entra\u00eener des peines de prison et l\u2019interdiction d\u2019assumer toute fonction publique, alors que l\u2019ancien pr\u00e9sident a annonc\u00e9 qu\u2019il se relan\u00e7ait dans la course \u00e0 la Maison-Blanche pour 2024.<\/p>\n\n\n\n<p>Le vote de la commission est largement symbolique, car ses membres ne peuvent pas inculper eux-m\u00eames l\u2019ex-magnat de l\u2019immobilier.<\/p>\n\n\n\n<p>Ce sera au minist\u00e8re de la Justice, qui a nomm\u00e9 un procureur sp\u00e9cial pour enqu\u00eater de fa\u00e7on ind\u00e9pendante sur Donald Trump, de d\u00e9cider s\u2019il le poursuit ou non.<\/p>\n","protected":false},"excerpt":{"rendered":"<p>La commission d\u2019enqu\u00eate parlementaire sur l\u2019assaut du Capitole le 6 janvier 2021 dans la capitale am\u00e9ricaine Washington a conclu que<\/p>\n","protected":false},"author":1,"featured_media":5239,"comment_status":"open","ping_status":"open","sticky":false,"template":"","format":"standard","meta":{"footnotes":""},"categories":[51],"tags":[],"class_list":["post-5238","post","type-post","status-publish","format-standard","has-post-thumbnail","hentry","category-general"],"_links":{"self":[{"href":"https:\/\/dekkbi.com\/index.php?rest_route=\/wp\/v2\/posts\/5238","targetHints":{"allow":["GET"]}}],"collection":[{"href":"https:\/\/dekkbi.com\/index.php?rest_route=\/wp\/v2\/posts"}],"about":[{"href":"https:\/\/dekkbi.com\/index.php?rest_route=\/wp\/v2\/types\/post"}],"author":[{"embeddable":true,"href":"https:\/\/dekkbi.com\/index.php?rest_route=\/wp\/v2\/users\/1"}],"replies":[{"embeddable":true,"href":"https:\/\/dekkbi.com\/index.php?rest_route=%2Fwp%2Fv2%2Fcomments&post=5238"}],"version-history":[{"count":1,"href":"https:\/\/dekkbi.com\/index.php?rest_route=\/wp\/v2\/posts\/5238\/revisions"}],"predecessor-version":[{"id":5240,"href":"https:\/\/dekkbi.com\/index.php?rest_route=\/wp\/v2\/posts\/5238\/revisions\/5240"}],"wp:featuredmedia":[{"embeddable":true,"href":"https:\/\/dekkbi.com\/index.php?rest_route=\/wp\/v2\/media\/5239"}],"wp:attachment":[{"href":"https:\/\/dekkbi.com\/index.php?rest_route=%2Fwp%2Fv2%2Fmedia&parent=5238"}],"wp:term":[{"taxonomy":"category","embeddable":true,"href":"https:\/\/dekkbi.com\/index.php?rest_route=%2Fwp%2Fv2%2Fcategories&post=5238"},{"taxonomy":"post_tag","embeddable":true,"href":"https:\/\/dekkbi.com\/index.php?rest_route=%2Fwp%2Fv2%2Ftags&post=5238"}],"curies":[{"name":"wp","href":"https:\/\/api.w.org\/{rel}","templated":true}]}}