{"id":5232,"date":"2022-12-23T09:56:28","date_gmt":"2022-12-23T09:56:28","guid":{"rendered":"https:\/\/dekkbi.com\/?p=5232"},"modified":"2022-12-23T10:46:11","modified_gmt":"2022-12-23T10:46:11","slug":"nous-reclamons-nos-droits-en-afghanistan-des-femmes-manifestent-contre-leur-bannissement-des-universites","status":"publish","type":"post","link":"https:\/\/dekkbi.com\/?p=5232","title":{"rendered":"\u00ab Nous r\u00e9clamons nos droits \u00bb : en Afghanistan, des femmes manifestent"},"content":{"rendered":"\n<p>Quelques femmes afghanes ont manifest\u00e9 jeudi 22 d\u00e9cembre \u00e0 Kaboul contre le r\u00e9gime taliban qui leur interdit d&rsquo;\u00e9tudier \u00e0 l&rsquo;universit\u00e9. Certaines manifestantes ont \u00e9t\u00e9 arr\u00eat\u00e9es tandis que plusieurs enseignants masculins ont donn\u00e9 leur d\u00e9mission, appelant leurs confr\u00e8res \u00e0 travers le pays \u00e0 faire de m\u00eame.&nbsp;<\/p>\n\n\n\n<p><em>Avec notre correspondante r\u00e9gionale<\/em>,<strong>&nbsp;Sonia Ghezali<\/strong> &#8211; RFI<\/p>\n\n\n\n<p>\u00ab&nbsp;<em>L\u2019\u00e9ducation est notre droit, ne nous l&rsquo;enlevez pas<\/em>&nbsp;\u00bb, scandent quelques dizaines de jeunes femmes en marchant dans un quartier de Kaboul. Sur les vid\u00e9os qu\u2019elles partagent sur les r\u00e9seaux sociaux, on les voit brandir des feuilles sur lesquelles elles ont \u00e9crit \u00e0 la main \u00ab&nbsp;<em>nous r\u00e9clamons nos droits fondamentaux&nbsp;<\/em>\u00bb ou encore \u00ab&nbsp;<em>venez en aide aux filles afghanes<\/em>&nbsp;\u00bb.&nbsp;<\/p>\n\n\n\n<p>Au bout de quelques minutes, des talibans&nbsp;dispersent le groupe. L\u2019une des manifestantes se confie sous couvert d\u2019anonymat : \u00ab&nbsp;<em>Les talibans ne nous ont pas autoris\u00e9es \u00e0 continuer. Ils ont arr\u00eat\u00e9 quatre manifestantes, deux seulement ont \u00e9t\u00e9 lib\u00e9r\u00e9es depuis. Il y avait aussi des polici\u00e8res avec les talibans. Elles se sont mises \u00e0 nous frapper<\/em>&nbsp;\u00bb.<\/p>\n\n\n\n<h2 class=\"wp-block-heading\">\u00ab&nbsp;<em>Tuez-moi, l&rsquo;\u00e9ducation est plus importante que ma vie<\/em>&nbsp;\u00bb<\/h2>\n\n\n\n<p>L\u2019une des femmes arr\u00eat\u00e9es a r\u00e9ussi \u00e0 envoyer une vid\u00e9o enregistr\u00e9e dans le pick-up de la police \u00e0 l\u2019insu des talibans.&nbsp;\u00ab&nbsp;<em>Pourquoi vous avez ferm\u00e9 les universit\u00e9s<\/em>&nbsp;<em>?&nbsp;<\/em>\u00bb, lance une manifestante. \u00ab<em>&nbsp;Pourquoi vous nous emmenez au poste de police ?<\/em>&nbsp;\u00bb, demande une autre. \u00ab&nbsp;<em>Je jure de vous tuer ici m\u00eame<\/em>&nbsp;\u00bb, menace un homme. \u00ab&nbsp;<em>Tuez-moi, l&rsquo;\u00e9ducation est plus importante que ma vie. Si vous voulez nous tuer, pourquoi vous ne l&rsquo;avez-vous pas fait dans la rue ?<\/em>&nbsp;\u00bb, r\u00e9torque une femme.<\/p>\n\n\n\n<p>Les proches de ces deux manifestantes sont toujours sans nouvelles. Ce jeudi soir, dans une interview t\u00e9l\u00e9vis\u00e9e, le ministre afghan par int\u00e9rim de l&rsquo;Enseignement sup\u00e9rieur a justifi\u00e9 la fermeture des universit\u00e9s aux filles par, entre autres, le non-respect du port du hijab par les \u00e9tudiantes et la s\u00e9gr\u00e9gation insuffisante des sexes dans les universit\u00e9s.<\/p>\n","protected":false},"excerpt":{"rendered":"<p>Quelques femmes afghanes ont manifest\u00e9 jeudi 22 d\u00e9cembre \u00e0 Kaboul contre le r\u00e9gime taliban qui leur interdit d&rsquo;\u00e9tudier \u00e0 l&rsquo;universit\u00e9.<\/p>\n","protected":false},"author":1,"featured_media":5233,"comment_status":"open","ping_status":"open","sticky":false,"template":"","format":"standard","meta":{"footnotes":""},"categories":[51],"tags":[],"class_list":["post-5232","post","type-post","status-publish","format-standard","has-post-thumbnail","hentry","category-general"],"_links":{"self":[{"href":"https:\/\/dekkbi.com\/index.php?rest_route=\/wp\/v2\/posts\/5232","targetHints":{"allow":["GET"]}}],"collection":[{"href":"https:\/\/dekkbi.com\/index.php?rest_route=\/wp\/v2\/posts"}],"about":[{"href":"https:\/\/dekkbi.com\/index.php?rest_route=\/wp\/v2\/types\/post"}],"author":[{"embeddable":true,"href":"https:\/\/dekkbi.com\/index.php?rest_route=\/wp\/v2\/users\/1"}],"replies":[{"embeddable":true,"href":"https:\/\/dekkbi.com\/index.php?rest_route=%2Fwp%2Fv2%2Fcomments&post=5232"}],"version-history":[{"count":2,"href":"https:\/\/dekkbi.com\/index.php?rest_route=\/wp\/v2\/posts\/5232\/revisions"}],"predecessor-version":[{"id":5257,"href":"https:\/\/dekkbi.com\/index.php?rest_route=\/wp\/v2\/posts\/5232\/revisions\/5257"}],"wp:featuredmedia":[{"embeddable":true,"href":"https:\/\/dekkbi.com\/index.php?rest_route=\/wp\/v2\/media\/5233"}],"wp:attachment":[{"href":"https:\/\/dekkbi.com\/index.php?rest_route=%2Fwp%2Fv2%2Fmedia&parent=5232"}],"wp:term":[{"taxonomy":"category","embeddable":true,"href":"https:\/\/dekkbi.com\/index.php?rest_route=%2Fwp%2Fv2%2Fcategories&post=5232"},{"taxonomy":"post_tag","embeddable":true,"href":"https:\/\/dekkbi.com\/index.php?rest_route=%2Fwp%2Fv2%2Ftags&post=5232"}],"curies":[{"name":"wp","href":"https:\/\/api.w.org\/{rel}","templated":true}]}}