{"id":52299,"date":"2025-02-20T13:15:02","date_gmt":"2025-02-20T13:15:02","guid":{"rendered":"https:\/\/dekkbi.com\/?p=52299"},"modified":"2025-02-20T13:15:03","modified_gmt":"2025-02-20T13:15:03","slug":"ukraine-leurope-continue-de-chercher-une-reponse-commune-a-une-menace-existentielle-russe","status":"publish","type":"post","link":"https:\/\/dekkbi.com\/?p=52299","title":{"rendered":"Ukraine: l&rsquo;Europe continue de chercher une r\u00e9ponse commune \u00e0 une \u00abmenace existentielle\u00bb russe"},"content":{"rendered":"\n<p>Le pr\u00e9sident fran\u00e7ais Emmanuel Macron a poursuivi, mercredi 19 f\u00e9vrier, ses consultations avec ses partenaires europ\u00e9ens pour trouver une posture commune sur l&rsquo;Ukraine et la d\u00e9fense collective, alors que Donald Trump et Vladimir Poutine se pr\u00e9parent \u00e0 une rencontre au sommet pour normaliser leurs relations.<\/p>\n\n\n\n<p>Par :RFI avec AFP<\/p>\n\n\n\n<p>Apr\u00e8s un premier mini-sommet informel lundi \u00e0 l&rsquo;\u00c9lys\u00e9e avec sept pays europ\u00e9ens, dont le Royaume-Uni,\u00a0<strong>Emmanuel Macron<\/strong>\u00a0a r\u00e9uni 19 chefs d&rsquo;\u00c9tat et de gouvernement de pays membres de l&rsquo;UE ou de l&rsquo;Otan (Norv\u00e8ge, Canada, Islande) en visioconf\u00e9rence peu apr\u00e8s 16h (15h TU), a indiqu\u00e9 l&rsquo;\u00c9lys\u00e9e.<\/p>\n\n\n\n<p>Seuls le pr\u00e9sident roumain par interim, Ilie Bolojan, dont le pays est secou\u00e9 par une crise politique depuis l&rsquo;annulation de la pr\u00e9sidentielle remport\u00e9e au premier tour par l&rsquo;extr\u00eame-droite pro-russe, et le Premier ministre luxembourgeois, Luc Frieden, \u00e9taient pr\u00e9sents.<\/p>\n\n\n\n<h2 class=\"wp-block-heading\">\u00ab&nbsp;<em>Menace existentielle pour les Europ\u00e9ens<\/em>&nbsp;\u00bb<\/h2>\n\n\n\n<p>Les chefs d&rsquo;\u00c9tat et de gouvernement des trois \u00c9tats baltes, Chypre, la Finlande, la Belgique, la Bulgarie, la Croatie, la Gr\u00e8ce, l&rsquo;Irlande, l&rsquo;Islande, le Portugal, la Su\u00e8de, la Slov\u00e9nie et la R\u00e9publique tch\u00e8que \u00e9taient en distanciel, de m\u00eame que le Premier ministre canadien Justin Trudeau. Le pr\u00e9sident fran\u00e7ais a promis de s&rsquo;entretenir avec les Vingt-Sept d&rsquo;ici la fin de la semaine. Seules la Hongrie, la Slovaquie, tous deux r\u00e9put\u00e9es prorusses, l&rsquo;Autriche et Malte n&rsquo;ont pour l&rsquo;heure pas particip\u00e9 aux \u00e9changes.<\/p>\n\n\n\n<p>Lundi, Emmanuel Macron avait rassembl\u00e9 les poids lourds de l&rsquo;UE, ainsi que le Royaume-Uni, en premi\u00e8re ligne sur le dossier ukrainien et qui effectue progressivement son retour sur la sc\u00e8ne europ\u00e9enne. Signe d&rsquo;un r\u00e9el sentiment d&rsquo;urgence, lundi, \u00ab&nbsp;<em>il y a eu une tr\u00e8s forte convergence pour dire que la Russie constitue une menace existentielle pour les Europ\u00e9ens&nbsp;<\/em>\u00bb, a martel\u00e9 le chef de l&rsquo;\u00c9tat dans un entretien avec la presse r\u00e9gionale.<\/p>\n\n\n\n<h2 class=\"wp-block-heading\">Le Danemark pr\u00e9voit sept milliards d&rsquo;euros de d\u00e9penses militaires sur deux ans<\/h2>\n\n\n\n<p>Les pays partenaires de l&rsquo;Ukraine cherchent encore une r\u00e9ponse commune, mais \u00e7a ne les emp\u00eache pas d&rsquo;agir \u00e0 leur \u00e9chelle \u00e0 l&rsquo;image du Danemark, qui vient de d\u00e9gager une enveloppe de pr\u00e8s de 7 milliards d&rsquo;euros pour muscler son arm\u00e9e dans les deux prochaines ann\u00e9es. \u00ab&nbsp;<em>Le Danemark est l&rsquo;un des principaux pays europ\u00e9ens en termes de soutien \u00e9conomique et politique \u00e0 l&rsquo;Ukraine pour assurer que l&rsquo;Ukraine re\u00e7oive du financement pour ses armes, ses avions,<\/em>&nbsp;rappelle le chercheur Johan Grone Christensen, du Centre d&rsquo;\u00e9tudes militaires de l&rsquo;Universit\u00e9 de Copenhague.&nbsp;<em>Les politiques danois n&rsquo;ignorent pas que la Russie a remarqu\u00e9 les gestes du Danemark. Le Danemark n\u2019est pas une nation de premi\u00e8re ligne de l\u2019Otan, juste aux fronti\u00e8res de la Russie, mais \u00e9tant donn\u00e9 son activit\u00e9 et son vaste r\u00e9seau logistique, il existe de nombreux endroits o\u00f9 la guerre hybride russe pourrait \u00e9ventuellement constituer une menace contre les int\u00e9r\u00eats et les infrastructures danoises&nbsp;<\/em>\u00bb.<\/p>\n\n\n\n<p>Outre le consensus sur la menace russe,\u00a0<strong>les d\u00e9bats sont vifs en Europe sur les r\u00e9ponses \u00e0 lui apporter,<\/strong>\u00a0notamment entre partisans et adversaires d&rsquo;un d\u00e9ploiement militaire en Ukraine pour faire respecter une \u00e9ventuelle fin des combats.\u00a0<\/p>\n\n\n\n<p>\u00c0 Bruxelles, les ambassadeurs des 27 ont approuv\u00e9 mercredi un 16e paquet de sanctions contre la Russie.&nbsp;Dans le m\u00eame temps, Washington a sembl\u00e9 vouloir rassurer les Europ\u00e9ens sur le fait qu&rsquo;un accord ne se ferait pas totalement sur leur dos. Le secr\u00e9taire d&rsquo;\u00c9tat am\u00e9ricain, Marco Rubio, a convenu que l&rsquo;UE aurait bien sa place \u00e0 la table des n\u00e9gociations, ne serait-ce que sur la question des sanctions.<\/p>\n\n\n\n<p>SOURCE RFI.FR<\/p>\n","protected":false},"excerpt":{"rendered":"<p>Le pr\u00e9sident fran\u00e7ais Emmanuel Macron a poursuivi, mercredi 19 f\u00e9vrier, ses consultations avec ses partenaires europ\u00e9ens pour trouver une posture<\/p>\n","protected":false},"author":1,"featured_media":26962,"comment_status":"open","ping_status":"open","sticky":false,"template":"","format":"standard","meta":{"footnotes":""},"categories":[51],"tags":[],"class_list":["post-52299","post","type-post","status-publish","format-standard","has-post-thumbnail","hentry","category-general"],"_links":{"self":[{"href":"https:\/\/dekkbi.com\/index.php?rest_route=\/wp\/v2\/posts\/52299","targetHints":{"allow":["GET"]}}],"collection":[{"href":"https:\/\/dekkbi.com\/index.php?rest_route=\/wp\/v2\/posts"}],"about":[{"href":"https:\/\/dekkbi.com\/index.php?rest_route=\/wp\/v2\/types\/post"}],"author":[{"embeddable":true,"href":"https:\/\/dekkbi.com\/index.php?rest_route=\/wp\/v2\/users\/1"}],"replies":[{"embeddable":true,"href":"https:\/\/dekkbi.com\/index.php?rest_route=%2Fwp%2Fv2%2Fcomments&post=52299"}],"version-history":[{"count":1,"href":"https:\/\/dekkbi.com\/index.php?rest_route=\/wp\/v2\/posts\/52299\/revisions"}],"predecessor-version":[{"id":52300,"href":"https:\/\/dekkbi.com\/index.php?rest_route=\/wp\/v2\/posts\/52299\/revisions\/52300"}],"wp:featuredmedia":[{"embeddable":true,"href":"https:\/\/dekkbi.com\/index.php?rest_route=\/wp\/v2\/media\/26962"}],"wp:attachment":[{"href":"https:\/\/dekkbi.com\/index.php?rest_route=%2Fwp%2Fv2%2Fmedia&parent=52299"}],"wp:term":[{"taxonomy":"category","embeddable":true,"href":"https:\/\/dekkbi.com\/index.php?rest_route=%2Fwp%2Fv2%2Fcategories&post=52299"},{"taxonomy":"post_tag","embeddable":true,"href":"https:\/\/dekkbi.com\/index.php?rest_route=%2Fwp%2Fv2%2Ftags&post=52299"}],"curies":[{"name":"wp","href":"https:\/\/api.w.org\/{rel}","templated":true}]}}