{"id":52269,"date":"2025-02-20T12:00:07","date_gmt":"2025-02-20T12:00:07","guid":{"rendered":"https:\/\/dekkbi.com\/?p=52269"},"modified":"2025-02-20T12:00:07","modified_gmt":"2025-02-20T12:00:07","slug":"un-bebe-de-14-mois-meurt-et-est-jete-a-la-mer-lors-dune-traversee-du-senegal-aux-iles-canaries","status":"publish","type":"post","link":"https:\/\/dekkbi.com\/?p=52269","title":{"rendered":"Un b\u00e9b\u00e9 de 14 mois meurt et est jet\u00e9 \u00e0 la mer lors d\u2019une travers\u00e9e du S\u00e9n\u00e9gal aux \u00eeles Canaries"},"content":{"rendered":"\n<p>Le journal espagnol La Provincia a relat\u00e9, ce mercredi 19 f\u00e9vrier 2025, un drame survenu \u00e0 bord d\u2019une pirogue arriv\u00e9e sur l\u2019\u00eele d\u2019El Hierro le 28 d\u00e9cembre 2024 dernier. Un b\u00e9b\u00e9&nbsp; de 14 mois, d\u00e9c\u00e9d\u00e9 pendant la travers\u00e9e, a \u00e9t\u00e9 arrach\u00e9 des bras de sa m\u00e8re et jet\u00e9 \u00e0 la mer. Selon les t\u00e9moignages des passagers, la pirogue avait quitt\u00e9 l\u2019\u00eele de Bassar, au S\u00e9n\u00e9gal, sept jours plus t\u00f4t, avec 232 personnes \u00e0 bord. La Garde civile espagnole a indiqu\u00e9 que sept personnes auraient perdu la vie durant le voyage. Elle a \u00e9galement recueilli les t\u00e9moignages des rescap\u00e9s et proc\u00e9d\u00e9 \u00e0 l\u2019arrestation de sept individus, dont le capitaine du bateau. Au total, 224 personnes, dont 14 enfants et 57 femmes, ont \u00e9t\u00e9 secourues par la Marine espagnole.<\/p>\n\n\n\n<p>Parmi les victimes figuraient \u00e9galement un p\u00e8re et son fils, \u00e2g\u00e9s de 50 et 18 ans, originaires de Guin\u00e9e. Le compagnon du p\u00e8re, qui voyageait avec eux, a assist\u00e9 \u00e0 leur agression avant de se suicider \u00e0 bord de l\u2019embarcation.<\/p>\n\n\n\n<p>\u00c0 leur arriv\u00e9e, certains survivants pr\u00e9sentaient des blessures graves, qui, selon les m\u00eames sources, pourraient correspondre \u00e0 des coups de fouet ou des blessures par armes blanches. Ces blessures auraient \u00e9t\u00e9 inflig\u00e9es lors d\u2019une violente altercation survenue pendant la travers\u00e9e, a pr\u00e9cis\u00e9 la Garde civile.<\/p>\n\n\n\n<p>SOURCE DAKARACTU<\/p>\n","protected":false},"excerpt":{"rendered":"<p>Le journal espagnol La Provincia a relat\u00e9, ce mercredi 19 f\u00e9vrier 2025, un drame survenu \u00e0 bord d\u2019une pirogue arriv\u00e9e<\/p>\n","protected":false},"author":1,"featured_media":52270,"comment_status":"open","ping_status":"open","sticky":false,"template":"","format":"standard","meta":{"footnotes":""},"categories":[26],"tags":[],"class_list":["post-52269","post","type-post","status-publish","format-standard","has-post-thumbnail","hentry","category-fait-divers"],"_links":{"self":[{"href":"https:\/\/dekkbi.com\/index.php?rest_route=\/wp\/v2\/posts\/52269","targetHints":{"allow":["GET"]}}],"collection":[{"href":"https:\/\/dekkbi.com\/index.php?rest_route=\/wp\/v2\/posts"}],"about":[{"href":"https:\/\/dekkbi.com\/index.php?rest_route=\/wp\/v2\/types\/post"}],"author":[{"embeddable":true,"href":"https:\/\/dekkbi.com\/index.php?rest_route=\/wp\/v2\/users\/1"}],"replies":[{"embeddable":true,"href":"https:\/\/dekkbi.com\/index.php?rest_route=%2Fwp%2Fv2%2Fcomments&post=52269"}],"version-history":[{"count":1,"href":"https:\/\/dekkbi.com\/index.php?rest_route=\/wp\/v2\/posts\/52269\/revisions"}],"predecessor-version":[{"id":52271,"href":"https:\/\/dekkbi.com\/index.php?rest_route=\/wp\/v2\/posts\/52269\/revisions\/52271"}],"wp:featuredmedia":[{"embeddable":true,"href":"https:\/\/dekkbi.com\/index.php?rest_route=\/wp\/v2\/media\/52270"}],"wp:attachment":[{"href":"https:\/\/dekkbi.com\/index.php?rest_route=%2Fwp%2Fv2%2Fmedia&parent=52269"}],"wp:term":[{"taxonomy":"category","embeddable":true,"href":"https:\/\/dekkbi.com\/index.php?rest_route=%2Fwp%2Fv2%2Fcategories&post=52269"},{"taxonomy":"post_tag","embeddable":true,"href":"https:\/\/dekkbi.com\/index.php?rest_route=%2Fwp%2Fv2%2Ftags&post=52269"}],"curies":[{"name":"wp","href":"https:\/\/api.w.org\/{rel}","templated":true}]}}