{"id":52267,"date":"2025-02-20T11:56:02","date_gmt":"2025-02-20T11:56:02","guid":{"rendered":"https:\/\/dekkbi.com\/?p=52267"},"modified":"2025-02-20T11:56:03","modified_gmt":"2025-02-20T11:56:03","slug":"conseil-des-ministres-de-ce-mercredi-19-fevrier-2025","status":"publish","type":"post","link":"https:\/\/dekkbi.com\/?p=52267","title":{"rendered":"Conseil des Ministres de ce mercredi 19 f\u00e9vrier 2025"},"content":{"rendered":"\n<h3 class=\"wp-block-heading\">Le Chef de l\u2019Etat, Son Excellence, Monsieur Bassirou Diomaye Diakhar FAYE a pr\u00e9sid\u00e9, ce mercredi 19 f\u00e9vrier 2025, la r\u00e9union hebdomadaire du Conseil des Ministres, au Palais de la R\u00e9publique.<\/h3>\n\n\n\n<p>A l\u2019entame de sa communication, le Pr\u00e9sident de la R\u00e9publique a adress\u00e9 ses condol\u00e9ances les plus attrist\u00e9es au Khalif g\u00e9n\u00e9ral des Mourides et \u00e0 la Communaut\u00e9 musulmane suite au rappel \u00e0 Dieu du Khalif g\u00e9n\u00e9ral des Baye FALL, Serigne Amdy Modou Mbenda FALL et de Serigne Moustapha Saliou MBACKE, fils du d\u00e9funt Khalif g\u00e9n\u00e9ral des Mourides Serigne Saliou MBACKE.<\/p>\n\n\n\n<p>Evoquant les enseignements et les analyses issus de l\u2019audit des finances publiques r\u00e9alis\u00e9 par la Cour des Comptes, le Chef de l\u2019Etat a appel\u00e9 \u00e0 l\u2019application de mesures conjoncturelles et structurelles urgentes pour renforcer la r\u00e9silience et la cr\u00e9dibilit\u00e9 de notre syst\u00e8me \u00e9conomique, budg\u00e9taire, financier et comptable. Il a demand\u00e9 au Premier Ministre de lui proposer un chronogramme de mise en \u0153uvre de toutes les recommandations du rapport d\u2019audit de la Cour des comptes et de lui faire parvenir, dans les meilleurs d\u00e9lais, un programme sp\u00e9cial de ma\u00eetrise des d\u00e9penses publiques, en tenant compte des imp\u00e9ratifs \u00e9conomiques et sociaux, \u00e0 court et moyen termes, dict\u00e9s par le d\u00e9ploiement de la vision \u00ab S\u00e9n\u00e9gal 2050 \u00bb.<\/p>\n\n\n\n<p>Le Pr\u00e9sident de la R\u00e9publique a soulign\u00e9 l\u2019importance d\u2019une bonne maitrise des programmes budg\u00e9taires, des plans de financement et de tr\u00e9sorerie de l\u2019Etat pour les trois prochaines ann\u00e9es, des d\u00e9penses fiscales et de la dette publique. Sur ce dernier point, il a demand\u00e9 au Ministre des Finances et du Budget et au Ministre charg\u00e9 de l\u2019Economie de proposer, sous la coordination du Premier Ministre, une nouvelle r\u00e9glementation sur les conditions et modalit\u00e9s d\u2019\u00e9mission des emprunts de l\u2019Etat ainsi qu\u2019un nouveau cadre organisationnel de pilotage et de gestion de la dette publique.<\/p>\n\n\n\n<p>Le Premier Ministre veillera \u00e9galement \u00e0 la pr\u00e9paration rapide par le Ministre des Finances et du Budget d\u2019un projet de loi rectificative des finances, en perspective du d\u00e9bat d\u2019orientation budg\u00e9taire. Par ailleurs, le Chef de l\u2019Etat a indiqu\u00e9 au Premier Ministre, au Ministre des Finances et du Budget et au Ministre de l\u2019Economie, du Plan et de la Coop\u00e9ration, l\u2019urgence : &#8211; d\u2019asseoir l\u2019int\u00e9grit\u00e9 de l\u2019information financi\u00e8re en termes de fiabilit\u00e9, d\u2019exhaustivit\u00e9, d\u2019exactitude et de sinc\u00e9rit\u00e9 ; &#8211; d\u2019acc\u00e9l\u00e9rer la digitalisation et l\u2019interop\u00e9rabilit\u00e9 des syst\u00e8mes d\u2019informations \u00e9conomiques, financi\u00e8res et comptables de l\u2019Etat ; &#8211; de renforcer la supervision du processus de cadrage macro\u00e9conomique ; &#8211; d\u2019am\u00e9liorer la planification triennale consensuelle des investissements publics financ\u00e9s sur ressources externes et internes et des partenariats public-priv\u00e9.<\/p>\n\n\n\n<p>Il a indiqu\u00e9 que la situation de v\u00e9rit\u00e9 assum\u00e9e est l\u2019occasion d\u2019engager une transformation objective et en 2 profondeur des administrations \u00e9conomiques, financi\u00e8res et comptables de l\u2019Etat et de leurs interrelations avec les partenaires et le syst\u00e8me financier. Il en appelle \u00e0 un v\u00e9ritable changement de paradigme dans la gouvernance administrative, \u00e9conomique, financi\u00e8re et comptable de l\u2019Etat.<\/p>\n\n\n\n<p>En outre, le Chef de l\u2019Etat a demand\u00e9 au Premier Ministre d\u2019engager des concertations avec toutes les forces vives de la Nation, les centrales syndicales, le secteur priv\u00e9 national et le patronat notamment, afin de partager avec pr\u00e9cision les cons\u00e9quences de la situation d\u00e9crite et de trouver les consensus adapt\u00e9s \u00e0 la mise en \u0153uvre soutenable du nouvel agenda de transformation de la gestion des finances publiques, dans la solidarit\u00e9 et la protection sociale des couches vuln\u00e9rables. L\u2019acc\u00e8s \u00e0 l\u2019eau potable des populations, notamment en milieu rural, doit rester une priorit\u00e9 du Gouvernement.<\/p>\n\n\n\n<p>Ainsi, le Pr\u00e9sident de la R\u00e9publique a invit\u00e9 le Premier Ministre \u00e0 poursuivre les efforts consentis afin d\u2019am\u00e9liorer l\u2019acc\u00e8s \u00e0 l\u2019eau potable des populations \u00e0 des co\u00fbts maitris\u00e9s. Il a salu\u00e9 la tenue r\u00e9cente des concertations nationales sur le secteur de l\u2019eau et appel\u00e9 \u00e0 l\u2019acc\u00e9l\u00e9ration de la mise en \u0153uvre d\u2019un plan d\u2019action global visant la s\u00e9curisation de la ressource mais \u00e9galement le d\u00e9ploiement d\u2019un sch\u00e9ma hydraulique national qui int\u00e8grera, \u00e0 terme, tous les syst\u00e8mes d\u2019approvisionnement en eau en zone urbaine, p\u00e9ri-urbaine et rurale.<\/p>\n\n\n\n<p>D\u00e8s lors, il a demand\u00e9 au Ministre de l\u2019Hydraulique et de l\u2019Assainissement de r\u00e9viser le cadre de gestion des d\u00e9l\u00e9gations de service public en eau potable en milieu rural et de renforcer l\u2019entretien et le renouvellement des forages et infrastructures hydrauliques. Le Ministre en charge de l\u2019Hydraulique veillera \u00e9galement \u00e0 la transparence concernant la tarification des services et la gestion des concessions.<\/p>\n\n\n\n<p>Dans la dynamique d\u2019am\u00e9nagement et de r\u00e9alisation des \u00ab autoroutes de l\u2019eau \u00bb, le Gouvernement devra anticiper la r\u00e9flexion sur le mod\u00e8le \u00e9conomique du secteur couvrant le volet assainissement (eaux us\u00e9es et eaux pluviales) et la mont\u00e9e en puissance des projets \u00ab d\u2019unit\u00e9s de dessalement \u00bb. Il s\u2019agit, surtout, de conforter la place des collectivit\u00e9s territoriales et des populations dans la gouvernance inclusive du secteur.<\/p>\n\n\n\n<p>A ce titre, le Chef de l\u2019Etat a demand\u00e9 au Ministre de l\u2019Hydraulique et de l\u2019Assainissement de refonder la politique d\u2019hydraulique urbaine, d\u2019\u00e9largir de fa\u00e7on maitris\u00e9e le p\u00e9rim\u00e8tre dit \u00ab afferm\u00e9 \u00bb au regard de l\u2019urbanisation acc\u00e9l\u00e9r\u00e9e du territoire national et des d\u00e9fis climatiques nouveaux qui appellent la r\u00e9vision de la gouvernance strat\u00e9gique, technique et financi\u00e8re de l\u2019assainissement.<\/p>\n\n\n\n<p>A ce sujet, il a instruit le Ministre de l\u2019Hydraulique et de l\u2019Assainissement d\u2019engager les actions urgentes pour assurer le fonctionnement efficace des services et r\u00e9seaux relevant de l\u2019Office national de l\u2019Assainissement du S\u00e9n\u00e9gal (ONAS). Par ailleurs, le Pr\u00e9sident de la R\u00e9publique a indiqu\u00e9 au Gouvernement, l\u2019urgence de prendre les mesures n\u00e9cessaires pour renforcer la pr\u00e9vention et la lutte contre les inondations.<\/p>\n\n\n\n<p>Il a demand\u00e9 au Ministre de l\u2019Hydraulique et de l\u2019Assainissement d\u2019engager, au plus t\u00f4t, les op\u00e9rations pr\u00e9-hivernage et de d\u00e9finir les mesures urgentes en mati\u00e8re de pr\u00e9vention et de gestion des inondations, notamment au niveau des zones et sites identifi\u00e9s sensibles. Le Chef de l\u2019Etat a rappel\u00e9 \u00e9galement au Ministre de l\u2019Hydraulique et de l\u2019Assainissement l\u2019imp\u00e9ratif de finaliser le projet de loi portant Code de l\u2019eau. Cette loi en perspective va renforcer la pr\u00e9servation de nos ressources naturelles en eau et la transparence dans leur gouvernance inclusive. Une Autorit\u00e9 de r\u00e9gulation du secteur de l\u2019eau sera \u00e9galement mise en 3 place. Pour clore ce chapitre, le Pr\u00e9sident de la R\u00e9publique a inform\u00e9 qu\u2019il proc\u00e9dera, le vendredi 21 f\u00e9vrier 2025 \u00e0 Koungheul, au lancement du Projet de Mobilisation des Ressources en Eau du Bassin versant du Nianijia Bolong (PROMOREN).<\/p>\n\n\n\n<p>Enfin, le Chef de l\u2019Etat est revenu sur sa participation, en Ethiopie, au 38\u00e8me Sommet de la Conf\u00e9rence des Chefs d\u2019Etat et de Gouvernement de l\u2019Union africaine (UA) qui s\u2019est tenu les 15 et 16 f\u00e9vrier 2025 et aux c\u00e9l\u00e9brations de l\u2019ind\u00e9pendance de la R\u00e9publique s\u0153ur de Gambie, \u00e0 l\u2019invitation de son homologue Adama BARROW, pour t\u00e9moigner notre solidarit\u00e9 et notre fraternit\u00e9 au peuple gambien dont le destin est li\u00e9 \u00e0 celui du S\u00e9n\u00e9gal.<\/p>\n\n\n\n<p>Dans sa communication, le Premier Ministre a fait part au Conseil de son passage \u00e0 l\u2019Assembl\u00e9e nationale le vendredi 21 f\u00e9vrier 2025 au titre des questions d\u2019actualit\u00e9 au Gouvernement, en vue notamment d\u2019\u00e9changer avec les d\u00e9put\u00e9s sur les enseignements \u00e0 tirer des constatations graves et des recommandations ressortant du Rapport d\u00e9finitif de la Cour des Comptes sur \u00ab l\u2019audit du Rapport sur la situation des finances publiques, Gestions de 2019 au 31 mars 2024 \u00bb, notamment les mesures conservatoires et correctives.<\/p>\n\n\n\n<p>Le Premier Ministre a relev\u00e9 les indications contenues dans le Rapport, relatives \u00e0 la suite que la Cour des Comptes envisage de donner aux faits pr\u00e9sum\u00e9s constitutifs de fautes de gestion, de gestion de fait ou d\u2019infractions \u00e0 caract\u00e8re p\u00e9nal. Conform\u00e9ment aux directives du Chef de l\u2019Etat, il a instruit le Ministre des Finances et du Budget de prendre les dispositions appropri\u00e9es en vue de la mise en \u0153uvre diligente des mesures correctives requises, sans d\u00e9lais, aux fins de rendre op\u00e9rationnelles lesdites recommandations.<\/p>\n\n\n\n<p>Dans ce cadre, il conviendra d\u2019accorder une attention particuli\u00e8re \u00e0 l\u2019int\u00e9grit\u00e9 et \u00e0 la transparence des processus d\u00e9cisionnels et des relations fonctionnelles au sein des r\u00e9gies financi\u00e8res. Le Premier Ministre a relev\u00e9 qu\u2019au-del\u00e0 de l\u2019am\u00e9lioration de la gouvernance budg\u00e9taire et financi\u00e8re des deniers publics, le Gouvernement entend mettre en \u0153uvre les mesures correctives requises \u00e0 court terme, portant sur la rationalisation des d\u00e9penses publiques et la r\u00e9duction du train de vie de l\u2019Etat.<\/p>\n\n\n\n<p>Il a soulign\u00e9 que conform\u00e9ment aux orientations du Pr\u00e9sident de la R\u00e9publique, il tiendra la premi\u00e8re rencontre entre le Gouvernement et les partenaires sociaux, le jeudi 27 f\u00e9vrier 2025, en vue d\u2019assurer la mobilisation de l\u2019ensemble des forces vives de la Nation dans l\u2019\u0153uvre de redressement \u00e9conomique et financier du pays. Cette rencontre, qui constituera le point de d\u00e9part d\u2019un dialogue inclusif, franc et patriotique, r\u00e9unira autour du Gouvernement, les syndicats, les organisations d\u2019employeurs et de la soci\u00e9t\u00e9 civile, les Institutions de la R\u00e9publique, les dirigeants d\u2019entreprises, des organismes nationaux, des associations et des amicales. Revenant sur le d\u00e9ploiement des projets et programmes du R\u00e9f\u00e9rentiel Vision S\u00e9n\u00e9gal 2050, au titre de la p\u00e9riode quinquennale 2025-2029, le Premier Ministre a exhort\u00e9 les Ministres \u00e0 accorder une attention particuli\u00e8re \u00e0 la finalisation des feuilles de route et au d\u00e9marrage, dans les meilleurs d\u00e9lais possibles, des projets \u00e0 initialiser en 2025.<\/p>\n\n\n\n<p>Enfin, le Premier Ministre a rendu compte au Conseil de la poursuite des travaux du Comit\u00e9 de comm\u00e9moration en d\u00e9cembre 2024 du 80\u00e8me anniversaire du Massacre des tirailleurs s\u00e9n\u00e9galais \u00e0 Thiaroye. \u00c0 cet \u00e9gard, il a rappel\u00e9 que le Pr\u00e9sident de la R\u00e9publique a, 4 par d\u00e9cret en date du 13 janvier 2025, \u00e9lev\u00e9 le cimeti\u00e8re militaire de Thiaroye en cimeti\u00e8re national et institu\u00e9 la date du 1 er d\u00e9cembre \u00ab Journ\u00e9e des tirailleurs s\u00e9n\u00e9galais \u00bb.<\/p>\n\n\n\n<p>Le Premier Ministre a \u00e9galement indiqu\u00e9 la prise en charge par les minist\u00e8res concern\u00e9s des quatre (04) autres mesures prises par le Chef de l\u2019Etat pour cristalliser dans la m\u00e9moire collective ce tragique \u00e9v\u00e9nement. Il s\u2019agit du m\u00e9morial Thiaroye 44, du centre de documentation, de la d\u00e9signation de rues et places publiques au nom des victimes de cet \u00e9v\u00e9nement et de l\u2019introduction, dans les curricula, de l\u2019enseignement de cette histoire.<\/p>\n\n\n\n<p>S\u2019agissant de la manifestation de toute la v\u00e9rit\u00e9 sur le nombre de victimes, le Premier Ministre a inform\u00e9 le Conseil que les compl\u00e9ments d\u2019informations requis sont toujours attendus. Devant cette contrainte, des fouilles arch\u00e9ologiques seront entreprises.<\/p>\n\n\n\n<p><strong>AU TITRE DES COMMUNICATIONS DES MINISTRES :<\/strong><\/p>\n\n\n\n<p>\u2022 Le Ministre de l\u2019Int\u00e9gration africaine et des Affaires \u00e9trang\u00e8res a fait une communication sur la sortie des pays de l\u2019Alliance des \u00c9tats du Sahel (AES) de la CEDEAO ;<\/p>\n\n\n\n<p>\u2022 Le Ministre de l\u2019Industrie et du Commerce a fait une communication sur l\u2019approvisionnement du march\u00e9 en denr\u00e9es ;<br>\u2022 Le Ministre de l\u2019Agriculture, de la Souverainet\u00e9 alimentaire et de l\u2019Elevage a fait le point sur la situation de la campagne de commercialisation de l\u2019arachide, le suivi de la campagne horticole et la pr\u00e9paration de la journ\u00e9e nationale de l\u2019\u00c9levage ;<\/p>\n\n\n\n<p>\u2022 Le Secr\u00e9taire d\u2019Etat au d\u00e9veloppement des Petites et Moyennes Entreprises a fait une communication sur la 4 \u00e8me \u00e9dition du Forum de la PME dans le cadre de la strat\u00e9gie nationale de promotion et de d\u00e9veloppement des PME\/PMI.<\/p>\n\n\n\n<p><strong>AU TITRES DES TEXTES LEGISLATIFS ET REGLEMENTAIRES,<br><br>Le Conseil a examin\u00e9 et adopt\u00e9 :<\/strong><\/p>\n\n\n\n<p>\u2022 Le projet de d\u00e9cret autorisant le Pr\u00e9sident de la R\u00e9publique \u00e0 ratifier la convention r\u00e9gissant la Commission bancaire de l\u2019Union mon\u00e9taire ouest africaine adopt\u00e9e le 31 mars 2023 \u00e0 Dakar ;<\/p>\n\n\n\n<p>\u2022 Le projet de d\u00e9cret portant cr\u00e9ation et fixant les r\u00e8gles d\u2019organisation et de fonctionnement du Comit\u00e9 de Gouvernance du Num\u00e9rique \u00ab GouvNum \u00bb.<\/p>\n\n\n\n<p><strong>AU TITRE DES MESURES INDIVIDUELLES, Le Pr\u00e9sident de la R\u00e9publique a pris les d\u00e9cisions suivantes :<br><br>Au titre du Minist\u00e8re de l\u2019Int\u00e9gration Africaine et des Affaires \u00e9trang\u00e8res<\/strong><\/p>\n\n\n\n<p><strong>5 Monsieur Mame Baba CISSE,&nbsp;<\/strong>Conseiller des Affaires \u00e9trang\u00e8res principal de classe exceptionnelle, matricule de Solde 516 903\/B, est nomm\u00e9 Ambassadeur extraordinaire et pl\u00e9nipotentiaire du S\u00e9n\u00e9gal aupr\u00e8s de la Commission de l\u2019Union europ\u00e9enne, en remplacement de Monsieur Baye Moctar DIOP, appel\u00e9 \u00e0 d\u2019autres fonctions ;<br><strong><br>Monsieur Malick DIOUF,<\/strong>&nbsp;Conseiller des Affaires \u00e9trang\u00e8res principal, matricule de solde 605 799\/D, pr\u00e9c\u00e9demment Ambassadeur, Secr\u00e9taire g\u00e9n\u00e9ral adjoint du Minist\u00e8re de l\u2019Int\u00e9gration africaine et des Affaires \u00e9trang\u00e8res, est nomm\u00e9 Ambassadeur extraordinaire et pl\u00e9nipotentiaire de la R\u00e9publique du S\u00e9n\u00e9gal, aupr\u00e8s de Son Excellence Monsieur Paul BIYA, Pr\u00e9sident de la R\u00e9publique du Cameroun, en remplacement de Monsieur Khare DIOUF, appel\u00e9 \u00e0 d\u2019autres fonctions.<br><strong><br>Monsieur Samba Dialigu\u00e9 BALDE,&nbsp;<\/strong>chancelier des Affaires \u00e9trang\u00e8res principal matricule de solde 620 663\/A, pr\u00e9c\u00e9demment Deuxi\u00e8me Conseiller \u00e0 l\u2019Ambassade du S\u00e9n\u00e9gal au Niger, est nomm\u00e9 Consul g\u00e9n\u00e9ral de la R\u00e9publique du S\u00e9n\u00e9gal \u00e0 Pointe-Noire, en remplacement de Monsieur Issa WAGUE.<\/p>\n\n\n\n<p><strong>Le Ministre de la Formation professionnelle et technique,<br>Porte-Parole du Gouvernement,<br>Amadou Moustapha Njekk SARRE<\/strong><\/p>\n","protected":false},"excerpt":{"rendered":"<p>Le Chef de l\u2019Etat, Son Excellence, Monsieur Bassirou Diomaye Diakhar FAYE a pr\u00e9sid\u00e9, ce mercredi 19 f\u00e9vrier 2025, la r\u00e9union<\/p>\n","protected":false},"author":1,"featured_media":50140,"comment_status":"open","ping_status":"open","sticky":false,"template":"","format":"standard","meta":{"footnotes":""},"categories":[6],"tags":[],"class_list":["post-52267","post","type-post","status-publish","format-standard","has-post-thumbnail","hentry","category-politics"],"_links":{"self":[{"href":"https:\/\/dekkbi.com\/index.php?rest_route=\/wp\/v2\/posts\/52267","targetHints":{"allow":["GET"]}}],"collection":[{"href":"https:\/\/dekkbi.com\/index.php?rest_route=\/wp\/v2\/posts"}],"about":[{"href":"https:\/\/dekkbi.com\/index.php?rest_route=\/wp\/v2\/types\/post"}],"author":[{"embeddable":true,"href":"https:\/\/dekkbi.com\/index.php?rest_route=\/wp\/v2\/users\/1"}],"replies":[{"embeddable":true,"href":"https:\/\/dekkbi.com\/index.php?rest_route=%2Fwp%2Fv2%2Fcomments&post=52267"}],"version-history":[{"count":1,"href":"https:\/\/dekkbi.com\/index.php?rest_route=\/wp\/v2\/posts\/52267\/revisions"}],"predecessor-version":[{"id":52268,"href":"https:\/\/dekkbi.com\/index.php?rest_route=\/wp\/v2\/posts\/52267\/revisions\/52268"}],"wp:featuredmedia":[{"embeddable":true,"href":"https:\/\/dekkbi.com\/index.php?rest_route=\/wp\/v2\/media\/50140"}],"wp:attachment":[{"href":"https:\/\/dekkbi.com\/index.php?rest_route=%2Fwp%2Fv2%2Fmedia&parent=52267"}],"wp:term":[{"taxonomy":"category","embeddable":true,"href":"https:\/\/dekkbi.com\/index.php?rest_route=%2Fwp%2Fv2%2Fcategories&post=52267"},{"taxonomy":"post_tag","embeddable":true,"href":"https:\/\/dekkbi.com\/index.php?rest_route=%2Fwp%2Fv2%2Ftags&post=52267"}],"curies":[{"name":"wp","href":"https:\/\/api.w.org\/{rel}","templated":true}]}}