{"id":52262,"date":"2025-02-20T11:45:46","date_gmt":"2025-02-20T11:45:46","guid":{"rendered":"https:\/\/dekkbi.com\/?p=52262"},"modified":"2025-02-20T12:38:17","modified_gmt":"2025-02-20T12:38:17","slug":"dynamique-des-pme-au-senegal-ousmane-sonko-appelle-a-la-labellisation-du-made-in-senegal","status":"publish","type":"post","link":"https:\/\/dekkbi.com\/?p=52262","title":{"rendered":"DYNAMIQUE DES PME AU S\u00c9N\u00c9GAL &#8211; Ousmane Sonko appelle \u00e0 la labellisation du \u00abMade in S\u00e9n\u00e9gal\u00bb"},"content":{"rendered":"\n<p><strong>En marge du Forum des Petites et moyennes entreprises, le premier ministre Ousmane Sonko a d\u00e9taill\u00e9 la politique de soutien du Gouvernement. L\u2019objectif, selon lui, est de renforcer les Pme tout en labellisant le made in S\u00e9n\u00e9gal.&nbsp;<\/strong><\/p>\n\n\n\n<p>Le Premier ministre, Ousmane Sonko, a pr\u00e9sid\u00e9, mardi, la 4e \u00e9dition du Forum des Petites et moyennes entreprises (Pme), portant sur le th\u00e8me de \u00ab l\u2019innovation, levier de souverainet\u00e9 \u00bb. C\u2019\u00e9tait l\u2019occasion pour lui d\u2019\u00e9taler le plan du Gouvernement pour des Pme plus comp\u00e9titives. Selon lui, ses services sont en en train de mettre en \u0153uvre une strat\u00e9gie nationale de promotion et de d\u00e9veloppement des Pme\/Pmi qui servira de cadre d\u2019intervention harmonis\u00e9 des structures d\u2019appui et d\u2019encadrement et qui facilitera l\u2019acc\u00e8s aux financements et aux march\u00e9s.<\/p>\n\n\n\n<p>\u00ab Nous accordons aussi une attention toute particuli\u00e8re au renforcement des comp\u00e9tences entrepreneuriales et \u00e0 la protection de nos entreprises, en vue de r\u00e9duire, voire freiner leur forte mortalit\u00e9, en leur permettant de gagner des parts de march\u00e9s beaucoup plus importantes aux plans national, sous-r\u00e9gional, r\u00e9gional et dans la Zone de libre-\u00e9change continentale africaine (Zlecaf) \u00bb, a t-il dit. Selon le premier ministre, les r\u00e9formes n\u00e9cessaires seront engag\u00e9es pour am\u00e9liorer la gouvernance du secteur, l\u2019environnement des affaires, rendre accessible les facteurs de production, mettre en place des mesures d\u2019incitation fiscale plus adapt\u00e9es et renforcer la politique du contenu local, en vue de favoriser le d\u00e9veloppement de nos entreprises. \u00c0 c\u00f4t\u00e9, consid\u00e8re il, il est important de labelliser le \u201cMade in S\u00e9n\u00e9gal\u201d.<\/p>\n\n\n\n<p>\u00ab Le Made in S\u00e9n\u00e9gal fait r\u00e9f\u00e9rence \u00e0 la valorisation des produits locaux, \u00e0 l\u2019essor de l\u2019industrie nationale et \u00e0 la promotion de la consommation des biens et services produits au S\u00e9n\u00e9gal. Il nous faut, cependant, aller plus loin en d\u00e9finissant les standards qui correspondent \u00e0 nos aspirations \u00bb, a t-il ajout\u00e9. Dans ce cadre, il consid\u00e8re que la deuxi\u00e8me \u00e9dition du Forum \u201cInvest in S\u00e9n\u00e9gal\u201d, r\u00e9pond \u00e0 l\u2019ambition du S\u00e9n\u00e9gal d\u2019\u00eatre un hub r\u00e9gional en mati\u00e8re d\u2019Investissements directs \u00e9trangers. \u00ab Les projets structurants d\u00e9velopp\u00e9s, notamment dans le plan quinquennal 2025-2029 de l\u2019Agenda national de Transformation, trouveront, en ce Forum, un excellent cadre pour renforcer les investissements priv\u00e9s au S\u00e9n\u00e9gal.<\/p>\n\n\n\n<p>Tenir en amont, ce Forum d\u00e9di\u00e9 aux Pme, nos entreprises nationales par essence, marque r\u00e9solument la d\u00e9termination du pr\u00e9sident de la R\u00e9publique de faire du secteur priv\u00e9, notamment national, le v\u00e9ritable moteur d\u2019une croissance \u00e9conomique endog\u00e8ne, soutenue et saine pour une \u00e9conomie souveraine \u00bb, a insist\u00e9 Ousmane Sonko. Par ailleurs, il a appel\u00e9 les jeunes entrepreneurs \u00e0 faire preuve de r\u00e9silience et de patience. \u00ab \u00c0 tous les entrepreneurs, la situation actuelle est provoqu\u00e9e par une volont\u00e9 de vivre au dessus de nos moyens. Un entrepreneuriat s\u00e9rieux ne peut pas \u00eatre rapide. Il faut construire du solide. Le financement ne peut pas prosp\u00e9rer si les financements acquis ne sont pas rembours\u00e9s \u00bb, a expliqu\u00e9 le Premier ministre.<\/p>\n\n\n\n<p><strong>Demba DIENG<\/strong><br>LESOLEIL<\/p>\n","protected":false},"excerpt":{"rendered":"<p>En marge du Forum des Petites et moyennes entreprises, le premier ministre Ousmane Sonko a d\u00e9taill\u00e9 la politique de soutien<\/p>\n","protected":false},"author":1,"featured_media":48580,"comment_status":"open","ping_status":"open","sticky":false,"template":"","format":"standard","meta":{"footnotes":""},"categories":[6],"tags":[],"class_list":["post-52262","post","type-post","status-publish","format-standard","has-post-thumbnail","hentry","category-politics"],"_links":{"self":[{"href":"https:\/\/dekkbi.com\/index.php?rest_route=\/wp\/v2\/posts\/52262","targetHints":{"allow":["GET"]}}],"collection":[{"href":"https:\/\/dekkbi.com\/index.php?rest_route=\/wp\/v2\/posts"}],"about":[{"href":"https:\/\/dekkbi.com\/index.php?rest_route=\/wp\/v2\/types\/post"}],"author":[{"embeddable":true,"href":"https:\/\/dekkbi.com\/index.php?rest_route=\/wp\/v2\/users\/1"}],"replies":[{"embeddable":true,"href":"https:\/\/dekkbi.com\/index.php?rest_route=%2Fwp%2Fv2%2Fcomments&post=52262"}],"version-history":[{"count":1,"href":"https:\/\/dekkbi.com\/index.php?rest_route=\/wp\/v2\/posts\/52262\/revisions"}],"predecessor-version":[{"id":52263,"href":"https:\/\/dekkbi.com\/index.php?rest_route=\/wp\/v2\/posts\/52262\/revisions\/52263"}],"wp:featuredmedia":[{"embeddable":true,"href":"https:\/\/dekkbi.com\/index.php?rest_route=\/wp\/v2\/media\/48580"}],"wp:attachment":[{"href":"https:\/\/dekkbi.com\/index.php?rest_route=%2Fwp%2Fv2%2Fmedia&parent=52262"}],"wp:term":[{"taxonomy":"category","embeddable":true,"href":"https:\/\/dekkbi.com\/index.php?rest_route=%2Fwp%2Fv2%2Fcategories&post=52262"},{"taxonomy":"post_tag","embeddable":true,"href":"https:\/\/dekkbi.com\/index.php?rest_route=%2Fwp%2Fv2%2Ftags&post=52262"}],"curies":[{"name":"wp","href":"https:\/\/api.w.org\/{rel}","templated":true}]}}