{"id":5226,"date":"2022-12-23T09:49:45","date_gmt":"2022-12-23T09:49:45","guid":{"rendered":"https:\/\/dekkbi.com\/?p=5226"},"modified":"2022-12-23T09:49:46","modified_gmt":"2022-12-23T09:49:46","slug":"bby-les-femmes-cadres-descendent-en-flammes-lopposition-et-renouvellent-leur-engagement-a-macky-sall","status":"publish","type":"post","link":"https:\/\/dekkbi.com\/?p=5226","title":{"rendered":"Bby: Les femmes cadres descendent en flammes l\u2019opposition et renouvellent leur engagement \u00e0 Macky Sall"},"content":{"rendered":"\n<h3 class=\"wp-block-heading\">La Plateforme des Femmes Cadres de BBY et de la Majorit\u00e9 Pr\u00e9sidentielle, f\u00e9licite l\u2019Assembl\u00e9e nationale du marathon parlementaire et approuve le rejet de la motion de censure. Elle se f\u00e9licite de la maturit\u00e9 des d\u00e9put\u00e9s de la coalition et de l\u2019opposition, ayant vot\u00e9 pour l\u2019int\u00e9r\u00eat g\u00e9n\u00e9ral du pays.<\/h3>\n\n\n\n<p>La Plateforme des Femmes Cadres se f\u00e9licite de la visite officielle de travail du pr\u00e9sident de la R\u00e9publique, Macky Sall aux Etat-unis et au Japon; qui a pour objectif le renforcement, l\u2019investissement et la coop\u00e9ration bilat\u00e9rale dans les domaines tels que le d\u00e9veloppement, les \u00e9changes commerciaux et interpersonnels\u2026entre nos deux pays.<\/p>\n\n\n\n<p>Aussi, les femmes cadres se r\u00e9jouissent de la visite de Son Excellence dans le S\u00e9n\u00e9gal Oriental du 26 au 29 d\u00e9cembre 2022, qui verra l\u2019inauguration de la route Tambacounda-Kidira et celui du camp militaire de Goudiry. Par ailleurs, le pr\u00e9sident de la R\u00e9publique pr\u00e9sidera le Conseil Pr\u00e9sidentiel, ainsi que la journ\u00e9e de l\u2019Elevage et tiendra le Conseil des Ministres d\u00e9centralis\u00e9 \u00e0 Tambacounda.<\/p>\n\n\n\n<p>Dans le m\u00eame sens, les Femmes Cadres soulignent pour s\u2019en honorer, de l\u2019aura internationale du S\u00e9n\u00e9gal. Elle encourage le Ministre de l\u2019Int\u00e9rieur, Monsieur Antoine F\u00e9lix Abdoulaye Diome qui a re\u00e7u avec les honneurs, son homologue fran\u00e7ais le Ministre de l\u2019Int\u00e9rieur et de l\u2019Outre-Mer, Monsieur G\u00e9rald Darmanin, dans le cadre d\u2019une visite de travail, en postlude \u00e0 la visite du Premier Ministre.<\/p>\n\n\n\n<p>Ainsi, la plateforme salue le travail remarquable de la justice sur diff\u00e9rents dossiers. Pour le cas Pape Ale Niang, les femmes d\u00e9plorent les critiques du patron du m\u00e9dia priv\u00e9 \u00ab\u00a0Dakar Matin\u00a0\u00bb, envers le pouvoir une semaine apr\u00e8s avoir b\u00e9n\u00e9fici\u00e9 d&rsquo;une lib\u00e9ration provisoire. Sur le dossier Adji Sarr, les femmes cadre restent confiantes et sont persuad\u00e9es que la Justice fera son travail.<\/p>\n\n\n\n<p>La plateforme f\u00e9licite le Ministre de l\u2019Agriculture de l\u2019\u00e9quipe rural et de la s\u00e9curit\u00e9 alimentaire, Monsieur Aly Ngouille Ndiaye repr\u00e9sentant du ministre des Infrastructures, Mansour Faye, pour le lancement des travaux de construction des routes du Dieri Ndioum Namarel Bombod\u00e9 Labgare Lingu\u00e8re. Ce qui mat\u00e9rialise la vision du chef de l\u2019Etat, de b\u00e2tir le S\u00e9n\u00e9gal.<\/p>\n\n\n\n<p>Aussi la Plateforme des Femmes Cadres de BBY et de la Majorit\u00e9 Pr\u00e9sidentielle, r\u00e9affirme-elle son soutien sans faille au gouvernement et au pr\u00e9sident de la R\u00e9publique, Macky Sall.<br><\/p>\n\n\n\n<p>Ousmane Wade<\/p>\n","protected":false},"excerpt":{"rendered":"<p>La Plateforme des Femmes Cadres de BBY et de la Majorit\u00e9 Pr\u00e9sidentielle, f\u00e9licite l\u2019Assembl\u00e9e nationale du marathon parlementaire et approuve<\/p>\n","protected":false},"author":1,"featured_media":5228,"comment_status":"open","ping_status":"open","sticky":false,"template":"","format":"standard","meta":{"footnotes":""},"categories":[6],"tags":[],"class_list":["post-5226","post","type-post","status-publish","format-standard","has-post-thumbnail","hentry","category-politics"],"_links":{"self":[{"href":"https:\/\/dekkbi.com\/index.php?rest_route=\/wp\/v2\/posts\/5226","targetHints":{"allow":["GET"]}}],"collection":[{"href":"https:\/\/dekkbi.com\/index.php?rest_route=\/wp\/v2\/posts"}],"about":[{"href":"https:\/\/dekkbi.com\/index.php?rest_route=\/wp\/v2\/types\/post"}],"author":[{"embeddable":true,"href":"https:\/\/dekkbi.com\/index.php?rest_route=\/wp\/v2\/users\/1"}],"replies":[{"embeddable":true,"href":"https:\/\/dekkbi.com\/index.php?rest_route=%2Fwp%2Fv2%2Fcomments&post=5226"}],"version-history":[{"count":1,"href":"https:\/\/dekkbi.com\/index.php?rest_route=\/wp\/v2\/posts\/5226\/revisions"}],"predecessor-version":[{"id":5229,"href":"https:\/\/dekkbi.com\/index.php?rest_route=\/wp\/v2\/posts\/5226\/revisions\/5229"}],"wp:featuredmedia":[{"embeddable":true,"href":"https:\/\/dekkbi.com\/index.php?rest_route=\/wp\/v2\/media\/5228"}],"wp:attachment":[{"href":"https:\/\/dekkbi.com\/index.php?rest_route=%2Fwp%2Fv2%2Fmedia&parent=5226"}],"wp:term":[{"taxonomy":"category","embeddable":true,"href":"https:\/\/dekkbi.com\/index.php?rest_route=%2Fwp%2Fv2%2Fcategories&post=5226"},{"taxonomy":"post_tag","embeddable":true,"href":"https:\/\/dekkbi.com\/index.php?rest_route=%2Fwp%2Fv2%2Ftags&post=5226"}],"curies":[{"name":"wp","href":"https:\/\/api.w.org\/{rel}","templated":true}]}}