{"id":52256,"date":"2025-02-20T11:41:55","date_gmt":"2025-02-20T11:41:55","guid":{"rendered":"https:\/\/dekkbi.com\/?p=52256"},"modified":"2025-02-20T11:41:56","modified_gmt":"2025-02-20T11:41:56","slug":"motion-de-soutien-au-premier-ministre-pour-un-secteur-prive-transparent-competitif-et-patriotique","status":"publish","type":"post","link":"https:\/\/dekkbi.com\/?p=52256","title":{"rendered":"Motion de soutien au Premier ministre : Pour un secteur priv\u00e9 transparent, comp\u00e9titif et patriotique"},"content":{"rendered":"\n<p>Le Premier Ministre, M. Ousmane Sonko, a tenu des propos forts et sans \u00e9quivoque lors de l\u2019ouverture du Forum de la PME ce mardi 18 f\u00e9vrier 2025 :<\/p>\n\n\n\n<p>\u00ab L\u2019affairisme d\u2019\u00c9tat est termin\u00e9 dans ce pays. Nous soutiendrons tous les acteurs priv\u00e9s qui veulent travailler s\u00e9rieusement et honn\u00eatement. Nous combattrons et mettrons fin aux pratiques o\u00f9 une bonne partie du secteur priv\u00e9 s\u2019enrichissait \u00e0 coups de surfacturation et de march\u00e9s grassement accord\u00e9s\u2026 Cela suffit ! Le vrai secteur priv\u00e9, celui qui sait entreprendre et qui veut entreprendre dans la rigueur et le patriotisme, aura tout le soutien et tout l\u2019encadrement de l\u2019\u00c9tat. \u00bb<\/p>\n\n\n\n<p>Ces mots r\u00e9sonnent comme un appel \u00e0 une refondation \u00e9conomique bas\u00e9e sur la m\u00e9ritocratie, la transparence et le patriotisme \u00e9conomique. En tant qu\u2019entrepreneurs, nous tenons \u00e0 exprimer notre soutien total \u00e0 cette vision et \u00e0 r\u00e9affirmer notre engagement \u00e0 accompagner l\u2019\u00c9tat dans cette nouvelle dynamique.<\/p>\n\n\n\n<p><strong>Un appel \u00e0 un secteur priv\u00e9 engag\u00e9 et responsable<\/strong><\/p>\n\n\n\n<p>Nous, chefs d\u2019entreprises, r\u00e9pondons favorablement \u00e0 cet appel. Nous voulons b\u00e2tir un secteur priv\u00e9 s\u00e9n\u00e9galais fort, structur\u00e9 et capable de rivaliser sur les march\u00e9s nationaux, r\u00e9gionaux et internationaux. Cela passe par :<br>* L\u2019acc\u00e8s \u00e9quitable aux march\u00e9s publics, fond\u00e9 sur des appels d\u2019offres transparents et des crit\u00e8res clairs.<br>* L\u2019encadrement et l\u2019accompagnement des PME pour renforcer leur comp\u00e9titivit\u00e9 et leur capacit\u00e9 d\u2019innovation.<br>* Une fiscalit\u00e9 \u00e9quitable et incitative, qui encourage l\u2019investissement productif plut\u00f4t que la sp\u00e9culation.<br>* La lutte contre la corruption et la fraude, qui fragilisent la confiance et d\u00e9tournent les ressources nationales.<br>* Le soutien aux champions nationaux, afin de stimuler un v\u00e9ritable tissu industriel et commercial s\u00e9n\u00e9galais.<\/p>\n\n\n\n<p>Nous sommes pr\u00eats \u00e0 investir, \u00e0 cr\u00e9er de l\u2019emploi et \u00e0 innover dans cet environnement renouvel\u00e9. Nous sommes pr\u00eats \u00e0 jouer notre r\u00f4le de moteur de la transformation \u00e9conomique du S\u00e9n\u00e9gal.<\/p>\n\n\n\n<p>Un partenariat \u00c9tat-Secteur priv\u00e9 pour un S\u00e9n\u00e9gal souverain et prosp\u00e8re<\/p>\n\n\n\n<p>Nous demandons au gouvernement de poursuivre ses r\u00e9formes en faveur d\u2019un cadre des affaires juste, transparent et comp\u00e9titif, afin de garantir une transition \u00e9conomique r\u00e9ussie.<\/p>\n\n\n\n<p>Nous sommes convaincus que le d\u00e9veloppement du S\u00e9n\u00e9gal ne se fera pas sans un secteur priv\u00e9 dynamique, engag\u00e9 et \u00e9thique.<\/p>\n\n\n\n<p>Monsieur le Premier Ministre, vous avez notre soutien. Nous serons \u00e0 vos c\u00f4t\u00e9s pour b\u00e2tir ensemble une \u00e9conomie s\u00e9n\u00e9galaise r\u00e9siliente, \u00e9quitable et tourn\u00e9e vers l\u2019avenir.<br>Ensemble, mettons fin \u00e0 l\u2019affairisme d\u2019\u00c9tat et ouvrons une \u00e8re de prosp\u00e9rit\u00e9 partag\u00e9e.<\/p>\n\n\n\n<p>Vive le S\u00e9n\u00e9gal ! Vive un secteur priv\u00e9 int\u00e8gre et performant !<\/p>\n\n\n\n<p><strong>Diabel SECK<\/strong><br><strong>Pr\u00e9sident Fondateur OUMOU GROUP<\/strong><\/p>\n","protected":false},"excerpt":{"rendered":"<p>Le Premier Ministre, M. Ousmane Sonko, a tenu des propos forts et sans \u00e9quivoque lors de l\u2019ouverture du Forum de<\/p>\n","protected":false},"author":1,"featured_media":52257,"comment_status":"open","ping_status":"open","sticky":false,"template":"","format":"standard","meta":{"footnotes":""},"categories":[3],"tags":[],"class_list":["post-52256","post","type-post","status-publish","format-standard","has-post-thumbnail","hentry","category-event-more-news"],"_links":{"self":[{"href":"https:\/\/dekkbi.com\/index.php?rest_route=\/wp\/v2\/posts\/52256","targetHints":{"allow":["GET"]}}],"collection":[{"href":"https:\/\/dekkbi.com\/index.php?rest_route=\/wp\/v2\/posts"}],"about":[{"href":"https:\/\/dekkbi.com\/index.php?rest_route=\/wp\/v2\/types\/post"}],"author":[{"embeddable":true,"href":"https:\/\/dekkbi.com\/index.php?rest_route=\/wp\/v2\/users\/1"}],"replies":[{"embeddable":true,"href":"https:\/\/dekkbi.com\/index.php?rest_route=%2Fwp%2Fv2%2Fcomments&post=52256"}],"version-history":[{"count":1,"href":"https:\/\/dekkbi.com\/index.php?rest_route=\/wp\/v2\/posts\/52256\/revisions"}],"predecessor-version":[{"id":52258,"href":"https:\/\/dekkbi.com\/index.php?rest_route=\/wp\/v2\/posts\/52256\/revisions\/52258"}],"wp:featuredmedia":[{"embeddable":true,"href":"https:\/\/dekkbi.com\/index.php?rest_route=\/wp\/v2\/media\/52257"}],"wp:attachment":[{"href":"https:\/\/dekkbi.com\/index.php?rest_route=%2Fwp%2Fv2%2Fmedia&parent=52256"}],"wp:term":[{"taxonomy":"category","embeddable":true,"href":"https:\/\/dekkbi.com\/index.php?rest_route=%2Fwp%2Fv2%2Fcategories&post=52256"},{"taxonomy":"post_tag","embeddable":true,"href":"https:\/\/dekkbi.com\/index.php?rest_route=%2Fwp%2Fv2%2Ftags&post=52256"}],"curies":[{"name":"wp","href":"https:\/\/api.w.org\/{rel}","templated":true}]}}