{"id":52250,"date":"2025-02-20T10:39:18","date_gmt":"2025-02-20T10:39:18","guid":{"rendered":"https:\/\/dekkbi.com\/?p=52250"},"modified":"2025-02-20T12:01:04","modified_gmt":"2025-02-20T12:01:04","slug":"le-saes-exige-la-mise-a-disposition-du-decret-sur-la-pension-des-chercheurs-decedes","status":"publish","type":"post","link":"https:\/\/dekkbi.com\/?p=52250","title":{"rendered":"Le SAES exige la mise \u00e0 disposition du d\u00e9cret sur la pension des chercheurs d\u00e9c\u00e9d\u00e9s"},"content":{"rendered":"\n<p>Dakar, (APS) \u2013 La coordination du Syndicat autonome des enseignants du sup\u00e9rieur (SAES) a exig\u00e9, mercredi, lors d\u2019un point de presse \u00e0 l\u2019universit\u00e9 Cheikh Anta Diop de Dakar, la mise \u00e0 disposition du d\u00e9cret portant sur le reversement de la pension aux ayants droit des enseignants-chercheurs et chercheurs d\u00e9c\u00e9d\u00e9s\u2019\u2019.<\/p>\n\n\n\n<p>\u2018\u2019Les familles de nos coll\u00e8gues disparus sont abandonn\u00e9es, priv\u00e9es du droit l\u00e9gitime \u00e0 une pension qui leur revient de plein droit\u2019\u2019, a d\u00e9plor\u00e9 le responsable de la communication du SAES \u00e0 l\u2019UCAD, Mamadou Bodiang.<\/p>\n\n\n\n<p>Ce point de presse fait suite \u00e0 une gr\u00e8ve de deux jours (mardi et mercredi) d\u00e9cr\u00e9t\u00e9e par les enseignants du sup\u00e9rieur.<\/p>\n\n\n\n<p>Dans sa plateforme revendicative, le SAES fait \u00e9tat du &nbsp;\u00bbnon reversement, depuis bient\u00f4t 5 ans, des pensions de retraite aux&nbsp; ayants droit des enseignants-chercheurs et chercheurs d\u00e9c\u00e9d\u00e9s\u2019\u2019.<\/p>\n\n\n\n<p>\u2018\u2019Cette situation est ind\u00e9fendable, inexcusable et t\u00e9moigne d\u2019une profonde indiff\u00e9rence des autorit\u00e9s \u00e0 l\u2019\u00e9gard de la dignit\u00e9 des enseignants-chercheurs et chercheurs d\u00e9c\u00e9d\u00e9s\u2019\u2019, a regrett\u00e9 M. Bodiang.<\/p>\n\n\n\n<p>Le responsable de la communication de la coordination SAES de l\u2019UCAD a \u00e9galement fait part de leur pr\u00e9occupation concernant &nbsp;\u00bbla non application du protocole d\u2019accord du 6 janvier 2023, ainsi que le respect des engagements pris par l\u2019\u00c9tat en mati\u00e8re de retraite des enseignants-chercheurs et chercheurs.\u2019\u2019<\/p>\n\n\n\n<p>\u2018\u2019Le SAES ne c\u00e9dera ni \u00e0 l\u2019intimidation ni \u00e0 l\u2019indiff\u00e9rence. Nous poursuivrons ce combat avec d\u00e9termination car, il est port\u00e9 par un imp\u00e9ratif moral et une exigence de justice\u2019\u2019,&nbsp; a dit Mamadou Bodiang.<\/p>\n\n\n\n<p>ID\/SC\/ADL\/SBS<\/p>\n","protected":false},"excerpt":{"rendered":"<p>Dakar, (APS) \u2013 La coordination du Syndicat autonome des enseignants du sup\u00e9rieur (SAES) a exig\u00e9, mercredi, lors d\u2019un point de<\/p>\n","protected":false},"author":1,"featured_media":52251,"comment_status":"open","ping_status":"open","sticky":false,"template":"","format":"standard","meta":{"footnotes":""},"categories":[21],"tags":[],"class_list":["post-52250","post","type-post","status-publish","format-standard","has-post-thumbnail","hentry","category-societe"],"_links":{"self":[{"href":"https:\/\/dekkbi.com\/index.php?rest_route=\/wp\/v2\/posts\/52250","targetHints":{"allow":["GET"]}}],"collection":[{"href":"https:\/\/dekkbi.com\/index.php?rest_route=\/wp\/v2\/posts"}],"about":[{"href":"https:\/\/dekkbi.com\/index.php?rest_route=\/wp\/v2\/types\/post"}],"author":[{"embeddable":true,"href":"https:\/\/dekkbi.com\/index.php?rest_route=\/wp\/v2\/users\/1"}],"replies":[{"embeddable":true,"href":"https:\/\/dekkbi.com\/index.php?rest_route=%2Fwp%2Fv2%2Fcomments&post=52250"}],"version-history":[{"count":1,"href":"https:\/\/dekkbi.com\/index.php?rest_route=\/wp\/v2\/posts\/52250\/revisions"}],"predecessor-version":[{"id":52252,"href":"https:\/\/dekkbi.com\/index.php?rest_route=\/wp\/v2\/posts\/52250\/revisions\/52252"}],"wp:featuredmedia":[{"embeddable":true,"href":"https:\/\/dekkbi.com\/index.php?rest_route=\/wp\/v2\/media\/52251"}],"wp:attachment":[{"href":"https:\/\/dekkbi.com\/index.php?rest_route=%2Fwp%2Fv2%2Fmedia&parent=52250"}],"wp:term":[{"taxonomy":"category","embeddable":true,"href":"https:\/\/dekkbi.com\/index.php?rest_route=%2Fwp%2Fv2%2Fcategories&post=52250"},{"taxonomy":"post_tag","embeddable":true,"href":"https:\/\/dekkbi.com\/index.php?rest_route=%2Fwp%2Fv2%2Ftags&post=52250"}],"curies":[{"name":"wp","href":"https:\/\/api.w.org\/{rel}","templated":true}]}}