{"id":52244,"date":"2025-02-20T10:32:55","date_gmt":"2025-02-20T10:32:55","guid":{"rendered":"https:\/\/dekkbi.com\/?p=52244"},"modified":"2025-02-20T12:09:44","modified_gmt":"2025-02-20T12:09:44","slug":"les-entreprises-francaises-souhaitent-continuer-a-investir-au-senegal-selon-le-chef-du-bureau-economique-de-lambassade-de-france","status":"publish","type":"post","link":"https:\/\/dekkbi.com\/?p=52244","title":{"rendered":"Les entreprises fran\u00e7aises souhaitent continuer \u00e0 investir au S\u00e9n\u00e9gal, selon le chef du bureau \u00e9conomique de l\u2019ambassade de France"},"content":{"rendered":"\n<p>Dakar,  (APS) \u2013 Les entreprises fran\u00e7aises souhaitent continuer \u00e0 investir au S\u00e9n\u00e9gal, dans des projets qu\u2019elles vont r\u00e9aliser conjointement avec des investisseurs locaux, a d\u00e9clar\u00e9, mercredi, \u00e0 Dakar, le chef du bureau \u00e9conomique de l\u2019ambassade de France au S\u00e9n\u00e9gal, Marc Legouy.<\/p>\n\n\n\n<p>\u2018\u2019Le message que nous souhaitons faire passer \u00e0 travers cette mission, c\u2019est que les entreprises fran\u00e7aises souhaitent continuer \u00e0 investir au S\u00e9n\u00e9gal, avec cette logique de co-investissement et de partenariat\u2019\u2019, a-t-il dit \u00e0 la fin d\u2019une rencontre du Mouvement des entreprises de France (MEDEF) avec l\u2019APIX, l\u2019agence nationale charg\u00e9e de promouvoir les investissements au&nbsp; S\u00e9n\u00e9gal.<\/p>\n\n\n\n<p>\u2018\u2019Les entreprises fran\u00e7aises sont d\u00e9j\u00e0 tr\u00e8s pr\u00e9sentes au S\u00e9n\u00e9gal et elles souhaitent y rester\u2019\u2019, a soutenu M. Legouy.<\/p>\n\n\n\n<p>La d\u00e9l\u00e9gation du MEDEF s\u2019est r\u00e9jouie de l\u2019accueil et de la qualit\u00e9 des \u00e9changes avec ses interlocuteurs. Elle est constitu\u00e9e des dirigeants de 26 entreprises.<\/p>\n\n\n\n<p>\u2018\u2019Quand nous avons une entreprise qui a un projet d\u2019investissement ou un projet de partenariat au S\u00e9n\u00e9gal, nous venons voir nos amis de l\u2019APIX pour travailler ensemble et faire en sorte que ce projet connaisse un succ\u00e8s\u2019\u2019, a dit Marc Legouy, se r\u00e9jouissant de la visite d\u2019entrepreneurs membres du MEDEF au S\u00e9n\u00e9gal.<\/p>\n\n\n\n<p>Ces derniers ont rencontr\u00e9 les ministres du Commerce et de l\u2019Industrie, de l\u2019\u00c9conomie, du Plan et de la Coop\u00e9ration, de l\u2019Agriculture, de la Souverainet\u00e9 alimentaire et de l\u2019\u00c9levage, de l\u2019Energie, du P\u00e9trole et des Mines.<\/p>\n\n\n\n<p>Cette visite est la premi\u00e8re du MEDEF au S\u00e9n\u00e9gal depuis l\u2019arriv\u00e9e au pouvoir de Pastef.<\/p>\n\n\n\n<p>Les leaders de ce parti politique s\u00e9n\u00e9galais reprochaient aux ex-dirigeants du pays de faire trop de privil\u00e8ges aux entrepreneurs fran\u00e7ais.<\/p>\n\n\n\n<p>CS\/AB\/HK\/ESF<\/p>\n","protected":false},"excerpt":{"rendered":"<p>Dakar, (APS) \u2013 Les entreprises fran\u00e7aises souhaitent continuer \u00e0 investir au S\u00e9n\u00e9gal, dans des projets qu\u2019elles vont r\u00e9aliser conjointement avec<\/p>\n","protected":false},"author":1,"featured_media":52278,"comment_status":"open","ping_status":"open","sticky":false,"template":"","format":"standard","meta":{"footnotes":""},"categories":[3],"tags":[],"class_list":["post-52244","post","type-post","status-publish","format-standard","has-post-thumbnail","hentry","category-event-more-news"],"_links":{"self":[{"href":"https:\/\/dekkbi.com\/index.php?rest_route=\/wp\/v2\/posts\/52244","targetHints":{"allow":["GET"]}}],"collection":[{"href":"https:\/\/dekkbi.com\/index.php?rest_route=\/wp\/v2\/posts"}],"about":[{"href":"https:\/\/dekkbi.com\/index.php?rest_route=\/wp\/v2\/types\/post"}],"author":[{"embeddable":true,"href":"https:\/\/dekkbi.com\/index.php?rest_route=\/wp\/v2\/users\/1"}],"replies":[{"embeddable":true,"href":"https:\/\/dekkbi.com\/index.php?rest_route=%2Fwp%2Fv2%2Fcomments&post=52244"}],"version-history":[{"count":1,"href":"https:\/\/dekkbi.com\/index.php?rest_route=\/wp\/v2\/posts\/52244\/revisions"}],"predecessor-version":[{"id":52246,"href":"https:\/\/dekkbi.com\/index.php?rest_route=\/wp\/v2\/posts\/52244\/revisions\/52246"}],"wp:featuredmedia":[{"embeddable":true,"href":"https:\/\/dekkbi.com\/index.php?rest_route=\/wp\/v2\/media\/52278"}],"wp:attachment":[{"href":"https:\/\/dekkbi.com\/index.php?rest_route=%2Fwp%2Fv2%2Fmedia&parent=52244"}],"wp:term":[{"taxonomy":"category","embeddable":true,"href":"https:\/\/dekkbi.com\/index.php?rest_route=%2Fwp%2Fv2%2Fcategories&post=52244"},{"taxonomy":"post_tag","embeddable":true,"href":"https:\/\/dekkbi.com\/index.php?rest_route=%2Fwp%2Fv2%2Ftags&post=52244"}],"curies":[{"name":"wp","href":"https:\/\/api.w.org\/{rel}","templated":true}]}}