{"id":52241,"date":"2025-02-20T10:22:59","date_gmt":"2025-02-20T10:22:59","guid":{"rendered":"https:\/\/dekkbi.com\/?p=52241"},"modified":"2025-02-20T10:22:59","modified_gmt":"2025-02-20T10:22:59","slug":"souleymane-cisse-la-trajectoire-dun-monument-du-cinema-africain-aureole-de-prix","status":"publish","type":"post","link":"https:\/\/dekkbi.com\/?p=52241","title":{"rendered":"Souleymane Ciss\u00e9, la trajectoire d\u2019un monument du cin\u00e9ma africain aur\u00e9ol\u00e9 de prix"},"content":{"rendered":"\n<p>Dakar, (APS) \u2013 Le cin\u00e9aste malien, Souleymane Ciss\u00e9, d\u00e9c\u00e9d\u00e9 mercredi \u00e0 l\u2019\u00e2ge de 84 ans \u00e0 Bamako, a \u00e9t\u00e9 jusqu\u2019\u00e0 sa mort un monument du cin\u00e9ma africain aur\u00e9ol\u00e9 de prix, totalisant plus de 50 ans de carri\u00e8re et ayant fait rayonner le 7e art du continent partout dans le monde.<\/p>\n\n\n\n<p>Il devait pr\u00e9sider \u00e0 partir de samedi prochain le jury long m\u00e9trage fiction de la 29\u00e8me \u00e9dition du Festival panafricain du cin\u00e9ma et de la t\u00e9l\u00e9vision de Ouagadougou (Fespaco), au Burkina Faso.<\/p>\n\n\n\n<p>N\u00e9 \u00e0 Bamako le 21 avril 1940, Souleymane Ciss\u00e9 qui fait son entr\u00e9e dans le cin\u00e9ma en 1970 a r\u00e9alis\u00e9 de nombreux films? dont \u2018\u2019Baara\u2019\u2019 (Le travail) en 1978 Etalon d\u2019or de Yennenga au Festival panafricain du cin\u00e9ma et de la t\u00e9l\u00e9vision de Ouagadougou (Fespaco) l\u2019ann\u00e9e suivante, suivi de \u2018\u2019Finy\u00e9\u2019\u2019 (Le vent) en 1982 qui sera aussi distingu\u00e9 en 1983 d\u2019un Etalon d\u2019or du Yennenga, faisant de lui le premier r\u00e9alisateur \u00e0 \u00eatre laur\u00e9at de cette r\u00e9compense deux fois.&nbsp;Ce film sera aussi r\u00e9compens\u00e9 d\u2019un Tanit d\u2019or aux journ\u00e9es cin\u00e9matographiques de Carthage, en Tunisie (1982).<\/p>\n\n\n\n<p>\u2018\u2019Baara\u2019\u2019 relate l\u2019histoire d\u2019un jeune ing\u00e9nieur, r\u00e9volt\u00e9 par l\u2019attitude de son PDG, qui d\u00e9cide d\u2019organiser une r\u00e9union avec les ouvriers pour faire valoir leurs droits. Son patron le fait aussit\u00f4t enlever puis assassiner. \u2018\u2019Finy\u00e9\u2019\u2019, quant \u00e0 lui, est une chronique sur la r\u00e9volte des \u00e9tudiants maliens face au pouvoir militaire.&nbsp;Ce dernier film sera aussi s\u00e9lectionn\u00e9 au festival international de Cannes en France en 1982.<\/p>\n\n\n\n<p>Mais c\u2019est \u2018\u2019Yeelen\u2019\u2019 (La lumi\u00e8re), son film initiatique sur le douloureux chemin que prend l\u2019enfant pour devenir adulte tourn\u00e9 entre 1984 et 1987, qui obtiendra le prix sp\u00e9cial du jury au festival de Cannes, en 1987.&nbsp;Il devient alors premier cin\u00e9aste africain \u00e0 d\u00e9crocher une telle distinction \u00e0 Cannes.<\/p>\n\n\n\n<p>Souleymane Ciss\u00e9 tourne \u2018\u2019Waati\u2019\u2019 (Le Temps, 1995), qui retrace l\u2019histoire de Nandi, une enfant noire d\u2019Afrique du Sud au moment de l\u2019Apartheid, qui fuit son pays pour partir en C\u00f4te d\u2019Ivoire, au Mali et en Namibie, avant de revenir dans son pays d\u2019origine apr\u00e8s la fin du r\u00e9gime.&nbsp;Il r\u00e9alise ensuite \u2018\u2019 Min y\u00e9\u2019\u2019 qui aborde le th\u00e8me de la polygamie. Ce film, dans lequel jouent Sokona Gakou, animatrice \u00e0 Africable, et Assane Kouyat\u00e9, est pr\u00e9sent\u00e9 au Festival de Cannes 2009.<\/p>\n\n\n\n<p>Dans sa riche filmographie, Ciss\u00e9 qui a re\u00e7u en 2023 en France la Carosse d\u2019or en \u2018\u2019reconnaissance de sa brillante carri\u00e8re\u2019\u2019 lors de la 76<sup>e<\/sup>&nbsp;\u00e9dition du festival de Cannes. Le troph\u00e9e avait fait l\u2019objet d\u2019un vol \u00e0 Bamako l\u2019ann\u00e9e derni\u00e8re, mais il a \u00e9t\u00e9 finalement retrouv\u00e9 quelques jours apr\u00e8s une grande campagne men\u00e9e par les autorit\u00e9s maliennes.<\/p>\n\n\n\n<p><strong>Form\u00e9 \u00e0&nbsp;<\/strong><strong>l\u2019\u00e9cole de cin\u00e9ma VGIK de Moscou comme Sembene Ousmane<\/strong><\/p>\n\n\n\n<p>Fondateur depuis 1997 de l\u2019Union des cr\u00e9ateurs et entrepreneurs du cin\u00e9ma et de l\u2019audiovisuel de l\u2019Afrique de l\u2019Ouest (UCECAO) qu\u2019il a pr\u00e9sid\u00e9, Souleymane Ciss\u00e9 a pris go\u00fbt au cin\u00e9ma \u00e0 Dakar o\u00f9 il a pass\u00e9 son enfance alors que son p\u00e8re y travaillait dans le cadre des colonies de l\u2019Afrique occidentale fran\u00e7aise (AOF).<\/p>\n\n\n\n<p>Apr\u00e8s des \u00e9tudes de philosophie, il ira se former entre 1963 \u00e0 1969 de l\u2019\u00e9cole de cin\u00e9ma VGIK de Moscou, o\u00f9 il obtient son dipl\u00f4me de r\u00e9alisateur l\u00e0 o\u00f9 des ann\u00e9es auparavant le cin\u00e9aste s\u00e9n\u00e9galais Sembene Ousmane \u00e9tait pass\u00e9.<\/p>\n\n\n\n<p>En 2012, Souleymane Ciss\u00e9 va pr\u00e9senter aux JCC un film hommage \u00e0 celui que l\u2019on appelait \u2018\u2019l\u2019A\u00een\u00e9 des anciens\u2019\u2019 intitul\u00e9 &nbsp;\u00bbO ! Sembene&nbsp;\u00bb. Ce documentaire personnel permet \u00e0 Ciss\u00e9 de faire son deuil apr\u00e8s la disparition de Semb\u00e8ne Ousmane le 9 juin 2007<strong>.&nbsp;<\/strong><em>\u2018<\/em>\u2019Lorsque j\u2019ai \u00e9t\u00e9 inform\u00e9 du d\u00e9c\u00e8s, je me suis rendu \u00e0 Dakar et j\u2019ai commenc\u00e9 \u00e0 filmer sans savoir quoi capter\u2019\u2019, avait-il dit lors de cette projection \u00e0 Tunis.&nbsp;Son lien avec Dakar \u00e9tait \u2018\u2019tr\u00e8s profond\u2019\u2019 et le cin\u00e9aste malien ne manquait pas de l\u2019\u00e9voquer \u00e0 chaque sortie. &nbsp;&nbsp;<\/p>\n\n\n\n<p><strong>Porte-flambeau d\u2019un cin\u00e9ma engag\u00e9<\/strong><\/p>\n\n\n\n<p>Souleymane Ciss\u00e9 est consid\u00e9r\u00e9 comme le porte-flambeau d\u2019un cin\u00e9ma engag\u00e9, a estim\u00e9 le journaliste critique Baba Diop qui cite la plus grande \u0153uvre du r\u00e9alisateur malien comme \u00e9tant \u2018\u2019Yeelen\u2019\u2019 (La lumi\u00e8re).<\/p>\n\n\n\n<p>\u2018\u2019+Yeelen+ est sa plus grande \u0153uvre qui a \u00e9bloui le public africain et mondial parce qu\u2019il ouvre une nouvelle \u00e9criture cin\u00e9matographique vers la science-fiction alli\u00e9e \u00e0 la tradition qui \u00e9tait tr\u00e8s ch\u00e8re \u00e0 Souleymane Ciss\u00e9\u2019\u2019, a analys\u00e9 Baba Diop qui pr\u00e9cise que tout le monde a \u00e9t\u00e9 unanime sur ce film.<\/p>\n\n\n\n<p>Selon lui, le r\u00e9alisateur malien disparu ce mercredi a eu, \u00e0 travers ses films, \u2018\u2019un engagement social pour la classe ouvri\u00e8re, les minorit\u00e9s et se battait contre l\u2019injustice\u2019\u2019.&nbsp;\u2018\u2019C\u2019\u00e9tait un r\u00e9alisateur qui avait une connaissance aigue de sa soci\u00e9t\u00e9 et de ses cultures qu\u2019il a toujours revendiqu\u00e9es\u2019\u2019, a dit le critique rendant hommage \u00e0 Souleymane Ciss\u00e9.<\/p>\n\n\n\n<p>Pour l\u2019enseignant Magu\u00e8ye Kass\u00e9, par ailleurs critique de cin\u00e9ma, \u2018\u2019l\u2019Afrique a perdu un cin\u00e9aste dont l\u2019esth\u00e9tique est particuli\u00e8re\u2019\u2019.&nbsp;\u2018\u2019Dans ses films d\u00e9complex\u00e9s, il a m\u00e9rite de mettre le doigt sur un certain nombre de travers de la soci\u00e9t\u00e9. Il fait partie de ceux qui avaient \u00e0 c\u0153ur de participer \u00e0 la transformation sociale\u2019\u2019, a d\u00e9clar\u00e9 le professeur Kass\u00e9 analysant chacun des films de Souleymane Ciss\u00e9.&nbsp;Il ajoute que Ciss\u00e9 faisait partie des &nbsp;\u00bbcin\u00e9astes prometteurs&nbsp;\u00bb qui se sont engag\u00e9 sans partie pris id\u00e9ologique apr\u00e8s la g\u00e9n\u00e9ration de Sembene Ousmane. &nbsp;&nbsp;&nbsp;<\/p>\n\n\n\n<p>Souleymane Ciss\u00e9 a \u00e9t\u00e9 \u00e9lev\u00e9 par le pr\u00e9sident de la R\u00e9publique Amadou Toumani Tour\u00e9, au rang de Commandeur de l\u2019Ordre national du Mali, le 1er janvier 2006. Il est \u00e9galement \u00e9lev\u00e9 au grade de Commandeur des Arts et Lettres de la R\u00e9publique Fran\u00e7aise.<\/p>\n\n\n\n<p>En 2022, sa fille Fatou Ciss\u00e9 lui consacre un documentaire portrait \u00ab&nbsp;Hommage d\u2019une fille \u00e0 son p\u00e8re : Souleymane Ciss\u00e9&nbsp;\u00bb dont la premi\u00e8re mondiale a lieu au festival de Cannes la m\u00eame ann\u00e9e.<\/p>\n\n\n\n<p>FKS\/ADC &#8211; \u2014 Par Fatou Kin\u00e9 S\u00e8ne \u2014<\/p>\n","protected":false},"excerpt":{"rendered":"<p>Dakar, (APS) \u2013 Le cin\u00e9aste malien, Souleymane Ciss\u00e9, d\u00e9c\u00e9d\u00e9 mercredi \u00e0 l\u2019\u00e2ge de 84 ans \u00e0 Bamako, a \u00e9t\u00e9 jusqu\u2019\u00e0<\/p>\n","protected":false},"author":1,"featured_media":52242,"comment_status":"open","ping_status":"open","sticky":false,"template":"","format":"standard","meta":{"footnotes":""},"categories":[26],"tags":[],"class_list":["post-52241","post","type-post","status-publish","format-standard","has-post-thumbnail","hentry","category-fait-divers"],"_links":{"self":[{"href":"https:\/\/dekkbi.com\/index.php?rest_route=\/wp\/v2\/posts\/52241","targetHints":{"allow":["GET"]}}],"collection":[{"href":"https:\/\/dekkbi.com\/index.php?rest_route=\/wp\/v2\/posts"}],"about":[{"href":"https:\/\/dekkbi.com\/index.php?rest_route=\/wp\/v2\/types\/post"}],"author":[{"embeddable":true,"href":"https:\/\/dekkbi.com\/index.php?rest_route=\/wp\/v2\/users\/1"}],"replies":[{"embeddable":true,"href":"https:\/\/dekkbi.com\/index.php?rest_route=%2Fwp%2Fv2%2Fcomments&post=52241"}],"version-history":[{"count":1,"href":"https:\/\/dekkbi.com\/index.php?rest_route=\/wp\/v2\/posts\/52241\/revisions"}],"predecessor-version":[{"id":52243,"href":"https:\/\/dekkbi.com\/index.php?rest_route=\/wp\/v2\/posts\/52241\/revisions\/52243"}],"wp:featuredmedia":[{"embeddable":true,"href":"https:\/\/dekkbi.com\/index.php?rest_route=\/wp\/v2\/media\/52242"}],"wp:attachment":[{"href":"https:\/\/dekkbi.com\/index.php?rest_route=%2Fwp%2Fv2%2Fmedia&parent=52241"}],"wp:term":[{"taxonomy":"category","embeddable":true,"href":"https:\/\/dekkbi.com\/index.php?rest_route=%2Fwp%2Fv2%2Fcategories&post=52241"},{"taxonomy":"post_tag","embeddable":true,"href":"https:\/\/dekkbi.com\/index.php?rest_route=%2Fwp%2Fv2%2Ftags&post=52241"}],"curies":[{"name":"wp","href":"https:\/\/api.w.org\/{rel}","templated":true}]}}