{"id":52238,"date":"2025-02-19T14:02:59","date_gmt":"2025-02-19T14:02:59","guid":{"rendered":"https:\/\/dekkbi.com\/?p=52238"},"modified":"2025-02-19T14:03:00","modified_gmt":"2025-02-19T14:03:00","slug":"liban-ce-que-lon-sait-des-funerailles-de-hassan-nasrallah-ancien-chef-du-hezbollah","status":"publish","type":"post","link":"https:\/\/dekkbi.com\/?p=52238","title":{"rendered":"Liban : ce que l&rsquo;on sait des fun\u00e9railles de Hassan Nasrallah, ancien chef du Hezbollah"},"content":{"rendered":"\n<p>Le&nbsp;Hezbollah libanais&nbsp;organise le 23&nbsp;f\u00e9vrier les fun\u00e9railles de son ancien chef&nbsp;Hassan Nasrallah,&nbsp;assassin\u00e9 fin septembre dans un bombardement isra\u00e9lien sur la banlieue sud de Beyrouth. Alors que le mouvement a appel\u00e9 \u00e0 une large participation, de nombreux vols, notamment au d\u00e9part de Bagdad, affichent complets.&nbsp;Selon le Hezbollah, 79 pays seront repr\u00e9sent\u00e9s lors de cette c\u00e9r\u00e9monie.<\/p>\n\n\n\n<p>Les vols entre Bagdad et\u00a0Beyrouth\u00a0affichent presque complet \u00e0 quelques jours des fun\u00e9railles, dimanche 23 f\u00e9vrier de\u00a0Hassan Nasrallah, pour lesquelles des liaisons suppl\u00e9mentaires sont pr\u00e9vues, ont annonc\u00e9 mercredi des responsables des compagnies.<\/p>\n\n\n\n<p>Le mouvement chiite pro-iranien a appel\u00e9 \u00e0 une large participation aux fun\u00e9railles \u00e0 Beyrouth de leur ancien chef,\u00a0tu\u00e9 dans une frappe isra\u00e9lienne sur la banlieue sud de la capitale libanaise le 27 septembre.<\/p>\n\n\n\n<p>Selon un responsable irakien, des personnalit\u00e9s du pays doivent assister aux fun\u00e9railles \u00e0 titre priv\u00e9. Des repr\u00e9sentants des factions pro-iraniennes alli\u00e9es du\u00a0Hezbollah\u00a0libanais sont \u00e9galement attendus.<\/p>\n\n\n\n<p>En raison d&rsquo;une demande accrue, Iraqi Airways portera ainsi \u00e0 deux le nombre de vols quotidiens vers Beyrouth \u00e0 partir de jeudi, contre un normalement, selon le porte-parole du minist\u00e8re des Transports, Maytham al-Safi.<\/p>\n\n\n\n<p>\u00ab\u00a0Toutes les places sur les vols d&rsquo;Iraqi Airways de Bagdad \u00e0 Beyrouth sont r\u00e9serv\u00e9es\u00a0\u00bb, a d\u00e9clar\u00e9 \u00e0 l&rsquo;AFP un responsable de la compagnie irakienne.<\/p>\n\n\n\n<p>Une source de la compagnie libanaise Middle East Airlines (MEA) a \u00e9galement indiqu\u00e9 que des vols suppl\u00e9mentaires \u00e9taient pr\u00e9vus du 21 au 25 f\u00e9vrier.&nbsp;<\/p>\n\n\n\n<p>Les sites internet des compagnies montrent que les vols d&rsquo;Iraqi Airways sont complets jusqu&rsquo;\u00e0 dimanche et ceux de MEA presque complets.<\/p>\n\n\n\n<h2 class=\"wp-block-heading\">Discours de Na\u00efm Qassem<\/h2>\n\n\n\n<p>L&rsquo;a\u00e9roport de Beyrouth sera par ailleurs ferm\u00e9 pendant quatre heures durant les fun\u00e9railles, qui se d\u00e9rouleront dans la banlieue sud, un fief du\u00a0Hezbollah. Le mouvement a affirm\u00e9 que 79 pays y seraient repr\u00e9sent\u00e9s.<\/p>\n\n\n\n<p>Les fun\u00e9railles d\u00e9buteront \u00e0 13 h (11 h GMT) dans un stade de la banlieue sud de Beyrouth. Le\u00a0nouveau chef du Hezbollah, Na\u00efm Qassem, s&rsquo;exprimera \u00e0 cette occasion. Son discours sera suivi d&rsquo;une procession jusqu&rsquo;au site d&rsquo;inhumation de Nasrallah, en p\u00e9riph\u00e9rie de Beyrouth.<\/p>\n\n\n\n<p>Le porte-parole du minist\u00e8re iranien des Affaires \u00e9trang\u00e8res, Esmaeil Baqaei, a d\u00e9clar\u00e9 lundi que son pays participerait \u00e0 cette c\u00e9r\u00e9monie \u00e0 un haut niveau, sans pr\u00e9ciser qui serait pr\u00e9sent.<\/p>\n\n\n\n<p>Le 23 f\u00e9vrier auront lieu \u00e9galement les fun\u00e9railles\u00a0de Hachem Safieddine, une figure influente du Hezbollah qui avait \u00e9t\u00e9 choisi pour succ\u00e9der \u00e0 Nasrallah,\u00a0avant d&rsquo;\u00eatre lui aussi tu\u00e9 lors d&rsquo;un raid isra\u00e9lien en octobre. Il sera\u00a0 inhum\u00e9 dans sa ville natale de Deir Qanoun, dans le sud du Liban.<\/p>\n\n\n\n<p>L&rsquo;assassinat de Nasrallah, qui a \u00e9t\u00e9 pendant des d\u00e9cennies \u00e0 la t\u00eate du puissant Hezbollah, a provoqu\u00e9 une onde de choc au\u00a0Liban\u00a0et dans toute la r\u00e9gion.<\/p>\n\n\n\n<p>Dimanche apr\u00e8s-midi, des milliers de personnes sont attendues pour une procession \u00e0 Bagdad ainsi que dans les villes saintes chiites de Najaf et Karbala.<\/p>\n\n\n\n<p><em>Avec AFP<\/em><\/p>\n\n\n\n<p><\/p>\n\n\n\n<p><a href=\"https:\/\/www.france24.com\/fr\/moyen-orient\/20241029-liban-na%C3%AFm-qassem-%C3%A9lu-nouveau-chef-du-hezbollah-pour-remplacer-hassan-nasrallah\"><\/a><\/p>\n","protected":false},"excerpt":{"rendered":"<p>Le&nbsp;Hezbollah libanais&nbsp;organise le 23&nbsp;f\u00e9vrier les fun\u00e9railles de son ancien chef&nbsp;Hassan Nasrallah,&nbsp;assassin\u00e9 fin septembre dans un bombardement isra\u00e9lien sur la banlieue<\/p>\n","protected":false},"author":1,"featured_media":52239,"comment_status":"open","ping_status":"open","sticky":false,"template":"","format":"standard","meta":{"footnotes":""},"categories":[51],"tags":[],"class_list":["post-52238","post","type-post","status-publish","format-standard","has-post-thumbnail","hentry","category-general"],"_links":{"self":[{"href":"https:\/\/dekkbi.com\/index.php?rest_route=\/wp\/v2\/posts\/52238","targetHints":{"allow":["GET"]}}],"collection":[{"href":"https:\/\/dekkbi.com\/index.php?rest_route=\/wp\/v2\/posts"}],"about":[{"href":"https:\/\/dekkbi.com\/index.php?rest_route=\/wp\/v2\/types\/post"}],"author":[{"embeddable":true,"href":"https:\/\/dekkbi.com\/index.php?rest_route=\/wp\/v2\/users\/1"}],"replies":[{"embeddable":true,"href":"https:\/\/dekkbi.com\/index.php?rest_route=%2Fwp%2Fv2%2Fcomments&post=52238"}],"version-history":[{"count":1,"href":"https:\/\/dekkbi.com\/index.php?rest_route=\/wp\/v2\/posts\/52238\/revisions"}],"predecessor-version":[{"id":52240,"href":"https:\/\/dekkbi.com\/index.php?rest_route=\/wp\/v2\/posts\/52238\/revisions\/52240"}],"wp:featuredmedia":[{"embeddable":true,"href":"https:\/\/dekkbi.com\/index.php?rest_route=\/wp\/v2\/media\/52239"}],"wp:attachment":[{"href":"https:\/\/dekkbi.com\/index.php?rest_route=%2Fwp%2Fv2%2Fmedia&parent=52238"}],"wp:term":[{"taxonomy":"category","embeddable":true,"href":"https:\/\/dekkbi.com\/index.php?rest_route=%2Fwp%2Fv2%2Fcategories&post=52238"},{"taxonomy":"post_tag","embeddable":true,"href":"https:\/\/dekkbi.com\/index.php?rest_route=%2Fwp%2Fv2%2Ftags&post=52238"}],"curies":[{"name":"wp","href":"https:\/\/api.w.org\/{rel}","templated":true}]}}