{"id":52226,"date":"2025-02-19T12:23:09","date_gmt":"2025-02-19T12:23:09","guid":{"rendered":"https:\/\/dekkbi.com\/?p=52226"},"modified":"2025-02-19T13:41:11","modified_gmt":"2025-02-19T13:41:11","slug":"litige-psg-mbappe-la-federation-francaise-juge-lappel-de-lattaquant-du-real-madrid-irrecevable","status":"publish","type":"post","link":"https:\/\/dekkbi.com\/?p=52226","title":{"rendered":"PSG-Mbapp\u00e9: la F\u00e9d\u00e9ration fran\u00e7aise juge l\u2019appel de l\u2019attaquant \u201cirrecevable\u201d"},"content":{"rendered":"\n<p>La commission sup\u00e9rieure d\u2019appel de la F\u00e9d\u00e9ration fran\u00e7aise de football (FFF) a jug\u00e9 irrecevable l\u2019appel form\u00e9 par Kylian Mbapp\u00e9, qui demande au Paris SG de lui payer 55 millions d\u2019euros de salaires et primes, a appris mardi l\u2019AFP d\u2019une source proche du dossier.<\/p>\n\n\n\n<p><strong>T.D.\u00a0<\/strong>\u00a0<strong>Source:<\/strong>\u00a0Belga<\/p>\n\n\n\n<p>Cette d\u00e9cision confirme celle de la commission de discipline de la Ligue de football professionnel (LFP) du 11 d\u00e9cembre qui avait aussi conclu \u00e0 l\u2019irrecevabilit\u00e9 de la saisine du joueur, le PSG ayant assign\u00e9 entre-temps la LFP devant le tribunal judiciaire de Paris. Le club parisien contestait deux premi\u00e8res d\u00e9cisions de la Ligue qui lui demandait de r\u00e9gler les 55 millions d\u2019euros r\u00e9clam\u00e9s par son ex-joueur.<\/p>\n\n\n\n<p>La commission sup\u00e9rieure d\u2019appel de la FFF s\u2019est r\u00e9unie le 30 janvier, sans recevoir les parties, et a d\u00e9cid\u00e9 le 11 f\u00e9vrier de cette irrecevabilit\u00e9, selon la source proche du dossier.<\/p>\n\n\n\n<p>La commission de la FFF a estim\u00e9 que la LFP avait \u201c\u00e0 juste titre consid\u00e9r\u00e9 qu\u2019aucune proc\u00e9dure disciplinaire ne devait \u00eatre engag\u00e9e \u00e0 l\u2019encontre du club\u201d en raison de la proc\u00e9dure ouverte devant le tribunal judiciaire de Paris, selon la source. Une audience d\u2019orientation, c\u2019est-\u00e0-dire un premier examen de l\u2019affaire, a \u00e9t\u00e9 fix\u00e9e au 26 mai, avant la tenue d\u2019une premi\u00e8re audience sur le fond du dossier qui pourrait prendre plusieurs mois.<\/p>\n\n\n\n<h2 class=\"wp-block-heading\">Un conflit qui date de 2023<\/h2>\n\n\n\n<p>Le conflit trouve son origine dans le statut d\u2019un accord pass\u00e9 au c\u0153ur du mois d\u2019ao\u00fbt 2023 entre l\u2019attaquant et la direction du club parisien.<\/p>\n\n\n\n<p>Le capitaine des Bleus \u00e9tait alors mis \u00e0 l\u2019\u00e9cart du groupe pour avoir refus\u00e9 de prolonger au PSG. Cette prolongation aurait garanti au club de toucher l\u2019argent d\u2019un transfert alors que Mbapp\u00e9 s\u2019est finalement engag\u00e9 libre l\u2019\u00e9t\u00e9 dernier avec le Real Madrid.<\/p>\n\n\n\n<p>Dans cet accord, le joueur s\u2019engageait \u00e0 renoncer \u00e0 55 millions de primes diverses s\u2019il venait \u00e0 partir libre en fin de saison. Mais la validit\u00e9 de cet accord, que le joueur lui-m\u00eame avait \u00e9voqu\u00e9 publiquement face aux journalistes en janvier 2024, est contest\u00e9e par le camp de la star, qui \u00e9voque un \u201caccord occulte\u201d.<\/p>\n\n\n\n<p>Il demande le versement d\u2019une somme de 55 millions d\u2019euros qui comprend l\u2019ultime tiers d\u2019une prime \u00e0 la signature (36 millions d\u2019euros brut) que le joueur \u00e9tait cens\u00e9 toucher en f\u00e9vrier 2024, les trois derniers mois de salaire pr\u00e9vus dans son contrat (avril, mai et juin 2024), ainsi qu\u2019une prime d\u2019\u00e9thique pendant ces trois mois.<\/p>\n","protected":false},"excerpt":{"rendered":"<p>La commission sup\u00e9rieure d\u2019appel de la F\u00e9d\u00e9ration fran\u00e7aise de football (FFF) a jug\u00e9 irrecevable l\u2019appel form\u00e9 par Kylian Mbapp\u00e9, qui<\/p>\n","protected":false},"author":1,"featured_media":42200,"comment_status":"open","ping_status":"open","sticky":false,"template":"","format":"standard","meta":{"footnotes":""},"categories":[9],"tags":[],"class_list":["post-52226","post","type-post","status-publish","format-standard","has-post-thumbnail","hentry","category-sports"],"_links":{"self":[{"href":"https:\/\/dekkbi.com\/index.php?rest_route=\/wp\/v2\/posts\/52226","targetHints":{"allow":["GET"]}}],"collection":[{"href":"https:\/\/dekkbi.com\/index.php?rest_route=\/wp\/v2\/posts"}],"about":[{"href":"https:\/\/dekkbi.com\/index.php?rest_route=\/wp\/v2\/types\/post"}],"author":[{"embeddable":true,"href":"https:\/\/dekkbi.com\/index.php?rest_route=\/wp\/v2\/users\/1"}],"replies":[{"embeddable":true,"href":"https:\/\/dekkbi.com\/index.php?rest_route=%2Fwp%2Fv2%2Fcomments&post=52226"}],"version-history":[{"count":2,"href":"https:\/\/dekkbi.com\/index.php?rest_route=\/wp\/v2\/posts\/52226\/revisions"}],"predecessor-version":[{"id":52237,"href":"https:\/\/dekkbi.com\/index.php?rest_route=\/wp\/v2\/posts\/52226\/revisions\/52237"}],"wp:featuredmedia":[{"embeddable":true,"href":"https:\/\/dekkbi.com\/index.php?rest_route=\/wp\/v2\/media\/42200"}],"wp:attachment":[{"href":"https:\/\/dekkbi.com\/index.php?rest_route=%2Fwp%2Fv2%2Fmedia&parent=52226"}],"wp:term":[{"taxonomy":"category","embeddable":true,"href":"https:\/\/dekkbi.com\/index.php?rest_route=%2Fwp%2Fv2%2Fcategories&post=52226"},{"taxonomy":"post_tag","embeddable":true,"href":"https:\/\/dekkbi.com\/index.php?rest_route=%2Fwp%2Fv2%2Ftags&post=52226"}],"curies":[{"name":"wp","href":"https:\/\/api.w.org\/{rel}","templated":true}]}}