{"id":52219,"date":"2025-02-19T12:16:31","date_gmt":"2025-02-19T12:16:31","guid":{"rendered":"https:\/\/dekkbi.com\/?p=52219"},"modified":"2025-02-19T12:16:31","modified_gmt":"2025-02-19T12:16:31","slug":"burkina-faso-huit-mois-sans-nouvelles-de-plusieurs-journalistes-disparus","status":"publish","type":"post","link":"https:\/\/dekkbi.com\/?p=52219","title":{"rendered":"Burkina Faso: huit mois sans nouvelles de plusieurs journalistes disparus"},"content":{"rendered":"\n<p>Au Burkina Faso, cela fait huit mois jour pour jour que l&rsquo;on est sans nouvelle du journaliste Kalifara S\u00e9r\u00e9. La disparition du chroniqueur de BF1 marquait le d\u00e9but d&rsquo;une s\u00e9rie d&rsquo;enl\u00e8vements et d&rsquo;arrestations au sein de la presse burkinab\u00e8, avec l&rsquo;interpellation de journalistes reconnus, tels qu&rsquo;Alain Alain, Serge Oulon et Adama Bayala. Les quatre hommes de m\u00e9dias ont disparu en l&rsquo;espace d&rsquo;un mois seulement entre juin et juillet 2024. Selon Reporters sans fronti\u00e8res (RSF), ces voix, jug\u00e9es critiques par la junte du capitaine Ibrahim Traor\u00e9, ont \u00e9t\u00e9 r\u00e9quisitionn\u00e9es par l&rsquo;arm\u00e9e pour combattre au front contre les jihadistes.Kalifara S\u00e9r\u00e9 a disparu&nbsp;le 19 juin dernier, suivi de Serge Oulon le 24 et Adama Bayala le 28.&nbsp;En moins de dix jours, l&rsquo;an dernier, les trois journalistes burkinab\u00e8 sont enlev\u00e9s \u00e0 Ouagadougou par des inconnus, parfois cagoul\u00e9s ou masqu\u00e9s, selon les t\u00e9moignages.<\/p>\n\n\n\n<p>Serge Oulon, du journal\u00a0<em>L&rsquo;\u00c9v\u00e9nement<\/em>, auteur\u00a0<strong>d&rsquo;une enqu\u00eate sur des d\u00e9tournements de fonds destin\u00e9s aux VDP<\/strong>, est enlev\u00e9 \u00e0 son domicile.\u00a0Le chroniqueur de BF1, Adama Bayala, est kidnapp\u00e9 en pleine circulation apr\u00e8s avoir re\u00e7u des menaces et son coll\u00e8gue Kalifara S\u00e9r\u00e9 a disparu apr\u00e8s sa convocation au Conseil sup\u00e9rieur de la communication.<\/p>\n\n\n\n<h2 class=\"wp-block-heading\">R\u00e9quisitionn\u00e9s par l&rsquo;arm\u00e9e<\/h2>\n\n\n\n<p>Ce n&rsquo;est que quatre mois plus tard, lors d&rsquo;une session de la Commission africaine des droits de l&rsquo;homme, que le minist\u00e8re de la Justice du Faso r\u00e9v\u00e8le que les trois journalistes ont \u00e9t\u00e9 l\u00e9galement r\u00e9quisitionn\u00e9s par l&rsquo;arm\u00e9e \u00ab&nbsp;<em>sur la base du d\u00e9cret portant mobilisation g\u00e9n\u00e9rale et mise en garde&nbsp;<\/em>\u00bb.<\/p>\n\n\n\n<p>Mais Sadibou Marong, directeur Afrique de Reporters sans fronti\u00e8res (RSF), ne cache pas son inqui\u00e9tude. \u00ab<em>&nbsp;Pour le cas d&rsquo;un certain nombre de d\u00e9fenseurs des droits humains, de voix dissidentes qui avaient \u00e9t\u00e9 arr\u00eat\u00e9es et enr\u00f4l\u00e9es dans l&rsquo;arm\u00e9e, g\u00e9n\u00e9ralement, on voyait que trois ou quatre mois apr\u00e8s, ils faisaient des apparitions. Mais pour le cas de ces journalistes-l\u00e0, en tout cas, Adama Bayala, Serge Oulon et Kalifara S\u00e9r\u00e9, par exemple, ne sont plus r\u00e9apparus en public depuis leur audition au mois de juin&nbsp;<\/em>\u00bb, note-t-il.<\/p>\n\n\n\n<p>RSF s&rsquo;inqui\u00e8te particuli\u00e8rement du sort d&rsquo;Alain Traor\u00e9, dit \u00ab\u00a0Alain Alain\u00a0\u00bb, connu pour sa chronique satirique \u00ab\u00a0Le D\u00e9fouloir \u00bb sur Radio Omega, enlev\u00e9 \u00e0 son domicile moins d&rsquo;un mois apr\u00e8s ses confr\u00e8res et qui reste introuvable aujourd&rsquo;hui.<\/p>\n\n\n\n<p>SOURCE RFI<\/p>\n","protected":false},"excerpt":{"rendered":"<p>Au Burkina Faso, cela fait huit mois jour pour jour que l&rsquo;on est sans nouvelle du journaliste Kalifara S\u00e9r\u00e9. La<\/p>\n","protected":false},"author":1,"featured_media":2750,"comment_status":"open","ping_status":"open","sticky":false,"template":"","format":"standard","meta":{"footnotes":""},"categories":[51],"tags":[],"class_list":["post-52219","post","type-post","status-publish","format-standard","has-post-thumbnail","hentry","category-general"],"_links":{"self":[{"href":"https:\/\/dekkbi.com\/index.php?rest_route=\/wp\/v2\/posts\/52219","targetHints":{"allow":["GET"]}}],"collection":[{"href":"https:\/\/dekkbi.com\/index.php?rest_route=\/wp\/v2\/posts"}],"about":[{"href":"https:\/\/dekkbi.com\/index.php?rest_route=\/wp\/v2\/types\/post"}],"author":[{"embeddable":true,"href":"https:\/\/dekkbi.com\/index.php?rest_route=\/wp\/v2\/users\/1"}],"replies":[{"embeddable":true,"href":"https:\/\/dekkbi.com\/index.php?rest_route=%2Fwp%2Fv2%2Fcomments&post=52219"}],"version-history":[{"count":1,"href":"https:\/\/dekkbi.com\/index.php?rest_route=\/wp\/v2\/posts\/52219\/revisions"}],"predecessor-version":[{"id":52220,"href":"https:\/\/dekkbi.com\/index.php?rest_route=\/wp\/v2\/posts\/52219\/revisions\/52220"}],"wp:featuredmedia":[{"embeddable":true,"href":"https:\/\/dekkbi.com\/index.php?rest_route=\/wp\/v2\/media\/2750"}],"wp:attachment":[{"href":"https:\/\/dekkbi.com\/index.php?rest_route=%2Fwp%2Fv2%2Fmedia&parent=52219"}],"wp:term":[{"taxonomy":"category","embeddable":true,"href":"https:\/\/dekkbi.com\/index.php?rest_route=%2Fwp%2Fv2%2Fcategories&post=52219"},{"taxonomy":"post_tag","embeddable":true,"href":"https:\/\/dekkbi.com\/index.php?rest_route=%2Fwp%2Fv2%2Ftags&post=52219"}],"curies":[{"name":"wp","href":"https:\/\/api.w.org\/{rel}","templated":true}]}}