{"id":52206,"date":"2025-02-19T11:43:04","date_gmt":"2025-02-19T11:43:04","guid":{"rendered":"https:\/\/dekkbi.com\/?p=52206"},"modified":"2025-02-19T12:19:54","modified_gmt":"2025-02-19T12:19:54","slug":"ukraine-donald-trump-tance-vivement-volodymyr-zelensky-avant-une-rencontre-avec-vladimir-poutine","status":"publish","type":"post","link":"https:\/\/dekkbi.com\/?p=52206","title":{"rendered":"Ukraine: Donald Trump tance vivement Zelensky"},"content":{"rendered":"\n<p>Donald Trump a vivement tanc\u00e9, mardi 18 f\u00e9vrier, le pr\u00e9sident ukrainien Volodymyr Zelensky, pointant son impopularit\u00e9 et le d\u00e9tournement de l&rsquo;aide am\u00e9ricaine, et il s&rsquo;est dit \u00ab&nbsp;<em>bien plus confiant&nbsp;<\/em>\u00bb dans un accord avec la Russie, promettant une rencontre avec Vladimir Poutine avant avril 2025.<\/p>\n\n\n\n<p>Par :RFI avec AFP<\/p>\n\n\n\n<p>Le pr\u00e9sident am\u00e9ricain, interrog\u00e9 par la presse dans sa r\u00e9sidence Mar-a-Lago en Floride, a critiqu\u00e9 Volodymyr Zelensky, lequel a d\u00e9nonc\u00e9 les discussions russo-am\u00e9ricaines qui se sont tenues mardi en Arabie saoudite comme des pourparlers \u00ab\u00a0<em>sur l&rsquo;Ukraine sans l&rsquo;<strong>Ukraine<\/strong><\/em>\u00a0\u00bb.<\/p>\n\n\n\n<p>\u00ab\u00a0<em>Je suis tr\u00e8s d\u00e9\u00e7u<\/em>\u00a0\u00bb de ces propos, a r\u00e9pondu\u00a0<strong>Donald Trump<\/strong>, avant de se lancer dans une charge contre Volodymyr Zelensky, qu&rsquo;il a m\u00eame accus\u00e9 d&rsquo;avoir initi\u00e9 le\u00a0<strong>conflit en Ukraine<\/strong>.<\/p>\n\n\n\n<p>\u00ab&nbsp;<em>Aujourd&rsquo;hui, j&rsquo;ai entendu&nbsp;:<\/em>&nbsp;\u00ab\u00a0Oh, nous n&rsquo;\u00e9tions pas invit\u00e9s<em>\u00ab\u00a0. Eh bien, vous avez \u00e9t\u00e9 l\u00e0 depuis trois ans. Vous auriez d\u00fb y mettre un terme il y a trois ans. Vous n&rsquo;auriez jamais d\u00fb la commencer<\/em>&nbsp;\u00bb, a-t-il lanc\u00e9 \u00e0 propos de la guerre, d\u00e9clench\u00e9e par l&rsquo;invasion russe de l&rsquo;Ukraine en f\u00e9vrier 2022.<\/p>\n\n\n\n<p>&nbsp;Revenant sur ces discussions de haut niveau entre responsables russes et am\u00e9ricains en Arabie saoudite, lors desquelles Washington et Moscou se sont entendus pour nommer des n\u00e9gociateurs sur la guerre, sans la participation des Europ\u00e9ens ni de Kiev, le pr\u00e9sident am\u00e9ricain a jug\u00e9 qu&rsquo;elles avaient \u00e9t\u00e9 \u00ab&nbsp;<em>tr\u00e8s bonnes<\/em>&nbsp;\u00bb et il s&rsquo;est dit \u00ab&nbsp;bien plus confiant&nbsp;\u00bb en la possibilit\u00e9 d&rsquo;un accord pour mettre fin \u00e0 la guerre.<\/p>\n\n\n\n<h2 class=\"wp-block-heading\">&nbsp;\u00ab&nbsp;<em>La Russie veut faire quelque chose<\/em>&nbsp;\u00bb<\/h2>\n\n\n\n<p>&nbsp;\u00ab&nbsp;<em>La Russie veut faire quelque chose. Ils veulent mettre un terme \u00e0 la barbarie sauvag<\/em>e&nbsp;\u00bb, a-t-il assur\u00e9. Interrog\u00e9 sur une \u00e9ventuelle rencontre avec Vladimir Poutine avant la fin du mois, Donald Trump a simplement hoch\u00e9 la t\u00eate et r\u00e9pondu: \u00ab<em>&nbsp;probablement<\/em>&nbsp;\u00bb. En appelant le pr\u00e9sident russe au t\u00e9l\u00e9phone la semaine pass\u00e9e pour envisager directement avec lui un r\u00e8glement du conflit, Donald Trump avait provoqu\u00e9 une onde de choc en Europe et en Ukraine.<\/p>\n\n\n\n<p>&nbsp;Lors de sa conf\u00e9rence \u00e0 Mar-a-Lago, il a aussi reproch\u00e9 \u00e0 l&rsquo;Ukraine d&rsquo;avoir d\u00e9tourn\u00e9 une partie des aides am\u00e9ricaines depuis le d\u00e9but du conflit. \u00ab&nbsp;<em>Le pr\u00e9sident Zelensky m&rsquo;a dit la semaine derni\u00e8re qu&rsquo;il ne savait pas o\u00f9 \u00e9tait la moiti\u00e9 de l&rsquo;argent qu&rsquo;on leur a donn\u00e9<\/em>&nbsp;\u00bb, a soutenu le pr\u00e9sident am\u00e9ricain, avant de critiquer l&rsquo;absence d&rsquo;\u00e9lections en Ukraine depuis l&rsquo;invasion russe.<\/p>\n\n\n\n<p>\u00ab&nbsp;<em>Nous avons une situation o\u00f9 nous n&rsquo;avons pas eu d&rsquo;\u00e9lections en Ukraine, o\u00f9 nous avons une loi martiale essentiellement et o\u00f9 le dirigeant de l&rsquo;Ukraine &#8211; je suis d\u00e9sol\u00e9 de le dire &#8211; mais il est \u00e0 4% d&rsquo;opinions favorables<\/em>&nbsp;\u00bb, a-t-il r\u00e9pondu \u00e0 la question de savoir si Washington soutiendrait le fait d&rsquo;imposer \u00e0 Kiev des \u00e9lections, comme pourrait le vouloir la Russie.<\/p>\n\n\n\n<p>Interrog\u00e9 sur l&rsquo;id\u00e9e, qui \u00e9merge et divise des pays europ\u00e9ens, d&rsquo;envoyer des troupes europ\u00e9ennes de maintien de la paix en Ukraine, Donald Trump a r\u00e9pondu : \u00ab&nbsp;<em>S&rsquo;ils veulent faire cela, c&rsquo;est super. J&rsquo;y suis totalement favorable&nbsp;<\/em>\u00bb, pr\u00e9cisant que \u00ab&nbsp;<em>nous (les \u00c9tats-Unis) n&rsquo;avons pas \u00e0 en envoyer l\u00e0-bas, parce que, vous savez, nous sommes tr\u00e8s loin<\/em>&nbsp;\u00bb.<\/p>\n\n\n\n<h2 class=\"wp-block-heading\">\u00ab&nbsp;<em>R\u00e9\u00e9quilibrer&nbsp;<\/em>\u00bb l&rsquo;aide fournie \u00e0 l&rsquo;Ukraine&nbsp;&nbsp;<\/h2>\n\n\n\n<p>Donald Trump a aussi appel\u00e9 \u00e0 \u00ab\u00a0<em>r\u00e9\u00e9quilibrer\u00a0<\/em>\u00bb l&rsquo;aide fournie \u00e0 l&rsquo;Ukraine entre l&rsquo;Europe et Washington. \u00ab\u00a0<em>Nous leur avons donn\u00e9 je crois 350 milliards de dollars<\/em>\u00a0(&#8230;)<em>, c&rsquo;est beaucoup et nous devons r\u00e9\u00e9quilibrer avec l&rsquo;Europe, parce que l&rsquo;Europe a donn\u00e9 un bien plus petit montant que cela\u00a0<\/em>\u00bb, a affirm\u00e9 Donald Trump.\u00a0<strong>Une enqu\u00eate du\u00a0<em>Daily Telgraph\u00a0<\/em><\/strong>a r\u00e9v\u00e9l\u00e9 un plan de Donald Trump concernant 500 milliards de remboursements potentiels de la part de l&rsquo;Ukraine vis-\u00e0-vis des \u00c9tats-Unis.\u00a0<\/p>\n\n\n\n<p>Le pr\u00e9sident am\u00e9ricain \u00ab&nbsp;<em>vit dans un espace de d\u00e9sinformation<\/em>&nbsp;\u00bb russe, a estim\u00e9 mercredi 19 f\u00e9vrier son homologue ukrainien Volodymyr Zelensky. \u00ab&nbsp;<em>Le pr\u00e9sident Trump, que nous respectons beaucoup en tant que leader du peuple am\u00e9ricain (&#8230;) malheureusement, vit dans cet espace de d\u00e9sinformation<\/em>&nbsp;\u00bb, a d\u00e9clar\u00e9 Volodymyr Zelensky lors d&rsquo;une conf\u00e9rence de presse \u00e0 Kiev, accusant cette d\u00e9sinformation de \u00ab&nbsp;<em>venir de Russie<\/em>&nbsp;\u00bb.<\/p>\n\n\n\n<p>Volodymyr Zelensky a aussi martel\u00e9 sur les r\u00e9seaux sociaux ce mercredi que les responsables russes \u00e9taient des \u00ab\u00a0<em>menteurs pathologiques<\/em>\u00a0\u00bb auxquels \u00ab\u00a0<em>on ne peut faire confiance<\/em>\u00a0\u00bb, quelques heures apr\u00e8s les critiques lanc\u00e9es contre lui par Donald Trump. \u00ab\u00a0<em>Nous ne devons jamais oublier que la Russie est dirig\u00e9e par des\u00a0<strong>menteurs pathologiques<\/strong>, on ne peut pas leur faire confiance et ils doivent \u00eatre mis sous pression<\/em>\u00a0\u00bb, a exhort\u00e9 Volodymyr Zelensky.<\/p>\n\n\n\n<p>&nbsp;En pleine effervescence diplomatique, les attaques russes se sont poursuivies ce mercredi en Ukraine, o\u00f9 une \u00ab<em>&nbsp;grande zone&nbsp;<\/em>\u00bb r\u00e9sidentielle de la ville portuaire d&rsquo;Odessa, dans le sud du pays, s&rsquo;est retrouv\u00e9e sans chauffage ni \u00e9lectricit\u00e9.<\/p>\n\n\n\n<p>Grand reportage<\/p>\n","protected":false},"excerpt":{"rendered":"<p>Donald Trump a vivement tanc\u00e9, mardi 18 f\u00e9vrier, le pr\u00e9sident ukrainien Volodymyr Zelensky, pointant son impopularit\u00e9 et le d\u00e9tournement de<\/p>\n","protected":false},"author":1,"featured_media":47411,"comment_status":"open","ping_status":"open","sticky":false,"template":"","format":"standard","meta":{"footnotes":""},"categories":[51],"tags":[],"class_list":["post-52206","post","type-post","status-publish","format-standard","has-post-thumbnail","hentry","category-general"],"_links":{"self":[{"href":"https:\/\/dekkbi.com\/index.php?rest_route=\/wp\/v2\/posts\/52206","targetHints":{"allow":["GET"]}}],"collection":[{"href":"https:\/\/dekkbi.com\/index.php?rest_route=\/wp\/v2\/posts"}],"about":[{"href":"https:\/\/dekkbi.com\/index.php?rest_route=\/wp\/v2\/types\/post"}],"author":[{"embeddable":true,"href":"https:\/\/dekkbi.com\/index.php?rest_route=\/wp\/v2\/users\/1"}],"replies":[{"embeddable":true,"href":"https:\/\/dekkbi.com\/index.php?rest_route=%2Fwp%2Fv2%2Fcomments&post=52206"}],"version-history":[{"count":2,"href":"https:\/\/dekkbi.com\/index.php?rest_route=\/wp\/v2\/posts\/52206\/revisions"}],"predecessor-version":[{"id":52225,"href":"https:\/\/dekkbi.com\/index.php?rest_route=\/wp\/v2\/posts\/52206\/revisions\/52225"}],"wp:featuredmedia":[{"embeddable":true,"href":"https:\/\/dekkbi.com\/index.php?rest_route=\/wp\/v2\/media\/47411"}],"wp:attachment":[{"href":"https:\/\/dekkbi.com\/index.php?rest_route=%2Fwp%2Fv2%2Fmedia&parent=52206"}],"wp:term":[{"taxonomy":"category","embeddable":true,"href":"https:\/\/dekkbi.com\/index.php?rest_route=%2Fwp%2Fv2%2Fcategories&post=52206"},{"taxonomy":"post_tag","embeddable":true,"href":"https:\/\/dekkbi.com\/index.php?rest_route=%2Fwp%2Fv2%2Ftags&post=52206"}],"curies":[{"name":"wp","href":"https:\/\/api.w.org\/{rel}","templated":true}]}}