{"id":5219,"date":"2022-12-23T09:39:10","date_gmt":"2022-12-23T09:39:10","guid":{"rendered":"https:\/\/dekkbi.com\/?p=5219"},"modified":"2022-12-23T09:39:12","modified_gmt":"2022-12-23T09:39:12","slug":"insecurite-et-defis-securitaires-au-senegal-le-diagnostic-du-dr-daouda-badji","status":"publish","type":"post","link":"https:\/\/dekkbi.com\/?p=5219","title":{"rendered":"Ins\u00e9curit\u00e9 et d\u00e9fis s\u00e9curitaires au S\u00e9n\u00e9gal : le diagnostic du Dr Daouda Badji"},"content":{"rendered":"\n<p><strong>De la disparition myst\u00e9rieuse du sergent Fulbert Sambou et de l\u2019adjudant-chef Didier Badji au braquage meurtrier au march\u00e9 de Mbour ayant caus\u00e9 la mort de deux personnes, en passant par les agressions, meurtres et autres, le sentiment d\u2019ins\u00e9curit\u00e9 semble de plus en plus gagner les populations. Enseignant-chercheur en Politiques publiques et Sciences Criminologiques et sp\u00e9cialiste en s\u00e9curit\u00e9, Dr Daouda Badji d\u00e9crypte pour Sud Quotidien les enjeux de s\u00e9curit\u00e9 et les d\u00e9fis s\u00e9curitaires dont fait face actuellement le S\u00e9n\u00e9gal. Entretien\u2026<\/strong><\/p>\n\n\n\n<p><strong>Quelle lecture faites-vous, avec un peu de recul, de cette triste affaire autour de la disparition des militaires Fulbert Sambou et Didier Badji?<\/strong><\/p>\n\n\n\n<p>C\u2019est regrettable que des agents qui sont au c\u0153ur de la D\u00e9fense nationale et de la S\u00e9curit\u00e9 des citoyens, des biens et du pays disparaissent dans des conditions assez troublantes. Cela cr\u00e9e une psychose et un sentiment de peur grandissant chez l\u2019opinion, malgr\u00e9 les baisses not\u00e9es dans les statistiques polici\u00e8res sur les d\u00e9lits de violences, d\u2019agressions, de cambriolages, bref de la d\u00e9linquance et du banditisme globalement. Par cons\u00e9quent, ces faits de disparition relativisent les r\u00e9sultats probants annonc\u00e9s par les services en charge de la s\u00e9curit\u00e9 et du coup, confortent ce sentiment grandissant d\u2019ins\u00e9curit\u00e9 au niveau de l\u2019opinion. En revanche, force doit rester \u00e0 la loi, car l\u2019Etat qui a le \u00ab\u00a0monopole de la violence physique l\u00e9gitime\u00bb, se doit de tirer cette affaire au clair avec l\u2019ouverture d\u2019une information judiciaire par les services comp\u00e9tents (Procureur, Parquet, Forces de D\u00e9fense et de S\u00e9curit\u00e9, etc..). Les populations ont besoin d\u2019\u00eatre rassur\u00e9es et assur\u00e9es de vivre en s\u00e9curit\u00e9 dans leurs quartiers, maisons et lieux de travail \u2026 Aujourd\u2019hui, on assiste \u00e0 un glissement des zones criminog\u00e8nes habituelles (p\u00e9riph\u00e9ries, banlieues,) vers des quartiers r\u00e9sidentiels r\u00e9put\u00e9s calmes. Notons tout de m\u00eame les efforts \u00e9normes de l\u2019Etat dans la cr\u00e9ation de nouvelles brigades de proximit\u00e9 \u00e0 Dakar (Keur Massar, Parcelles, Gu\u00e9diawaye) et \u00e0 l\u2019int\u00e9rieur du pays pour lutter et combattre les foyers de d\u00e9linquance et offrir en m\u00eame temps des polices locales en contact des populations. Et c\u2019est en cela qu\u2019on doit orienter l\u2019Agence de la police de proximit\u00e9 en une police locale territoriale comme en Allemagne ou en Catalogne. Les Agents de S\u00e9curit\u00e9 de Proximit\u00e9 doivent de nos jours \u00eatre des policiers comme \u00e0 l\u2019image des polices municipales en France qui sont plac\u00e9es sous l\u2019autorit\u00e9 de l\u2019ex\u00e9cutif local. Il faut une coproduction de la s\u00e9curit\u00e9 et une hybridation polici\u00e8re au S\u00e9n\u00e9gal face aux d\u00e9fis s\u00e9curitaires auxquels le pays fait face.<\/p>\n\n\n\n<p><strong>Le corps de Fulbert Sambou qui a \u00e9t\u00e9 retrouv\u00e9 ne pr\u00e9sentait aucun signe de violence, selon le Parquet. Quel commentaire faites-vous par rapport \u00e0 cet argument ?<\/strong><\/p>\n\n\n\n<p>Encore une fois, comme il y a une information judiciaire qui a \u00e9t\u00e9 ouverte, il est pr\u00e9f\u00e9rable de laisser les services comp\u00e9tents mener les investigations afin d\u2019\u00e9difier l\u2019opinion sur ce qui s\u2019est r\u00e9ellement pass\u00e9. Mais disons que la violence est en train de se d\u00e9placer progressivement. Pour le cas du S\u00e9n\u00e9gal, les actes de violence, on les voyait dans des zones assez circonscrites de la banlieue et dans certains endroits, mais ce genre de disparition, c\u2019est quand-m\u00eame un ph\u00e9nom\u00e8ne nouveau. Il faut arriver \u00e0 trouver les solutions et \u00e0 rassurer l\u2019opinion tr\u00e8s rapidement.<\/p>\n\n\n\n<p><strong>Vous d\u00e9clarez que les S\u00e9n\u00e9galais vivent aujourd\u2019hui dans la crainte. Leur s\u00e9curit\u00e9 n\u2019est-elle pas menac\u00e9e ?<\/strong><\/p>\n\n\n\n<p>La s\u00e9curit\u00e9 est un processus qui n\u2019est jamais gagn\u00e9 m\u00eame dans les Etats les plus puissants (USA, France, Grande Bretagne, etc..) o\u00f9 on a des cas de violence, d\u2019agressions, d\u2019homicides les plus terrifiants. La s\u00e9curit\u00e9, c\u2019est \u00e0 la fois de la pr\u00e9vention et de la r\u00e9pression. M\u00eame les \u00c9tats les plus puissants dans ce domaine sont incapables de r\u00e9gler d\u00e9finitivement ce probl\u00e8me \u00e0 partir du moment o\u00f9 les agresseurs et les d\u00e9linquants s\u2019adaptent et vivent en soci\u00e9t\u00e9 ; et donc d\u00e9jouent et savent tr\u00e8s bien comment mettre parfois les Forces de D\u00e9fense et de S\u00e9curit\u00e9 dans des situations inconfortables. Je n\u2019irai pas jusqu\u2019\u00e0 dire que la s\u00e9curit\u00e9 des citoyens et leurs biens n\u2019est pas garantie, mais elle est peut-\u00eatre menac\u00e9e parce que le sentiment d\u2019ins\u00e9curit\u00e9 est en train de s\u2019agrandir comme le montrent ces cas de disparition, mais aussi des attaques \u00e0 mains arm\u00e9es pendant la journ\u00e9e, parce qu\u2019avant c\u2019\u00e9taient des ph\u00e9nom\u00e8nes qu\u2019on voyait tard dans la nuit, mais maintenant les gens sont agress\u00e9s dans les agglom\u00e9rations et m\u00eame dans les zones rurales comme par exemple dans les r\u00e9gions du Sud, du Nord, du Centre et\/ou encore dans les zones de conflit. Ce sont des ph\u00e9nom\u00e8nes nouveaux qui cr\u00e9ent au niveau de l\u2019opinion un sentiment d\u2019ins\u00e9curit\u00e9 qui est l\u00e0 et qui est en train de s\u2019agrandir. Il faut que l\u2019\u00c9tat, \u00e0 travers le minist\u00e8re de l\u2019Int\u00e9rieur, continue sa politique de red\u00e9ploiement du personnel, de professionnalisation des unit\u00e9s de police, mais aussi d\u2019implantation sur tout le territoire pour que la r\u00e9partition g\u00e9ographique puisse \u00eatre garantie afin de cr\u00e9er une situation s\u00e9curitaire pour les populations.<\/p>\n\n\n\n<p><strong>RECUEILLIS PAR PAPA MOUSSA CAMARA (STAGIAIRE)<\/strong><\/p>\n\n\n\n<p>SUDONLINE<\/p>\n\n\n\n<p><a href=\"https:\/\/www.sudquotidien.sn\/author\/og\/\">OG<\/a><\/p>\n\n\n\n<p>d\u00e9cembre 23, 2022<\/p>\n\n\n\n<p>0<\/p>\n\n\n\n<p>61<\/p>\n","protected":false},"excerpt":{"rendered":"<p>De la disparition myst\u00e9rieuse du sergent Fulbert Sambou et de l\u2019adjudant-chef Didier Badji au braquage meurtrier au march\u00e9 de Mbour<\/p>\n","protected":false},"author":1,"featured_media":334,"comment_status":"open","ping_status":"open","sticky":false,"template":"","format":"standard","meta":{"footnotes":""},"categories":[21],"tags":[],"class_list":["post-5219","post","type-post","status-publish","format-standard","has-post-thumbnail","hentry","category-societe"],"_links":{"self":[{"href":"https:\/\/dekkbi.com\/index.php?rest_route=\/wp\/v2\/posts\/5219","targetHints":{"allow":["GET"]}}],"collection":[{"href":"https:\/\/dekkbi.com\/index.php?rest_route=\/wp\/v2\/posts"}],"about":[{"href":"https:\/\/dekkbi.com\/index.php?rest_route=\/wp\/v2\/types\/post"}],"author":[{"embeddable":true,"href":"https:\/\/dekkbi.com\/index.php?rest_route=\/wp\/v2\/users\/1"}],"replies":[{"embeddable":true,"href":"https:\/\/dekkbi.com\/index.php?rest_route=%2Fwp%2Fv2%2Fcomments&post=5219"}],"version-history":[{"count":1,"href":"https:\/\/dekkbi.com\/index.php?rest_route=\/wp\/v2\/posts\/5219\/revisions"}],"predecessor-version":[{"id":5220,"href":"https:\/\/dekkbi.com\/index.php?rest_route=\/wp\/v2\/posts\/5219\/revisions\/5220"}],"wp:featuredmedia":[{"embeddable":true,"href":"https:\/\/dekkbi.com\/index.php?rest_route=\/wp\/v2\/media\/334"}],"wp:attachment":[{"href":"https:\/\/dekkbi.com\/index.php?rest_route=%2Fwp%2Fv2%2Fmedia&parent=5219"}],"wp:term":[{"taxonomy":"category","embeddable":true,"href":"https:\/\/dekkbi.com\/index.php?rest_route=%2Fwp%2Fv2%2Fcategories&post=5219"},{"taxonomy":"post_tag","embeddable":true,"href":"https:\/\/dekkbi.com\/index.php?rest_route=%2Fwp%2Fv2%2Ftags&post=5219"}],"curies":[{"name":"wp","href":"https:\/\/api.w.org\/{rel}","templated":true}]}}