{"id":52187,"date":"2025-02-19T10:36:12","date_gmt":"2025-02-19T10:36:12","guid":{"rendered":"https:\/\/dekkbi.com\/?p=52187"},"modified":"2025-02-19T10:36:13","modified_gmt":"2025-02-19T10:36:13","slug":"saint-louis-greve-de-48h-du-sames-les-blouses-blanches-paralysent-les-structures-de-sante-de-la-region","status":"publish","type":"post","link":"https:\/\/dekkbi.com\/?p=52187","title":{"rendered":"Saint-Louis -gr\u00e8ve de 48h du Sames : les blouses blanches paralysent les structures de sant\u00e9 de la r\u00e9gion"},"content":{"rendered":"\n<p><strong>Les structures de sant\u00e9 de la&nbsp;<\/strong><strong>r\u00e9gion de Saint-Louis<\/strong><strong>&nbsp;n\u2019ont pas \u00e9t\u00e9 en reste hier, mardi 18 f\u00e9vrier, en ce concerne la gr\u00e8ve de 48 heures d\u00e9cr\u00e9t\u00e9 par le Syndicat Autonome des M\u00e9decins, Pharmaciens et Chirurgiens-Dentistes du S\u00e9n\u00e9gal (SAMES). L<\/strong><strong>e mot d\u2019ordre de gr\u00e8ve est largement suivi<\/strong><strong>, selon le<\/strong><strong>&nbsp;m\u00e9decin Dr Sidy Diallo, secr\u00e9taire g\u00e9n\u00e9ral du SAMES, au niveau de la r\u00e9gion de Saint-Louis.&nbsp;<\/strong><strong>Toutefois il a<\/strong><strong>&nbsp;<\/strong><strong>rassur\u00e9&nbsp;<\/strong><strong>que les urgences sont respect\u00e9es&nbsp;<\/strong><strong>avant d\u2019<\/strong><strong>invite<\/strong><strong>r<\/strong><strong>&nbsp;l<\/strong><strong>e gouvernement en place&nbsp;<\/strong><strong>au respect des accords sign\u00e9s.<\/strong><strong>&nbsp;<\/strong><\/p>\n\n\n\n<p>Ils sont nombreux parmi les usagers du centre hospitalier r\u00e9gional de Saint-Louis \u00e0 voir leur rendez-vous m\u00e9dical renvoy\u00e9 \u00e0 une nouvelle date apr\u00e8s s\u2019\u00eatre pr\u00e9sent\u00e9s hier, mardi 18 f\u00e9vrier, au niveau des diff\u00e9rents services de cet \u00e9tablissement. La gr\u00e8ve de 48 heures d\u00e9cr\u00e9t\u00e9e par le Syndicat Autonome des M\u00e9decins, Pharmaciens et Chirurgiens-dentistes du S\u00e9n\u00e9gal est pass\u00e9e par l\u00e0. <\/p>\n\n\n\n<p>Partout dans les structures de sant\u00e9 de la r\u00e9gion, le constat a \u00e9t\u00e9 le m\u00eame. Seules les urgences sont respect\u00e9es. Un coup dur pour les patients qui sont oblig\u00e9s de garder leur mal en patience. Dans cet h\u00f4pital de Saint-Louis, les m\u00e9decins ont pour la plupart d\u00e9sert\u00e9 les bureaux et services pour se r\u00e9unir dans la cour. Des groupes de blouses blanches sont visibles dans les couloirs et discutent entre eux. <\/p>\n\n\n\n<p>Cette gr\u00e8ve se justifie par le fait qu\u2019il n\u2019y ait pas encore de satisfaction par rapport aux rencontres avec le niveau central, pour reprendre les propos du secr\u00e9taire g\u00e9n\u00e9ral du SAMES de Saint-Louis, Dr Sidy Diallo, qui nous liste les sept (07) points qui r\u00e9sument toutes leurs revendications. \u00a0Il s\u2019agit <\/p>\n\n\n\n<ul class=\"wp-block-list\">\n<li>du recrutement dans la fonction publique des m\u00e9decins, pharmaciens et chirurgiens-dentistes en ch\u00f4mage ainsi que les m\u00e9decins communautaires contractuels des h\u00f4pitaux et des collectivit\u00e9s territoriales ; <\/li>\n\n\n\n<li>la revalorisation de la pension de retraite des m\u00e9decins, pharmaciens et chirurgiens-dentistes ; <\/li>\n\n\n\n<li>la correction d\u00e9finitive des in\u00e9galit\u00e9s et injustices relatives au r\u00e9gime indemnitaire que subit le corps m\u00e9dical ;<\/li>\n\n\n\n<li>le point sur la construction d\u2019h\u00f4pitaux de niveau 2 dans les d\u00e9partements pour rapprocher les soins aux populations ; le point sur l\u2019acc\u00e9l\u00e9ration de la mise en \u0153uvre de la couverture sanitaire universelle pour faire b\u00e9n\u00e9ficier \u00e0 chaque S\u00e9n\u00e9galais des soins appropri\u00e9s ; <\/li>\n\n\n\n<li>le r\u00e8glement d\u00e9finitif de la lancinante question du statut des m\u00e9decins en sp\u00e9cialisation ainsi que des internes des h\u00f4pitaux qui est un rappel ;<\/li>\n\n\n\n<li>la revalorisation de la pension de retraite des a\u00een\u00e9s de la corporation ;<\/li>\n\n\n\n<li>le point sur la gestion d\u00e9mocratique des ressources humaines\u00a0\u00bb, a-t-il \u00e9voqu\u00e9 avant d\u2019inviter les autorit\u00e9s \u00e0 aller concr\u00e9tiser ces points durant les prochaines rencontres que le bureau national du SMAES aura avec le niveau central.<\/li>\n<\/ul>\n\n\n\n<p>Dr Sidy Diallo s\u2019est r\u00e9joui du r\u00e9sultat obtenu d\u00e8s le premier jour de gr\u00e8ve. \u00ab\u00a0Le mot d\u2019ordre de gr\u00e8ve a \u00e9t\u00e9 largement suivi dans les structures de sant\u00e9 de la r\u00e9gion de Saint-Louis. Nous avons respect\u00e9 les urgences mais les autres activit\u00e9s et rendez-vous ont \u00e9t\u00e9 reprogramm\u00e9s dans toutes les sp\u00e9cialit\u00e9s et au niveau de toutes les structures\u00a0\u00bb, a-t-il conclu.<\/p>\n\n\n\n<p><strong>YVES TENDENG\u00a0<\/strong><br>SUDQUOTIDIEN<\/p>\n\n\n\n<p><\/p>\n","protected":false},"excerpt":{"rendered":"<p>Les structures de sant\u00e9 de la&nbsp;r\u00e9gion de Saint-Louis&nbsp;n\u2019ont pas \u00e9t\u00e9 en reste hier, mardi 18 f\u00e9vrier, en ce concerne la<\/p>\n","protected":false},"author":1,"featured_media":1758,"comment_status":"open","ping_status":"open","sticky":false,"template":"","format":"standard","meta":{"footnotes":""},"categories":[26],"tags":[],"class_list":["post-52187","post","type-post","status-publish","format-standard","has-post-thumbnail","hentry","category-fait-divers"],"_links":{"self":[{"href":"https:\/\/dekkbi.com\/index.php?rest_route=\/wp\/v2\/posts\/52187","targetHints":{"allow":["GET"]}}],"collection":[{"href":"https:\/\/dekkbi.com\/index.php?rest_route=\/wp\/v2\/posts"}],"about":[{"href":"https:\/\/dekkbi.com\/index.php?rest_route=\/wp\/v2\/types\/post"}],"author":[{"embeddable":true,"href":"https:\/\/dekkbi.com\/index.php?rest_route=\/wp\/v2\/users\/1"}],"replies":[{"embeddable":true,"href":"https:\/\/dekkbi.com\/index.php?rest_route=%2Fwp%2Fv2%2Fcomments&post=52187"}],"version-history":[{"count":1,"href":"https:\/\/dekkbi.com\/index.php?rest_route=\/wp\/v2\/posts\/52187\/revisions"}],"predecessor-version":[{"id":52188,"href":"https:\/\/dekkbi.com\/index.php?rest_route=\/wp\/v2\/posts\/52187\/revisions\/52188"}],"wp:featuredmedia":[{"embeddable":true,"href":"https:\/\/dekkbi.com\/index.php?rest_route=\/wp\/v2\/media\/1758"}],"wp:attachment":[{"href":"https:\/\/dekkbi.com\/index.php?rest_route=%2Fwp%2Fv2%2Fmedia&parent=52187"}],"wp:term":[{"taxonomy":"category","embeddable":true,"href":"https:\/\/dekkbi.com\/index.php?rest_route=%2Fwp%2Fv2%2Fcategories&post=52187"},{"taxonomy":"post_tag","embeddable":true,"href":"https:\/\/dekkbi.com\/index.php?rest_route=%2Fwp%2Fv2%2Ftags&post=52187"}],"curies":[{"name":"wp","href":"https:\/\/api.w.org\/{rel}","templated":true}]}}