{"id":52182,"date":"2025-02-19T10:26:10","date_gmt":"2025-02-19T10:26:10","guid":{"rendered":"https:\/\/dekkbi.com\/?p=52182"},"modified":"2025-02-19T10:40:00","modified_gmt":"2025-02-19T10:40:00","slug":"montee-en-puissance-dans-la-protection-des-populations-et-des-frontieres-du-senegal-la-gendarmerie-se-renforce-avec-des-drones-de-haute-performance","status":"publish","type":"post","link":"https:\/\/dekkbi.com\/?p=52182","title":{"rendered":"Protection des populations et des fronti\u00e8res du S\u00e9n\u00e9gal: la Gendarmerie se renforce avec des drones de haute performance"},"content":{"rendered":"\n<p>La Gendarmerie nationale s\u00e9n\u00e9galaise vient de se doter des drones de hautes performances. Une c\u00e9r\u00e9monie officielle de r\u00e9ception de ces drones tactiques s\u2019est tenue au quartier Samba Di\u00e9ry Diallo de Colobane hier, mardi 18 f\u00e9vrier 2025, sous la co-pr\u00e9sidence du G\u00e9n\u00e9ral de Division Martin Faye, Haut-commandant de la Gendarmerie nationale et Directeur de la Justice militaire, et de Jean-Marc Pisani, Ambassadeur de l\u2019Union europ\u00e9enne (UE).<\/p>\n\n\n\n<p>Avec ces \u00e9quipements,&nbsp;<em>\u00abla Gendarmerie nationale s\u00e9n\u00e9galaise franchit ainsi un nouveau cap dans sa modernisation, gr\u00e2ce \u00e0 l\u2019appui de l\u2019Union europ\u00e9enne\u00bb.&nbsp;<\/em>Elle franchit ainsi&nbsp;<em>\u00abune \u00e9tape d\u00e9cisive dans le renforcement des capacit\u00e9s de surveillance et de lutte contre les menaces transnationales\u00bb,<\/em>&nbsp;informe un communiqu\u00e9 de la Division communication et relations publiques de la Gendarmerie (DIVCOM) qui souligne que cette rencontre qui a aussi r\u00e9uni des cadres de la Gendarmerie ainsi qu\u2019une d\u00e9l\u00e9gation de l\u2019UE, t\u00e9moigne de&nbsp;<em>\u00abl\u2019importance strat\u00e9gique\u00bb<\/em>&nbsp;de ce partenariat.<\/p>\n\n\n\n<p>La DIVCOM qui parle des&nbsp;<em>\u00abdrones au service de la s\u00e9curit\u00e9 et du renseignement\u00bb,<\/em>&nbsp;r\u00e9v\u00e8le que&nbsp;<em>\u00ab<\/em><em>Dans le cadre de la deuxi\u00e8me phase du Programme Op\u00e9rationnel Conjoint (POC II), l\u2019Union europ\u00e9enne a dot\u00e9 la L\u00e9gion de Gendarmerie de l\u2019Air et des Transports A\u00e9riens (LGATA) de deux syst\u00e8mes de drones&nbsp;<strong>STRIX 425<\/strong>, des appareils de pointe con\u00e7us pour la surveillance en temps r\u00e9el. Ces \u00e9quipements de haute technologie permettront un suivi plus efficace des zones fluviomaritimes et frontali\u00e8res, constituant ainsi un atout majeur dans la lutte contre l\u2019\u00e9migration irr\u00e9guli\u00e8re et la criminalit\u00e9 transnationale\u00bb.<\/em><\/p>\n\n\n\n<p>Mieux, ajoute la source,&nbsp;<em>\u00abGr\u00e2ce \u00e0 leurs capacit\u00e9s avanc\u00e9es d\u2019acquisition et de transmission de donn\u00e9es, ces drones optimiseront la couverture op\u00e9rationnelle des forces de la Gendarmerie avec une r\u00e9elle am\u00e9lioration de la r\u00e9activit\u00e9 des unit\u00e9s d\u00e9ploy\u00e9es sur le terrain\u00bb<\/em>.<\/p>\n\n\n\n<p>D\u00e8s lors, la Gendarmerie assure de son&nbsp;<em>\u00abengagement fort pour une utilisation efficiente\u00bb<\/em>&nbsp;de ce mat\u00e9riel. Lors de son allocution, le G\u00e9n\u00e9ral de Division Martin Faye&nbsp;<em>\u00aba remerci\u00e9 l\u2019Union Europ\u00e9enne en magnifiant cette initiative qui illustre l\u2019engagement de la Gendarmerie nationale \u00e0 se doter de moyens modernes pour relever les d\u00e9fis s\u00e9curitaires actuels. Il a exhort\u00e9 les personnels \u00e0 tirer pleinement profit de ces outils strat\u00e9giques, soulignant leur r\u00f4le essentiel dans la collecte du renseignement et la surveillance des infrastructures critiques\u00bb,<\/em>&nbsp;lit-on dans le document.<\/p>\n\n\n\n<p>Et de relever que&nbsp;<em>\u00abcette dotation, fruit d\u2019une coop\u00e9ration dynamique entre le S\u00e9n\u00e9gal et l\u2019Union europ\u00e9enne, refl\u00e8te la volont\u00e9 commune des deux (02) parties de renforcer la s\u00e9curit\u00e9 r\u00e9gionale \u00e0 travers une approche proactive et technologique. Avec ces nouveaux moyens a\u00e9riens, la Gendarmerie nationale confirme sa mont\u00e9e en puissance dans la protection des populations et des fronti\u00e8res du S\u00e9n\u00e9gal\u00bb<\/em>, conclut la m\u00eame source<em>.<\/em><\/p>\n\n\n\n<p><strong>ID<\/strong> &#8211; SUDQUOTIDIEN<\/p>\n","protected":false},"excerpt":{"rendered":"<p>La Gendarmerie nationale s\u00e9n\u00e9galaise vient de se doter des drones de hautes performances. Une c\u00e9r\u00e9monie officielle de r\u00e9ception de ces<\/p>\n","protected":false},"author":1,"featured_media":52183,"comment_status":"open","ping_status":"open","sticky":false,"template":"","format":"standard","meta":{"footnotes":""},"categories":[21],"tags":[],"class_list":["post-52182","post","type-post","status-publish","format-standard","has-post-thumbnail","hentry","category-societe"],"_links":{"self":[{"href":"https:\/\/dekkbi.com\/index.php?rest_route=\/wp\/v2\/posts\/52182","targetHints":{"allow":["GET"]}}],"collection":[{"href":"https:\/\/dekkbi.com\/index.php?rest_route=\/wp\/v2\/posts"}],"about":[{"href":"https:\/\/dekkbi.com\/index.php?rest_route=\/wp\/v2\/types\/post"}],"author":[{"embeddable":true,"href":"https:\/\/dekkbi.com\/index.php?rest_route=\/wp\/v2\/users\/1"}],"replies":[{"embeddable":true,"href":"https:\/\/dekkbi.com\/index.php?rest_route=%2Fwp%2Fv2%2Fcomments&post=52182"}],"version-history":[{"count":2,"href":"https:\/\/dekkbi.com\/index.php?rest_route=\/wp\/v2\/posts\/52182\/revisions"}],"predecessor-version":[{"id":52192,"href":"https:\/\/dekkbi.com\/index.php?rest_route=\/wp\/v2\/posts\/52182\/revisions\/52192"}],"wp:featuredmedia":[{"embeddable":true,"href":"https:\/\/dekkbi.com\/index.php?rest_route=\/wp\/v2\/media\/52183"}],"wp:attachment":[{"href":"https:\/\/dekkbi.com\/index.php?rest_route=%2Fwp%2Fv2%2Fmedia&parent=52182"}],"wp:term":[{"taxonomy":"category","embeddable":true,"href":"https:\/\/dekkbi.com\/index.php?rest_route=%2Fwp%2Fv2%2Fcategories&post=52182"},{"taxonomy":"post_tag","embeddable":true,"href":"https:\/\/dekkbi.com\/index.php?rest_route=%2Fwp%2Fv2%2Ftags&post=52182"}],"curies":[{"name":"wp","href":"https:\/\/api.w.org\/{rel}","templated":true}]}}