{"id":52179,"date":"2025-02-19T10:13:04","date_gmt":"2025-02-19T10:13:04","guid":{"rendered":"https:\/\/dekkbi.com\/?p=52179"},"modified":"2025-02-19T10:16:39","modified_gmt":"2025-02-19T10:16:39","slug":"ousmane-sonko-avertit-le-secteur-prive-laffairisme-detat-cest-termine","status":"publish","type":"post","link":"https:\/\/dekkbi.com\/?p=52179","title":{"rendered":"Ousmane Sonko avertit le secteur priv\u00e9 : \u00abL\u2019affairisme d\u2019Etat, c\u2019est termin\u00e9 ! \u00bb"},"content":{"rendered":"\n<p><strong>Que les rentiers du secteur priv\u00e9 s\u00e9n\u00e9galais se le tiennent pour dit. Le Premier ministre, Ousmane Sonko qui plaide pour le patriotisme \u00e9conomique, avec l\u2019adoption prochaine d\u2019une loi visant \u00e0 promouvoir et \u00e0 prot\u00e9ger l\u2019\u00e9conomie nationale, a d\u00e9clar\u00e9 que \u00ab&nbsp;l\u2019affairisme d\u2019\u00e9tat, c\u2019est termin\u00e9&nbsp;!&nbsp;\u00bb<\/strong><\/p>\n\n\n\n<p><em>\u00ab L\u2019affairisme d\u2019Etat, c\u2019est termin\u00e9 dans ce pays&nbsp;!&nbsp;\u00bb,<\/em>&nbsp;tonne le Premier ministre, Ousmane Sonko qui pr\u00e9sidait hier, mardi 18 f\u00e9vrier la c\u00e9r\u00e9monie d\u2019ouverture la 4<sup>eme<\/sup>&nbsp;\u00e9dition du forum de la Pme s\u00e9n\u00e9galaise plac\u00e9 sous le th\u00e8me&nbsp;:&nbsp;\u00ab&nbsp;Pme et innovations, leviers de souverainet\u00e9&nbsp;\u00bb.<\/p>\n\n\n\n<p>Et le Chef du gouvernement de poursuivre&nbsp;:<em>&nbsp;\u00ab&nbsp;Nous soutiendrons tous les acteurs priv\u00e9s qui veulent travailler honn\u00eatement et s\u00e9rieusement. Nous combattrons et nous mettrons fin aux pratiques que nous avons retrouv\u00e9es ici. Une bonne partie de ce secteur priv\u00e9 s\u2019enrichissait \u00e0 coup de surfacturation de march\u00e9s gracieusement accord\u00e9s en accointance avec les pouvoirs publics&nbsp;\u00bb.<\/em><\/p>\n\n\n\n<p><em>\u00ab&nbsp;Le vrai secteur priv\u00e9, celui qui sait entreprendre et qui veut entreprendre dans la rigueur et le patriotisme aura tout le soutien de l\u2019\u00c9tat<\/em>&nbsp;\u00bb, pr\u00e9vient-il.<\/p>\n\n\n\n<p>Il faut noter que le gouvernement, sous la direction et les orientations du Pr\u00e9sident de la R\u00e9publique, a d\u00e9j\u00e0 travaill\u00e9 \u00e0 \u00e9laborer le projet de loi sur le patriotisme \u00e9conomique qui sera incessamment soumis \u00e0 l\u2019Assembl\u00e9e nationale pour mieux prot\u00e9ger et mieux promouvoir notre \u00e9conomie. C\u2019est ce qu\u2019a fait savoir le Premier ministre Ousmane Sonko qui pr\u00e9sidait hier, mardi 18 f\u00e9vrier le forum sur la Pme s\u00e9n\u00e9galaise. \u00ab&nbsp;<em>Nous sommes \u00e0 l\u2019\u00e8re du patriotisme. Le patriotisme est le moteur qui cimente et qui fait fonctionner toutes les nations et tous les \u00c9tats. Qu\u2019il soit revendiqu\u00e9 ou pas, chaque pays, chaque \u00c9tat a pour mission principalement de promouvoir et de travailler \u00e0 ses int\u00e9r\u00eats et les int\u00e9r\u00eats de son peuple. Le patriotisme se diff\u00e9rencie du nationalisme puisse qu\u2019il n\u2019est pas exclusif. Il peut se d\u00e9cliner sous plusieurs formes parmi lesquelles le patriotisme \u00e9conomique<\/em>&nbsp;\u00bb, indique-t-il.<\/p>\n\n\n\n<p>Selon lui, le secteur priv\u00e9 national ne doit pas \u00eatre un figurant. \u00ab&nbsp;Il nous faut travailler \u00e0 capter les investissements venant de partout, mais qui implique fondamentalement notre secteur priv\u00e9.&nbsp; Il faut aussi que ce secteur priv\u00e9 se hisse \u00e0 la hauteur des attentes&nbsp;\u00bb, a laiss\u00e9 entendre le Premier ministre.<\/p>\n\n\n\n<p>Par ailleurs, Ousmane Sonko met en garde les acteurs sur certaines pratiques \u00ab&nbsp;malsaines&nbsp;\u00bb qui, selon lui, se faisaient avant l\u2019accession du nouveau r\u00e9gime au pouvoir.<\/p>\n\n\n\n<p><strong><em>R\u00e9plique de Adama Lam du CNES&nbsp;: \u00ab&nbsp;Nous ne sommes pas de petits bras&nbsp;\u00bb<\/em><\/strong><\/p>\n\n\n\n<p>De son cot\u00e9, Adama Lam, pr\u00e9sident de la conf\u00e9d\u00e9ration nationale des employeurs du S\u00e9n\u00e9gal a invit\u00e9 l\u2019Etat \u00e0 changer de m\u00e9thode et d\u2019approche par rapport \u00e0 sa collaboration avec le priv\u00e9 national. \u00ab&nbsp;<em>Il faut que les m\u00e9thodes changent. Il faut que l\u2019approche et la perception que nous avons du secteur priv\u00e9 particuli\u00e8rement le secteur priv\u00e9 local changent profond\u00e9ment. Nous ne sommes pas de petits bras. Nous avons individuellement de petits moyens mais r\u00e9unis, nous pouvons soulever des montagnes<\/em>. Il faudrait que l\u2019on mette la personne \u00e0 la bonne place et qu\u2019on essaie d\u2019arr\u00eater d\u00e9finitivement cet affairisme qui a gangr\u00e9n\u00e9e notre pays et qui nous a pr\u00e9cipit\u00e9 au bord du gouffre \u00bb, lance-t-il.<\/p>\n\n\n\n<p><strong>NDEYE AMINATA CISSE<\/strong><br>SUDQUOTIDIEN<\/p>\n","protected":false},"excerpt":{"rendered":"<p>Que les rentiers du secteur priv\u00e9 s\u00e9n\u00e9galais se le tiennent pour dit. Le Premier ministre, Ousmane Sonko qui plaide pour<\/p>\n","protected":false},"author":1,"featured_media":52180,"comment_status":"open","ping_status":"open","sticky":false,"template":"","format":"standard","meta":{"footnotes":""},"categories":[6],"tags":[],"class_list":["post-52179","post","type-post","status-publish","format-standard","has-post-thumbnail","hentry","category-politics"],"_links":{"self":[{"href":"https:\/\/dekkbi.com\/index.php?rest_route=\/wp\/v2\/posts\/52179","targetHints":{"allow":["GET"]}}],"collection":[{"href":"https:\/\/dekkbi.com\/index.php?rest_route=\/wp\/v2\/posts"}],"about":[{"href":"https:\/\/dekkbi.com\/index.php?rest_route=\/wp\/v2\/types\/post"}],"author":[{"embeddable":true,"href":"https:\/\/dekkbi.com\/index.php?rest_route=\/wp\/v2\/users\/1"}],"replies":[{"embeddable":true,"href":"https:\/\/dekkbi.com\/index.php?rest_route=%2Fwp%2Fv2%2Fcomments&post=52179"}],"version-history":[{"count":1,"href":"https:\/\/dekkbi.com\/index.php?rest_route=\/wp\/v2\/posts\/52179\/revisions"}],"predecessor-version":[{"id":52181,"href":"https:\/\/dekkbi.com\/index.php?rest_route=\/wp\/v2\/posts\/52179\/revisions\/52181"}],"wp:featuredmedia":[{"embeddable":true,"href":"https:\/\/dekkbi.com\/index.php?rest_route=\/wp\/v2\/media\/52180"}],"wp:attachment":[{"href":"https:\/\/dekkbi.com\/index.php?rest_route=%2Fwp%2Fv2%2Fmedia&parent=52179"}],"wp:term":[{"taxonomy":"category","embeddable":true,"href":"https:\/\/dekkbi.com\/index.php?rest_route=%2Fwp%2Fv2%2Fcategories&post=52179"},{"taxonomy":"post_tag","embeddable":true,"href":"https:\/\/dekkbi.com\/index.php?rest_route=%2Fwp%2Fv2%2Ftags&post=52179"}],"curies":[{"name":"wp","href":"https:\/\/api.w.org\/{rel}","templated":true}]}}