{"id":52166,"date":"2025-02-19T09:55:37","date_gmt":"2025-02-19T09:55:37","guid":{"rendered":"https:\/\/dekkbi.com\/?p=52166"},"modified":"2025-02-19T09:55:37","modified_gmt":"2025-02-19T09:55:37","slug":"long-ahdis-appelle-le-gouvernement-et-les-centrales-syndicales-au-dialogue","status":"publish","type":"post","link":"https:\/\/dekkbi.com\/?p=52166","title":{"rendered":"L\u2019ONG AHDIS appelle le gouvernement et les centrales syndicales au dialogue"},"content":{"rendered":"\n<p>Dakar,  (APS) \u2013 L\u2019Organisation non gouvernementale (ONG) Action humaine pour le d\u00e9veloppement int\u00e9gr\u00e9 au S\u00e9n\u00e9gal (AHDIS) invite le gouvernement et les centrales syndicales regroup\u00e9es autour d\u2019un Front syndical de la d\u00e9fense du travail au dialogue.<\/p>\n\n\n\n<p>\u2018\u2019Nous appelons toutes les parties prenantes au dialogue et \u00e0 la raison, et condamnons toute forme de menaces voil\u00e9es et\/ou ouvertes\u2019\u2019, a-t-elle exhort\u00e9 dans un communiqu\u00e9 parvenu, mardi, \u00e0 l\u2019APS.<\/p>\n\n\n\n<p>En cette p\u00e9riode marqu\u00e9e par des gr\u00e8ves et des pr\u00e9avis de gr\u00e8ve dans plusieurs secteurs, \u2018\u2019AHDIS reste de tout c\u0153ur avec ces organisations sociales dans leurs luttes sociales pour l\u2019am\u00e9lioration des conditions des travailleurs, qu\u2019ils soient syndiqu\u00e9s ou non\u2019\u2019, ajoute le texte.<\/p>\n\n\n\n<p>L\u2019ONG dirig\u00e9e par Amacodou DIOUF, par ailleurs pr\u00e9sident du Conseil des organisations non gouvernementales d\u2019appui au d\u00e9veloppement (CONGAD), appelle en outre \u00e0 une synergie entre le mouvement syndical national et les autres composantes de la soci\u00e9t\u00e9 civile.<\/p>\n\n\n\n<p>\u2018\u2019Ces organisations de la soci\u00e9t\u00e9 civile (OSC) jouent un r\u00f4le important dans la vie de nos communaut\u00e9s. C\u2019est pourquoi nous appelons les syndicaux et les OSC \u00e0 mettre en place une plateforme commune pour porter ensemble l\u2019am\u00e9lioration globale des conditions de vie des populations s\u00e9n\u00e9galaises\u2019\u2019, lit-on dans le communiqu\u00e9.<\/p>\n\n\n\n<p>Cette plateforme, d\u2019apr\u00e8s le texte, permettrait \u00e0 ses membres de travailler sur des programmes communs, notamment en mati\u00e8re de sensibilisation et d\u2019information \u00e0 l\u2019endroit des citoyens, de mobiliser le peuple autour des actions visant \u00e0 sauvegarder les acquis relatifs \u00e0 la baisse des denr\u00e9es de premi\u00e8re n\u00e9cessit\u00e9 et au renforcement du pouvoir d\u2019achat des S\u00e9n\u00e9galais, dans la lutte contre l\u2019inflation.<\/p>\n\n\n\n<p>ABB\/OID<\/p>\n","protected":false},"excerpt":{"rendered":"<p>Dakar, (APS) \u2013 L\u2019Organisation non gouvernementale (ONG) Action humaine pour le d\u00e9veloppement int\u00e9gr\u00e9 au S\u00e9n\u00e9gal (AHDIS) invite le gouvernement et<\/p>\n","protected":false},"author":1,"featured_media":52167,"comment_status":"open","ping_status":"open","sticky":false,"template":"","format":"standard","meta":{"footnotes":""},"categories":[21],"tags":[],"class_list":["post-52166","post","type-post","status-publish","format-standard","has-post-thumbnail","hentry","category-societe"],"_links":{"self":[{"href":"https:\/\/dekkbi.com\/index.php?rest_route=\/wp\/v2\/posts\/52166","targetHints":{"allow":["GET"]}}],"collection":[{"href":"https:\/\/dekkbi.com\/index.php?rest_route=\/wp\/v2\/posts"}],"about":[{"href":"https:\/\/dekkbi.com\/index.php?rest_route=\/wp\/v2\/types\/post"}],"author":[{"embeddable":true,"href":"https:\/\/dekkbi.com\/index.php?rest_route=\/wp\/v2\/users\/1"}],"replies":[{"embeddable":true,"href":"https:\/\/dekkbi.com\/index.php?rest_route=%2Fwp%2Fv2%2Fcomments&post=52166"}],"version-history":[{"count":1,"href":"https:\/\/dekkbi.com\/index.php?rest_route=\/wp\/v2\/posts\/52166\/revisions"}],"predecessor-version":[{"id":52168,"href":"https:\/\/dekkbi.com\/index.php?rest_route=\/wp\/v2\/posts\/52166\/revisions\/52168"}],"wp:featuredmedia":[{"embeddable":true,"href":"https:\/\/dekkbi.com\/index.php?rest_route=\/wp\/v2\/media\/52167"}],"wp:attachment":[{"href":"https:\/\/dekkbi.com\/index.php?rest_route=%2Fwp%2Fv2%2Fmedia&parent=52166"}],"wp:term":[{"taxonomy":"category","embeddable":true,"href":"https:\/\/dekkbi.com\/index.php?rest_route=%2Fwp%2Fv2%2Fcategories&post=52166"},{"taxonomy":"post_tag","embeddable":true,"href":"https:\/\/dekkbi.com\/index.php?rest_route=%2Fwp%2Fv2%2Ftags&post=52166"}],"curies":[{"name":"wp","href":"https:\/\/api.w.org\/{rel}","templated":true}]}}