{"id":52163,"date":"2025-02-19T09:52:31","date_gmt":"2025-02-19T09:52:31","guid":{"rendered":"https:\/\/dekkbi.com\/?p=52163"},"modified":"2025-02-19T09:52:33","modified_gmt":"2025-02-19T09:52:33","slug":"le-premier-ministre-appelle-a-lacceleration-du-programme-de-financement-des-pme-pmi","status":"publish","type":"post","link":"https:\/\/dekkbi.com\/?p=52163","title":{"rendered":"Le Premier ministre appelle \u00e0 l\u2019acc\u00e9l\u00e9ration du programme de financement des PME-PMI"},"content":{"rendered":"\n<p>Dakar, (APS) \u2013 Le Premier ministre, Ousmane Sonko, a appel\u00e9, mardi, \u00e0 l\u2019acc\u00e9l\u00e9ration dans la mise en \u0153uvre du Programme pour le financement massif et s\u00e9curis\u00e9 des Petites et moyennes entreprises et Petites et moyennes industries (PME\/PMI).<\/p>\n\n\n\n<p>\u2018\u2019S\u2019agissant de la probl\u00e9matique du financement, j\u2019engage le gouvernement \u00e0 acc\u00e9l\u00e9rer la mise en \u0153uvre du Programme pour le financement massif et s\u00e9curis\u00e9 des PME\/PMI\u2019\u2019, a-t-il dit.<\/p>\n\n\n\n<p>Le Premier ministre s\u2019exprimait \u00e0 la c\u00e9r\u00e9monie d\u2019ouverture de la 4<sup>e<\/sup>&nbsp;\u00e9dition du Forum de la Petite et moyenne entreprise plac\u00e9e sous le th\u00e8me \u2018\u2019PME et innovation, leviers de souverainet\u00e9\u2019\u2019.<\/p>\n\n\n\n<p>\u2018\u2019L\u2019objectif de ce programme est d\u2019augmenter l\u2019encours de cr\u00e9dit accord\u00e9 par les institutions financi\u00e8res aux PME\/PMI de 600 milliards FCFA en 2024 \u00e0 3000 milliards FCFA en 2028\u2019\u2019, a soutenu Ousmane Sonko.<\/p>\n\n\n\n<p>Il s\u2019est r\u00e9joui, par ailleurs, de la signature, dans le cadre de ce programme, du&nbsp;Pacte de financement de 1000 milliards FCFA destin\u00e9s \u00e0 financer les PME\/PMI, pour cette ann\u00e9e 2025.<\/p>\n\n\n\n<p>M. Sonko a invit\u00e9 donc &nbsp;\u00bbtoutes les parties signataires du Pacte de Financement au respect des engagements souscrits pour que les 1000 milliards annonc\u00e9s soient effectivement d\u00e9caiss\u00e9s au profit des PME\/PMI et soient judicieusement utilis\u00e9s en faveur de notre \u00e9conomie\u2019\u2019.<\/p>\n\n\n\n<p>Selon lui, le th\u00e8me de cette pr\u00e9sente \u00e9dition &nbsp;\u00bbPME &amp; Innovation, leviers de souverainet\u00e9&nbsp;\u00bb, est parfaitement align\u00e9 avec les enjeux de l\u2019heure et l\u2019Agenda national de Transformation, le nouveau r\u00e9f\u00e9rentiel des politiques publiques.<\/p>\n\n\n\n<p>\u2018\u2019L\u2019innovation est un moyen de renforcer la comp\u00e9titivit\u00e9 de notre \u00e9conomie. Les PME\/PMI, en particulier celles qui investissent dans la recherche et le d\u00e9veloppement, peuvent contribuer \u00e0 des avanc\u00e9es technologiques significatives\u2019\u2019, a-t-il not\u00e9.<\/p>\n\n\n\n<p>Le Premier ministre a indiqu\u00e9 qu\u2019\u2018\u2019en collaborant avec des institutions acad\u00e9miques et des centres de recherche, elles [PME\/PMI] peuvent d\u00e9velopper des innovations qui am\u00e9liorent non seulement leurs produits, mais renforcent \u00e9galement les capacit\u00e9s technologiques du pays&nbsp;\u00bb.<\/p>\n\n\n\n<p>\u2018\u2019En pr\u00f4nant une rupture syst\u00e9mique, le pr\u00e9sident de la R\u00e9publique s\u2019adresse \u00e0 toutes les forces vives de la Nation, pour nous inviter \u00e0 sortir des sentiers battus, \u00e0 nous remettre en cause, \u00e0 op\u00e9rer des ruptures, bref \u00e0 innover\u2019\u2019, a fait savoir le Premier ministre.<\/p>\n\n\n\n<p>Selon lui, \u2018\u2019les PME et PMI et toutes les entreprises doivent s\u2019en inspirer pour d\u00e9velopper des produits et services innovants adapt\u00e9s \u00e0 nos besoins et aux march\u00e9s en pleine mutation\u2019\u2019.<\/p>\n\n\n\n<p>Le pr\u00e9sident de la Conf\u00e9d\u00e9ration nationale des employeurs du S\u00e9n\u00e9gal (CNES), Adama Lam, repr\u00e9sentant le secteur priv\u00e9, a invit\u00e9 les autorit\u00e9s \u00e0 \u2018\u2019\u00e9valuer et \u00e0 prendre conscience que nous avons besoin de chacun parmi nous pour que les choses changent dans notre pays\u2019\u2019.<\/p>\n\n\n\n<p>\u2018\u2019Malgr\u00e9 la bonne volont\u00e9 manifest\u00e9e, malgr\u00e9 les d\u00e9fis, malgr\u00e9 le manque de ressources, notre pays demeure un pays qui a un potentiel de d\u00e9veloppement \u00e9norme.C\u2019est \u00e0 nous de saisir\u2019\u2019, a invit\u00e9 l\u2019homme d\u2019affaires.<\/p>\n\n\n\n<p>Pour lui, \u2018\u2019l\u2019espoir est permis si notre jeunesse comprend que nous ne pouvons pas cr\u00e9er des emplois de masse et durable dans un laps de temps tr\u00e8s court\u2019\u2019.<\/p>\n\n\n\n<p>\u2018\u2019L\u2019espoir est permis si nous, les S\u00e9n\u00e9galais aussi, nous avons conscience que nous devons changer notre fa\u00e7on de vivre\u2019\u2019, a dit M. Lam, en soutenant que \u2018\u2019nous vivons au-dessus de nos moyens\u2019\u2019.<\/p>\n\n\n\n<p>La directrice g\u00e9n\u00e9rale de l\u2019ADPEME, Marie Rose Faye, a d\u00e9clar\u00e9 que \u2018\u2019ce forum est un cadre de multiformes pour l\u2019expression des capacit\u00e9s d\u2019innovation des PME et du savoir-faire s\u00e9n\u00e9galais&nbsp;\u00bb, ajoutant qu\u2019il [forum] est aussi un espace de partage sur les opportunit\u00e9s qui s\u2019offrent \u00e0 chaque entrepreneur&nbsp;\u00bb.<\/p>\n\n\n\n<p>La Directrice pays pour le Cabo Verde, la Gambie, la Guin\u00e9e-Bissau, la Mauritanie et le S\u00e9n\u00e9gal dans la r\u00e9gion Afrique de l\u2019Ouest et du Centre, Keiko Miwa, a remerci\u00e9 le gouvernement du S\u00e9n\u00e9gal pour l\u2019organisation de ce 4<sup>e<\/sup>&nbsp;forum des PME sur l\u2019innovation.<\/p>\n\n\n\n<p>\u2018\u2019C\u2019est une excellente occasion pour le gouvernement et les organisations de collaborer pour le d\u00e9veloppement des PME locales\u2019\u2019, a-t-elle d\u00e9clar\u00e9, saluant \u2018\u2019l\u2019importance des PME dans le d\u00e9veloppement \u00e9conomique\u2019\u2019.<\/p>\n\n\n\n<p>\u2018\u2019Les PME sont essentielles \u00e0 l\u2019\u00e9conomie. Au S\u00e9n\u00e9gal, elles repr\u00e9sentent presque 95% des entreprises. Toutefois, une grande partie op\u00e8rent dans le secteur informel\u2019\u2019, a rappel\u00e9 la fonctionnaire de la Banque mondiale.<\/p>\n\n\n\n<p>Pour elle, \u2018\u2019il est crucial de favoriser des r\u00e9formes, d\u2019engranger l\u2019innovation, de stimuler la croissance pour cr\u00e9er davantage d\u2019opportunit\u00e9s d\u2019emploi pour les jeunes s\u00e9n\u00e9galais\u2019\u2019.<\/p>\n\n\n\n<p>\u2018\u2019Avoir un \u00e9cosyst\u00e8me de PME dynamique est essentiel au d\u00e9veloppement \u00e9conomique du S\u00e9n\u00e9gal\u2019\u2019, a fait savoir Keiko Miwa.<\/p>\n\n\n\n<p>Elle a, par ailleurs, r\u00e9affirm\u00e9 l\u2019engagement de la Banque mondiale \u00e0 soutenir le secteur priv\u00e9.<\/p>\n\n\n\n<p>L\u2019ambassadeur de la R\u00e9publique f\u00e9d\u00e9rale d\u2019Allemagne, Siemon S\u00f6nke, a aussi salu\u00e9 l\u2019organisation de ce forum d\u00e9di\u00e9 aux PME-PMI.<\/p>\n\n\n\n<p>Le diplomate a dit renouveler l\u2019offre de l\u2019Allemagne \u00e0 s\u2019engager aux c\u00f4t\u00e9s du gouvernement du S\u00e9n\u00e9gal en faveur de la cr\u00e9ation \u2018\u2019d\u2019emplois qualifi\u00e9s durables pour les jeunes, en particulier dans les r\u00e9gions rurales\u2019\u2019.<\/p>\n\n\n\n<p>\u2018\u2019L\u2019Allemagne a intensifi\u00e9 sa coop\u00e9ration avec le S\u00e9n\u00e9gal. Depuis 2019, elle a quintupl\u00e9 le volume annuel de sa coop\u00e9ration \u00e9conomique et surtout en faveur du secteur priv\u00e9\u2019\u2019, a-t-il soulign\u00e9.<\/p>\n\n\n\n<p>CS\/ADL\/OID<\/p>\n","protected":false},"excerpt":{"rendered":"<p>Dakar, (APS) \u2013 Le Premier ministre, Ousmane Sonko, a appel\u00e9, mardi, \u00e0 l\u2019acc\u00e9l\u00e9ration dans la mise en \u0153uvre du Programme<\/p>\n","protected":false},"author":1,"featured_media":52164,"comment_status":"open","ping_status":"open","sticky":false,"template":"","format":"standard","meta":{"footnotes":""},"categories":[6],"tags":[],"class_list":["post-52163","post","type-post","status-publish","format-standard","has-post-thumbnail","hentry","category-politics"],"_links":{"self":[{"href":"https:\/\/dekkbi.com\/index.php?rest_route=\/wp\/v2\/posts\/52163","targetHints":{"allow":["GET"]}}],"collection":[{"href":"https:\/\/dekkbi.com\/index.php?rest_route=\/wp\/v2\/posts"}],"about":[{"href":"https:\/\/dekkbi.com\/index.php?rest_route=\/wp\/v2\/types\/post"}],"author":[{"embeddable":true,"href":"https:\/\/dekkbi.com\/index.php?rest_route=\/wp\/v2\/users\/1"}],"replies":[{"embeddable":true,"href":"https:\/\/dekkbi.com\/index.php?rest_route=%2Fwp%2Fv2%2Fcomments&post=52163"}],"version-history":[{"count":1,"href":"https:\/\/dekkbi.com\/index.php?rest_route=\/wp\/v2\/posts\/52163\/revisions"}],"predecessor-version":[{"id":52165,"href":"https:\/\/dekkbi.com\/index.php?rest_route=\/wp\/v2\/posts\/52163\/revisions\/52165"}],"wp:featuredmedia":[{"embeddable":true,"href":"https:\/\/dekkbi.com\/index.php?rest_route=\/wp\/v2\/media\/52164"}],"wp:attachment":[{"href":"https:\/\/dekkbi.com\/index.php?rest_route=%2Fwp%2Fv2%2Fmedia&parent=52163"}],"wp:term":[{"taxonomy":"category","embeddable":true,"href":"https:\/\/dekkbi.com\/index.php?rest_route=%2Fwp%2Fv2%2Fcategories&post=52163"},{"taxonomy":"post_tag","embeddable":true,"href":"https:\/\/dekkbi.com\/index.php?rest_route=%2Fwp%2Fv2%2Ftags&post=52163"}],"curies":[{"name":"wp","href":"https:\/\/api.w.org\/{rel}","templated":true}]}}