{"id":52160,"date":"2025-02-19T09:49:00","date_gmt":"2025-02-19T09:49:00","guid":{"rendered":"https:\/\/dekkbi.com\/?p=52160"},"modified":"2025-02-19T10:38:54","modified_gmt":"2025-02-19T10:38:54","slug":"leveque-du-diocese-de-ziguinchor-en-visite-pastorale-de-quatre-jours-a-dakar-en-mars","status":"publish","type":"post","link":"https:\/\/dekkbi.com\/?p=52160","title":{"rendered":"L\u2019Ev\u00eaque du dioc\u00e8se de Ziguinchor en visite pastorale  \u00e0 Dakar, en mars"},"content":{"rendered":"\n<p>(APS) \u2013 L\u2019Ev\u00eaque du dioc\u00e8se de Ziguinchor (sud), Monseigneur Jean- Baptiste Valter Manga, effectuera une visite pastorale dans l\u2019archidioc\u00e8se de Dakar du 1<sup>er<\/sup>&nbsp;au 4 mars prochain, a-t-on appris de source officielle.<\/p>\n\n\n\n<p>Dans un communiqu\u00e9 parvenu, mardi, \u00e0 l\u2019APS, le pr\u00e9sident du comit\u00e9 ad hoc install\u00e9 \u00e0 cet effet, a exprim\u00e9 sa joie et invit\u00e9 l\u2019ensemble des fid\u00e8les, les m\u00e9dias ainsi que toutes les personnes de bonne volont\u00e9 \u00e0 prendre part \u00e0 cette visite pastorale dans un esprit de foi et de communion fraternelle.<\/p>\n\n\n\n<p>\u2018\u2019Cette visite s\u2019inscrit dans la mission pastorale de l\u2019\u00c9v\u00eaque, qui vient \u00e0 la rencontre des fid\u00e8les, notamment ceux originaires du dioc\u00e8se de Ziguinchor, pour les fortifier dans leur foi, recueillir leurs pr\u00e9occupations et renforcer les liens de communion au sein de l\u2019\u00c9glise\u2019\u2019, lit-on dans le texte.<\/p>\n\n\n\n<p>Ce s\u00e9jour de quatre jours de Monseigneur Jean- Baptiste Valter Manga sera ponctu\u00e9e par la c\u00e9l\u00e9bration eucharistique solennelle qu\u2019il pr\u00e9sidera, le dimanche 2 mars 2025, \u00e0 9 heures 30 minutes, en l\u2019\u00e9glise des Martyrs de l\u2019Ouganda.<\/p>\n\n\n\n<p>\u2018\u2019\u00c0 l\u2019issue de la c\u00e9l\u00e9bration, l\u2019\u00c9v\u00eaque de Ziguinchor tiendra un point de presse et prendra part \u00e0 la journ\u00e9e fraternelle et gastronomique (\u2026) avec une vente de sp\u00e9cialit\u00e9s casaman\u00e7aises dont les b\u00e9n\u00e9fices seront int\u00e9gralement vers\u00e9s au profit du dioc\u00e8se de Ziguinchor\u2019\u2019, poursuit le communiqu\u00e9.<\/p>\n\n\n\n<p>La veille, le samedi 1er mars, le pr\u00e9lat aura des \u2018\u2019des \u00e9changes privil\u00e9gi\u00e9s\u2019\u2019 avec les fid\u00e8les \u00e0 la salle Georges Courrier de la paroisse des Martyrs de l\u2019Ouganda, qui \u2018\u2019porteront sur les orientations strat\u00e9giques, les d\u00e9fis pastoraux et les perspectives de d\u00e9veloppement du dioc\u00e8se, tant \u00e0 l\u2019\u00e9chelle locale qu\u2019interdioc\u00e9saine\u2019\u2019, ajoute la m\u00eame source.<\/p>\n\n\n\n<p>Le communiqu\u00e9 pr\u00e9cise \u00e9galement que durant son s\u00e9jour, Monseigneur Jean-Baptiste Valter Manga rendra des visites de courtoisie \u00e0 des autorit\u00e9s \u00e9tatiques.<\/p>\n","protected":false},"excerpt":{"rendered":"<p>(APS) \u2013 L\u2019Ev\u00eaque du dioc\u00e8se de Ziguinchor (sud), Monseigneur Jean- Baptiste Valter Manga, effectuera une visite pastorale dans l\u2019archidioc\u00e8se de<\/p>\n","protected":false},"author":1,"featured_media":52161,"comment_status":"open","ping_status":"open","sticky":false,"template":"","format":"standard","meta":{"footnotes":""},"categories":[21],"tags":[],"class_list":["post-52160","post","type-post","status-publish","format-standard","has-post-thumbnail","hentry","category-societe"],"_links":{"self":[{"href":"https:\/\/dekkbi.com\/index.php?rest_route=\/wp\/v2\/posts\/52160","targetHints":{"allow":["GET"]}}],"collection":[{"href":"https:\/\/dekkbi.com\/index.php?rest_route=\/wp\/v2\/posts"}],"about":[{"href":"https:\/\/dekkbi.com\/index.php?rest_route=\/wp\/v2\/types\/post"}],"author":[{"embeddable":true,"href":"https:\/\/dekkbi.com\/index.php?rest_route=\/wp\/v2\/users\/1"}],"replies":[{"embeddable":true,"href":"https:\/\/dekkbi.com\/index.php?rest_route=%2Fwp%2Fv2%2Fcomments&post=52160"}],"version-history":[{"count":2,"href":"https:\/\/dekkbi.com\/index.php?rest_route=\/wp\/v2\/posts\/52160\/revisions"}],"predecessor-version":[{"id":52191,"href":"https:\/\/dekkbi.com\/index.php?rest_route=\/wp\/v2\/posts\/52160\/revisions\/52191"}],"wp:featuredmedia":[{"embeddable":true,"href":"https:\/\/dekkbi.com\/index.php?rest_route=\/wp\/v2\/media\/52161"}],"wp:attachment":[{"href":"https:\/\/dekkbi.com\/index.php?rest_route=%2Fwp%2Fv2%2Fmedia&parent=52160"}],"wp:term":[{"taxonomy":"category","embeddable":true,"href":"https:\/\/dekkbi.com\/index.php?rest_route=%2Fwp%2Fv2%2Fcategories&post=52160"},{"taxonomy":"post_tag","embeddable":true,"href":"https:\/\/dekkbi.com\/index.php?rest_route=%2Fwp%2Fv2%2Ftags&post=52160"}],"curies":[{"name":"wp","href":"https:\/\/api.w.org\/{rel}","templated":true}]}}