{"id":52157,"date":"2025-02-19T09:45:58","date_gmt":"2025-02-19T09:45:58","guid":{"rendered":"https:\/\/dekkbi.com\/?p=52157"},"modified":"2025-02-19T09:45:59","modified_gmt":"2025-02-19T09:45:59","slug":"52157","status":"publish","type":"post","link":"https:\/\/dekkbi.com\/?p=52157","title":{"rendered":""},"content":{"rendered":"\n<p>Kampala (Ouganda),  (APS) \u2013 Le S\u00e9n\u00e9gal qui va assurer la pr\u00e9sidence du Conseil des ministres africains charg\u00e9s de l\u2019eau (AMCOW, sigle en Anglais) pour la p\u00e9riode 2025-2027, s\u2019engage \u00e0 adopter une approche ax\u00e9e sur l\u2019action pour renforcer l\u2019impact des initiatives li\u00e9es \u00e0 l\u2019eau et \u00e0 l\u2019assainissement en Afrique, a assur\u00e9, mardi, le ministre de l\u2019Hydraulique et de l\u2019Assainissement, Cheikh Tidiane Di\u00e8ye.<\/p>\n\n\n\n<p>\u2018\u2019La pr\u00e9sidence s\u00e9n\u00e9galaise de l\u2019AMCOW s\u2019engage \u00e0 adopter une approche ax\u00e9e sur l\u2019action pour renforcer l\u2019impact des initiatives li\u00e9es \u00e0 l\u2019eau et \u00e0 l\u2019assainissement en Afrique. En mobilisant les Etats, les partenaires au d\u00e9veloppement et toutes les parties prenantes africaines, elle vise \u00e0 construire une Afrique libre, souveraine, prosp\u00e8re et r\u00e9siliente d\u2019ici 2063\u2019\u2019, a-t-il d\u00e9clar\u00e9.<\/p>\n\n\n\n<p>M. Di\u00e8ye intervenait par visioconf\u00e9rence lors d\u2019une session des ministres africains en charge de l\u2019eau, organis\u00e9e au deuxi\u00e8me jour du Congr\u00e8s international et exposition de l\u2019Association africaine de l\u2019eau et de l\u2019assainissement (AAEA), qui se tient en Ouganda (16-20 f\u00e9vrier 2025) sur le th\u00e8me : \u2018\u2019Eau et Assainissement pour tous : un avenir s\u00fbr pour l\u2019Afrique\u2019\u2019.<\/p>\n\n\n\n<p>Des d\u00e9l\u00e9gations officielles de l\u2019Ouganda, de la C\u00f4te d\u2019Ivoire, du Burkina Faso, du Malawi, du Cameroun et du S\u00e9n\u00e9gal, ainsi que des experts et des partenaires techniques ont pris part \u00e0 cette session pr\u00e9sid\u00e9e par le ministre ivoirien des Eaux et For\u00eats, Laurent Tchagba.<\/p>\n\n\n\n<p>Cheikh Tidiane Di\u00e8ye a assur\u00e9 que la pr\u00e9sidence s\u00e9n\u00e9galaise de l\u2019AMCOW \u2018\u2019promeut une nouvelle vision africaine de l\u2019Eau, pla\u00e7ant ces enjeux au c\u0153ur des priorit\u00e9s continentales, tout en d\u00e9fendant une position africaine unifi\u00e9e et un plaidoyer politique de haut niveau au sein de l\u2019Union Africaine et dans l\u2019agenda mondial de l\u2019eau\u2019\u2019.<\/p>\n\n\n\n<p>\u2018\u2019Le S\u00e9n\u00e9gal, fid\u00e8le \u00e0 ses engagements internationaux, a pris des responsabilit\u00e9s majeures pour porter cette vision et la traduire en impact positif sur la vie des populations et le dynamisme des secteurs de la production\u2019\u2019, a soulign\u00e9 Cheikh Tidiane Di\u00e8ye.<\/p>\n\n\n\n<p>&nbsp;\u00bbEn tant que (nouveau) pr\u00e9sident du Conseil des ministres africains charg\u00e9s de l\u2019Eau pour la p\u00e9riode 2025-2027, et co-organisateur de la 3<sup>\u00e8me<\/sup>&nbsp;Conf\u00e9rence des Nations unies sur l\u2019eau en 2026 avec les \u00c9mirats arabes unis, nous \u0153uvrons encore \u00e0 mieux placer l\u2019eau au c\u0153ur de l\u2019agenda politique mondial\u2019\u2019, a ajout\u00e9 Cheikh Tidiane Di\u00e8ye.<\/p>\n\n\n\n<p>A l\u2019en croire, ces initiatives refl\u00e8tent \u2018\u2019la conviction profonde\u2019\u2019 du Gouvernement s\u00e9n\u00e9galais que \u2018\u2019l\u2019eau doit rester une priorit\u00e9 absolue pour notre continent\u2019\u2019. \u2018\u2019Face \u00e0 l\u2019urgence climatique et aux d\u00e9fis croissants, une r\u00e9ponse collective, rapide et coordonn\u00e9e est indispensable\u2019\u2019, a insist\u00e9 le ministre de l\u2019Hydraulique et de l\u2019Assainissement.<\/p>\n\n\n\n<p>\u2018\u2019L\u2019eau est bien plus qu\u2019une ressource naturelle. Elle est le fondement de la vie, le socle de la prosp\u00e9rit\u00e9 \u00e9conomique et le pilier de la stabilit\u00e9 environnementale. Dans un monde marqu\u00e9 par des crises climatiques et socio-\u00e9conomiques croissantes, sa bonne gouvernance s\u2019impose comme une priorit\u00e9 strat\u00e9gique pour garantir un avenir durable\u2019\u2019, a-t-il indiqu\u00e9.<\/p>\n\n\n\n<p>Le congr\u00e8s international et l\u2019exposition de l\u2019AAEA rassemblent les parties prenantes et les principaux contacts du secteur conventionnel de l\u2019eau et d\u2019autres secteurs. Il est l\u2019un des principaux \u00e9v\u00e9nements du calendrier du secteur de l\u2019eau.<\/p>\n\n\n\n<p>L\u2019AAEA est une association professionnelle qui rassemble des entit\u00e9s, des entreprises et des op\u00e9rateurs du secteur de l\u2019eau potable, de l\u2019assainissement et de l\u2019environnement en Afrique. L\u2019organisation compte plus de 237 membres, dont 100 sont des op\u00e9rateurs publics de plus de 40 pays \u00e0 travers le continent.<\/p>\n\n\n\n<p>\u2018\u2019Cr\u00e9\u00e9e en f\u00e9vrier 1980 sous l\u2019appellation Union Africaine des distributeurs d\u2019eau (UADE), elle a su \u00e9voluer avec audace et clairvoyance pour r\u00e9pondre aux d\u00e9fis croissants de notre \u00e9poque\u2019\u2019, avait expliqu\u00e9 le directeur ex\u00e9cutif de l\u2019AAEA, Olivier Gosso, \u00e0 l\u2019ouverture officielle du congr\u00e8s, lundi.<\/p>\n\n\n\n<p>De l\u2019envoy\u00e9 sp\u00e9cial de l\u2019APS, El Hadj Souleymane Gano<\/p>\n\n\n\n<p>SG\/HB\/HK\/ASG\/ADL<\/p>\n","protected":false},"excerpt":{"rendered":"<p>Kampala (Ouganda), (APS) \u2013 Le S\u00e9n\u00e9gal qui va assurer la pr\u00e9sidence du Conseil des ministres africains charg\u00e9s de l\u2019eau (AMCOW,<\/p>\n","protected":false},"author":1,"featured_media":52158,"comment_status":"open","ping_status":"open","sticky":false,"template":"","format":"standard","meta":{"footnotes":""},"categories":[6],"tags":[],"class_list":["post-52157","post","type-post","status-publish","format-standard","has-post-thumbnail","hentry","category-politics"],"_links":{"self":[{"href":"https:\/\/dekkbi.com\/index.php?rest_route=\/wp\/v2\/posts\/52157","targetHints":{"allow":["GET"]}}],"collection":[{"href":"https:\/\/dekkbi.com\/index.php?rest_route=\/wp\/v2\/posts"}],"about":[{"href":"https:\/\/dekkbi.com\/index.php?rest_route=\/wp\/v2\/types\/post"}],"author":[{"embeddable":true,"href":"https:\/\/dekkbi.com\/index.php?rest_route=\/wp\/v2\/users\/1"}],"replies":[{"embeddable":true,"href":"https:\/\/dekkbi.com\/index.php?rest_route=%2Fwp%2Fv2%2Fcomments&post=52157"}],"version-history":[{"count":1,"href":"https:\/\/dekkbi.com\/index.php?rest_route=\/wp\/v2\/posts\/52157\/revisions"}],"predecessor-version":[{"id":52159,"href":"https:\/\/dekkbi.com\/index.php?rest_route=\/wp\/v2\/posts\/52157\/revisions\/52159"}],"wp:featuredmedia":[{"embeddable":true,"href":"https:\/\/dekkbi.com\/index.php?rest_route=\/wp\/v2\/media\/52158"}],"wp:attachment":[{"href":"https:\/\/dekkbi.com\/index.php?rest_route=%2Fwp%2Fv2%2Fmedia&parent=52157"}],"wp:term":[{"taxonomy":"category","embeddable":true,"href":"https:\/\/dekkbi.com\/index.php?rest_route=%2Fwp%2Fv2%2Fcategories&post=52157"},{"taxonomy":"post_tag","embeddable":true,"href":"https:\/\/dekkbi.com\/index.php?rest_route=%2Fwp%2Fv2%2Ftags&post=52157"}],"curies":[{"name":"wp","href":"https:\/\/api.w.org\/{rel}","templated":true}]}}