{"id":5214,"date":"2022-12-23T09:29:19","date_gmt":"2022-12-23T09:29:19","guid":{"rendered":"https:\/\/dekkbi.com\/?p=5214"},"modified":"2022-12-23T09:29:20","modified_gmt":"2022-12-23T09:29:20","slug":"communique-du-conseil-des-ministres-du-jeudi-22-decembre-2022-fonds-covid-macky-sall-attend-le-rapport-de-amadou-ba-pour-sevir","status":"publish","type":"post","link":"https:\/\/dekkbi.com\/?p=5214","title":{"rendered":"Communiqu\u00e9 du Conseil des ministres du jeudi 22 d\u00e9cembre 2022: Fonds Covid: Macky Sall attend le rapport de Amadou Ba pour s\u00e9vir"},"content":{"rendered":"\n<h3 class=\"wp-block-heading\">Le Conseil des ministres s\u2019est tenu le jeudi 22 d\u00e9cembre 2022 au Palais de la R\u00e9publique, sous la pr\u00e9sidence du Chef de l\u2019Etat, son Excellence, Monsieur Macky SALL.<\/h3>\n\n\n\n<p>A l\u2019entame de sa communication, le Pr\u00e9sident de la R\u00e9publique a adress\u00e9 ses chaleureuses f\u00e9licitations au Gouvernement, en particulier le Premier Ministre, pour l\u2019exhaustivit\u00e9 et la qualit\u00e9 de sa d\u00e9claration de politique g\u00e9n\u00e9rale devant l\u2019Assembl\u00e9e nationale, qui s\u2019est d\u00e9roul\u00e9e le 12 d\u00e9cembre 2022.<\/p>\n\n\n\n<p>Le Chef de l\u2019Etat a exhort\u00e9 le Gouvernement \u00e0 rester une \u00e9quipe de combat, d\u2019\u00e9coute, de proximit\u00e9, de veille et d\u2019action au service du bien-\u00eatre des populations, dans l\u2019esprit permanent du \u00ab Fast Track \u00bb.<\/p>\n\n\n\n<p>Abordant la c\u00e9l\u00e9bration de la f\u00eate de no\u00ebl, le Pr\u00e9sident de la R\u00e9publique a adress\u00e9 ses chaleureuses f\u00e9licitations \u00e0 la communaut\u00e9 chr\u00e9tienne tout en formulant des pri\u00e8res avec la Nation pour un S\u00e9n\u00e9gal de paix et de prosp\u00e9rit\u00e9 dans la solidarit\u00e9 et l\u2019\u00e9quit\u00e9.<\/p>\n\n\n\n<p>A cet effet, le Chef de l\u2019Etat a d\u00e9cid\u00e9 de d\u00e9clarer f\u00e9ri\u00e9, ch\u00f4m\u00e9 et pay\u00e9 le lundi 26 d\u00e9cembre 2022, conform\u00e9ment aux dispositions de l\u2019article 8 du d\u00e9cret n\u00b074-1125 du 19 novembre 1974 fixant le r\u00e9gime de la f\u00eate nationale et du 1er Mai et celui des autres f\u00eates l\u00e9gales.<\/p>\n\n\n\n<p>S\u2019agissant de la transparence dans la gestion des finances publiques et du renforcement de la lutte contre le blanchissement des capitaux et le financement du terrorisme, le Pr\u00e9sident de la R\u00e9publique a r\u00e9it\u00e9r\u00e9 son attachement \u00e0 la transparence, \u00e0 la promotion de la bonne gouvernance et \u00e0 la reddition des comptes, \u00e9rig\u00e9s en piliers dans le Plan S\u00e9n\u00e9gal Emergent.<\/p>\n\n\n\n<p>A la suite de la publication du rapport de la Cour des Comptes sur l\u2019audit de la gestion du Fonds de Riposte et de Solidarit\u00e9 contre les effets de la COVID 19 (FONDS FORCE COVID-19), le Chef de l\u2019Etat a demand\u00e9 au Premier Ministre d\u2019examiner avec attention les informations publi\u00e9es, les recommandations formul\u00e9es et de prendre sans d\u00e9lais les mesures ad\u00e9quates afin d\u2019\u00e9clairer l\u2019opinion sur les \u00e9l\u00e9ments contenus dans ledit rapport en vue des suites \u00e0 donner.<\/p>\n\n\n\n<p>Par ailleurs, le Chef de l\u2019Etat a indiqu\u00e9 au Premier Ministre, l\u2019urgence d\u2019accentuer la mise en \u0153uvre de la Strat\u00e9gie nationale de Lutte contre le Blanchiment des capitaux et le Financement du Terrorisme afin de sortir le S\u00e9n\u00e9gal de la liste des pays tiers \u00e0 haut risque en la mati\u00e8re selon une publication r\u00e9cente.<\/p>\n\n\n\n<p>Revenant sur la maitrise strat\u00e9gique du financement des collectivit\u00e9s territoriales, le Pr\u00e9sident de la R\u00e9publique a f\u00e9licit\u00e9 le Ministre des Collectivit\u00e9s territoriales, de l\u2019Am\u00e9nagement et du D\u00e9veloppement des Territoires, les pr\u00e9sidents de conseil d\u00e9partemental, les maires et les partenaires de l\u2019Etat pour le succ\u00e8s de l\u2019organisation de cette deuxi\u00e8me \u00e9dition de la Journ\u00e9e nationale de la d\u00e9centralisation (JND).<\/p>\n\n\n\n<p>Le Chef de l\u2019Etat a salu\u00e9 les r\u00e9alisations notables en mati\u00e8re de d\u00e9centralisation, d\u2019am\u00e9nagement et de d\u00e9veloppement durable des territoires et a demand\u00e9 aux<\/p>\n\n\n\n<p>acteurs territoriaux de consolider autour des orientations de l\u2019Etat central, un dialogue constructif, essentiel pour moderniser la gouvernance territoriale dans la dynamique du Plan S\u00e9n\u00e9gal Emergent (PSE).<\/p>\n\n\n\n<p>Le Pr\u00e9sident de la R\u00e9publique a rappel\u00e9 l\u2019importance des fonds publics directement affect\u00e9s aux collectivit\u00e9s territoriales dans le cadre des Fonds de Dotation de la D\u00e9centralisation et Fonds d\u2019Equipement des Collectivit\u00e9s territoriales qui sont pass\u00e9s de 31 milliards en 2013 \u00e0 pr\u00e8s de 65 milliards en 2022, compte non tenu de la contribution \u00e9conomique locale (CEL), les projets ex\u00e9cut\u00e9s et les ressources allou\u00e9es par l\u2019Etat dans le cadre des programmes de d\u00e9veloppement territorial (PUDC, PUMA, PACASEN, PROMOVILLES, PNDL&#8230;).<\/p>\n\n\n\n<p>Le Chef de l\u2019Etat a soulign\u00e9 l\u2019urgence de proc\u00e9der, avant fin janvier 2022, \u00e0 une \u00e9valuation de la CEL (Contribution \u00e9conomique locale) et un rapport sur les perspectives de r\u00e9forme des m\u00e9canismes et instruments de financement des Collectivit\u00e9s territoriales, au regard des comp\u00e9tences transf\u00e9r\u00e9es et des exigences d\u2019\u00e9quit\u00e9 territoriale.<\/p>\n\n\n\n<p>Enfin, le Pr\u00e9sident de la R\u00e9publique recevra prochainement les nouveaux pr\u00e9sidents et membres des bureaux des associations des Maires, des d\u00e9partements du S\u00e9n\u00e9gal et de l\u2019Union des associations d\u2019\u00e9lus territoriaux, qu\u2019il f\u00e9licite \u00e0 nouveau.<\/p>\n\n\n\n<p>Abordant le climat social, la gestion et le suivi des affaires int\u00e9rieures, le Pr\u00e9sident de la R\u00e9publique a insist\u00e9 sur les sujets suivants :<\/p>\n\n\n\n<p>\u2022 la protection des enfants et du d\u00e9veloppement int\u00e9gr\u00e9 de la petite enfance : en rappelant au Gouvernement le renforcement de la protection des enfants et le d\u00e9veloppement int\u00e9gr\u00e9 de la petite enfance, \u00e0 travers notamment l\u2019\u00e9ducation pr\u00e9scolaire et la case des tout-petits qui demeurent des priorit\u00e9s. A cet effet, le Chef de l\u2019Etat a engag\u00e9 le Premier Ministre \u00e0 assurer un suivi permanent de la r\u00e9alisation des actions minist\u00e9rielles relevant de la strat\u00e9gie nationale de Protection de l\u2019Enfant, qui doit faire l\u2019objet d\u2019une \u00e9valuation diligente et d\u2019une actualisation participative avant fin f\u00e9vrier 2022.<br>Le Chef de l\u2019Etat a salu\u00e9, par ailleurs, l\u2019organisation de la 16 \u00e8me \u00e9dition de la semaine nationale de la petite enfance et de la case des tout-petits et a demand\u00e9 au Gouvernement de veiller &#8211; dans un esprit de solidarit\u00e9 et de consensus des acteurs impliqu\u00e9s &#8211; \u00e0 asseoir durablement l\u2019\u00e9panouissement psychosocial des enfants sur l\u2019\u00e9tendue du territoire national.<br>\u2022 le contr\u00f4le de la production et de la commercialisation de l\u2019alcool aux abords des \u00e9tablissements scolaires et universitaires :<br>en r\u00e9it\u00e9rant le Ministre de l\u2019Int\u00e9rieur et le Ministre charg\u00e9 du Commerce ses instructions relatives \u00e0 l\u2019interdiction syst\u00e9matique de la fabrication et de la vente d\u2019alcool sous toutes ses formes, aux alentours des \u00e9tablissements scolaires et universitaires.<br>Au chapitre de son agenda diplomatique, le Pr\u00e9sident de la R\u00e9publique a inform\u00e9 le Conseil de sa participation au 2e sommet des Leaders USA-Afrique qui s\u2019est d\u00e9roul\u00e9 du 12 au 15 d\u00e9cembre 2022 \u00e0 Washington.<\/p>\n\n\n\n<p>Le Chef de l\u2019Etat s\u2019est f\u00e9licit\u00e9 de la s\u00e9lection du S\u00e9n\u00e9gal pour b\u00e9n\u00e9ficier d\u2019un nouveau compact du Millenium Challenge Corporation (MCC) r\u00e9gional qui est un \u00e9quivalent du MCC national avec une articulation transfrontali\u00e8re.<\/p>\n\n\n\n<p>Le Pr\u00e9sident de la R\u00e9publique s\u2019est r\u00e9joui \u00e9galement de sa visite officielle au Japon \u00e0 l\u2019issue de laquelle deux Accords ont \u00e9t\u00e9 sign\u00e9s portant l\u2019un sur l\u2019appui \u00e0 l\u2019\u00e9ducation et l\u2019autre sur l\u2019installation d\u2019un laboratoire d\u2019analyse de produits de la p\u00eache.<\/p>\n\n\n\n<p>Le Chef de l\u2019Etat a aussi inform\u00e9 de sa visite de travail en Turquie, lors de laquelle il a proc\u00e9d\u00e9 \u00e0 l\u2019inauguration des nouveaux locaux de l\u2019Ambassade du S\u00e9n\u00e9gal \u00e0 Ankara.<\/p>\n\n\n\n<p>Le Pr\u00e9sident de la R\u00e9publique a, enfin, salu\u00e9 le soutien de la T\u00fcrkiye \u00e0 la candidature de l\u2019Afrique au G20.<\/p>\n\n\n\n<p>Dans sa communication, le Premier Ministre a rendu compte du suivi de l\u2019activit\u00e9 gouvernementale qui a port\u00e9 sur :<\/p>\n\n\n\n<p>\u2022 la c\u00e9r\u00e9monie d\u2019inauguration du barrage de Gouina ;<br>\u2022 le groupe consultatif de la R\u00e9publique du Niger ;<br>\u2022 les rencontres en marge du groupe consultatif ;<br>\u2022 le 5e S\u00e9minaire intergouvernemental franco-s\u00e9n\u00e9galais ;<br>\u2022 la d\u00e9claration de politique g\u00e9n\u00e9rale ;<br>\u2022 l\u2019examen de la motion de censure.<br>AU TITRE DES COMMUNICATIONS DES MINISTRES<br>\u2022 le Ministre des Affaires \u00e9trang\u00e8res et des S\u00e9n\u00e9galais de l\u2019Ext\u00e9rieur a fait le point sur la situation internationale ;<br>\u2022 le Ministre de l\u2019Agriculture, de l\u2019Equipement rural et de la Souverainet\u00e9 alimentaire a fait une communication sur le suivi de la campagne agricole ;<br>\u2022 le Ministre de la Sant\u00e9 et de l\u2019Action sociale a fait une communication sur une<br>strat\u00e9gie de d\u00e9veloppement des soins palliatifs au S\u00e9n\u00e9gal dans le cadre de la couverture sanitaire universelle (CSU).<br>AU TITRE DES TEXTES LEGISLATIFS ET REGLEMENTAIRES<br>Le Conseil a examin\u00e9 et adopt\u00e9 :<br>\u2022 le projet de d\u00e9cret portant r\u00e9gime de mise en \u0153uvre des sanctions financi\u00e8res cibl\u00e9es li\u00e9es au financement du terrorisme et de la prolif\u00e9ration des armes de destruction massive.<\/p>\n\n\n\n<p>Mr Ndao B<\/p>\n\n\n\n<p><a href=\"https:\/\/www.leral.net\/\">&nbsp;Accueil<\/a>&nbsp;&nbsp;<a href=\"https:\/\/www.leral.net\/send\/69732521\/\">&nbsp;Envoyer \u00e0 un ami<\/a>&nbsp;&nbsp;<a href=\"javascript:void(0)\">&nbsp;Partager sur facebook<\/a><\/p>\n","protected":false},"excerpt":{"rendered":"<p>Le Conseil des ministres s\u2019est tenu le jeudi 22 d\u00e9cembre 2022 au Palais de la R\u00e9publique, sous la pr\u00e9sidence du<\/p>\n","protected":false},"author":1,"featured_media":0,"comment_status":"open","ping_status":"open","sticky":false,"template":"","format":"standard","meta":{"footnotes":""},"categories":[6],"tags":[],"class_list":["post-5214","post","type-post","status-publish","format-standard","hentry","category-politics"],"_links":{"self":[{"href":"https:\/\/dekkbi.com\/index.php?rest_route=\/wp\/v2\/posts\/5214","targetHints":{"allow":["GET"]}}],"collection":[{"href":"https:\/\/dekkbi.com\/index.php?rest_route=\/wp\/v2\/posts"}],"about":[{"href":"https:\/\/dekkbi.com\/index.php?rest_route=\/wp\/v2\/types\/post"}],"author":[{"embeddable":true,"href":"https:\/\/dekkbi.com\/index.php?rest_route=\/wp\/v2\/users\/1"}],"replies":[{"embeddable":true,"href":"https:\/\/dekkbi.com\/index.php?rest_route=%2Fwp%2Fv2%2Fcomments&post=5214"}],"version-history":[{"count":1,"href":"https:\/\/dekkbi.com\/index.php?rest_route=\/wp\/v2\/posts\/5214\/revisions"}],"predecessor-version":[{"id":5215,"href":"https:\/\/dekkbi.com\/index.php?rest_route=\/wp\/v2\/posts\/5214\/revisions\/5215"}],"wp:attachment":[{"href":"https:\/\/dekkbi.com\/index.php?rest_route=%2Fwp%2Fv2%2Fmedia&parent=5214"}],"wp:term":[{"taxonomy":"category","embeddable":true,"href":"https:\/\/dekkbi.com\/index.php?rest_route=%2Fwp%2Fv2%2Fcategories&post=5214"},{"taxonomy":"post_tag","embeddable":true,"href":"https:\/\/dekkbi.com\/index.php?rest_route=%2Fwp%2Fv2%2Ftags&post=5214"}],"curies":[{"name":"wp","href":"https:\/\/api.w.org\/{rel}","templated":true}]}}