{"id":5211,"date":"2022-12-23T09:25:58","date_gmt":"2022-12-23T09:25:58","guid":{"rendered":"https:\/\/dekkbi.com\/?p=5211"},"modified":"2022-12-23T09:40:41","modified_gmt":"2022-12-23T09:40:41","slug":"subvention-allouee-a-la-senelec-450-milliards-de-2020-a-2022","status":"publish","type":"post","link":"https:\/\/dekkbi.com\/?p=5211","title":{"rendered":"Subvention \u00e0 la Senelec : 450 milliards de 2020 \u00e0 2022"},"content":{"rendered":"\n<p><strong>Sur la p\u00e9riode 2020-2022, si les tarifs n\u2019ont pas connu de hausse, c\u2019est parce que l\u2019Etat a mis 450 milliards de francs Cfa, en termes de compensations tarifaires de la Senelec. C\u2019est ce qu\u2019a indiqu\u00e9 hier, Pape Mademba Bit\u00e8ye, Directeur g\u00e9n\u00e9ral de la Senelec, en marge de la journ\u00e9e de partage sur le document de consultation publique relatif \u00e0 la r\u00e9vision des conditions tarifaires de la Soci\u00e9t\u00e9 nationale d\u2019\u00e9lectricit\u00e9 pour la p\u00e9riode 2023-2027.<\/strong><\/p>\n\n\n\n<p><strong>Par Dialigu\u00e9 FAYE \u2013<\/strong>&nbsp;La p\u00e9riode 2020-2022 a \u00e9t\u00e9 tr\u00e8s difficile \u00e0 cause des crises li\u00e9es au Covid-19 et \u00e0 la guerre ukraino-russe, avec une inflation sur les post-combustibles. Malgr\u00e9 tout, indique le Directeur g\u00e9n\u00e9ral de la Soci\u00e9t\u00e9 nationale d\u2019\u00e9lectricit\u00e9, les prix de l\u2019\u00e9lectricit\u00e9 ont \u00e9t\u00e9 stables au S\u00e9n\u00e9gal. En effet, renseigne Pape Mademba Bit\u00e8ye, l\u2019Etat a consenti une compensation \u00e0 hauteur de 450 milliards de francs Cfa sur la p\u00e9riode. \u00abCette compensation, l\u2019Etat l\u2019a donn\u00e9e \u00e0 tous les clients de la Senelec, aussi bien les couches les plus vuln\u00e9rables que les couches les plus nanties, sans distinction. L\u2019Etat a pris en charge tous les surco\u00fbts qui devaient \u00eatre r\u00e9percut\u00e9s sur le tarif de l\u2019\u00e9lectricit\u00e9. Sur la p\u00e9riode 2020-2022, si les tarifs sont rest\u00e9s stables, c\u2019est parce que l\u2019Etat a mis 450 milliards de francs\u00bb, a dit hier le Dg de la Senelec, en marge de l\u2019atelier de partage sur le document de consultation publique relatif \u00e0 la r\u00e9vision des conditions tarifaires de la Senelec pour la p\u00e9riode 2023-2027.<\/p>\n\n\n\n<p>Ces efforts consentis par l\u2019Etat ont permis, d\u2019apr\u00e8s les autorit\u00e9s, d\u2019engranger des avanc\u00e9es. Le directeur de Cabinet de la ministre du P\u00e9trole et des \u00e9nergies rel\u00e8ve, par exemple, que maintenant, le probl\u00e8me de la production ne se pose plus et que la qualit\u00e9 de service aussi s\u2019est am\u00e9lior\u00e9e, compte tenu du nombre d\u2019heures de coupure qui a drastiquement baiss\u00e9. Tout de m\u00eame, indique Issa Dione, le d\u00e9fi li\u00e9 \u00e0 l\u2019acc\u00e8s, c\u2019est-\u00e0-dire fournir de l\u2019\u00e9lectricit\u00e9 \u00e0 tous les S\u00e9n\u00e9galais, reste \u00e0 relever. Et \u00e0 son avis, l\u2019av\u00e8nement du gaz et du p\u00e9trole sera une aubaine pour permettre \u00e0 l\u2019Etat de donner \u00e0 tous les S\u00e9n\u00e9galais de l\u2019\u00e9lectricit\u00e9 et \u00e0 moindre co\u00fbt.<\/p>\n\n\n\n<p>Dans le cadre du processus de r\u00e9vision des conditions tarifaires de la Senelec pour la p\u00e9riode 2023-2027, la Commission de r\u00e9gulation du secteur de l\u2019\u00e9lectricit\u00e9 (Crse) avait lanc\u00e9 au mois de novembre 2022, la premi\u00e8re consultation publique. Hier, Ibrahima Amadou Sarr, le pr\u00e9sident de la Crse, a regroup\u00e9 encore tous les acteurs pour \u00e9changer avec eux sur le document de consultation publique. Cela, en dressant le bilan de l\u2019application des conditions tarifaires de la p\u00e9riode 2020-2022, le bilan de l\u2019activit\u00e9 de la Senelec, le suivi des normes et obligations pour la p\u00e9riode 2020-2022, les nouvelles normes et obligations fix\u00e9es \u00e0 la Senelec par la ministre charg\u00e9 du P\u00e9trole et des \u00e9nergies, pour la p\u00e9riode 2023-2027. Avant d\u2019examiner la m\u00e9thodologie de d\u00e9termination des nouvelles conditions tarifaires pour la p\u00e9riode 2023-2027. La Crse passe ainsi d\u2019une p\u00e9riodicit\u00e9 de d\u00e9termination des conditions tarifaires de la Senelec de trois ans \u00e0 une p\u00e9riodicit\u00e9 de cinq ans.<\/p>\n\n\n\n<p><br><strong>dialigue@lequotidien.sn<\/strong><\/p>\n\n\n\n<p><\/p>\n","protected":false},"excerpt":{"rendered":"<p>Sur la p\u00e9riode 2020-2022, si les tarifs n\u2019ont pas connu de hausse, c\u2019est parce que l\u2019Etat a mis 450 milliards<\/p>\n","protected":false},"author":1,"featured_media":5212,"comment_status":"open","ping_status":"open","sticky":false,"template":"","format":"standard","meta":{"footnotes":""},"categories":[3],"tags":[],"class_list":["post-5211","post","type-post","status-publish","format-standard","has-post-thumbnail","hentry","category-event-more-news"],"_links":{"self":[{"href":"https:\/\/dekkbi.com\/index.php?rest_route=\/wp\/v2\/posts\/5211","targetHints":{"allow":["GET"]}}],"collection":[{"href":"https:\/\/dekkbi.com\/index.php?rest_route=\/wp\/v2\/posts"}],"about":[{"href":"https:\/\/dekkbi.com\/index.php?rest_route=\/wp\/v2\/types\/post"}],"author":[{"embeddable":true,"href":"https:\/\/dekkbi.com\/index.php?rest_route=\/wp\/v2\/users\/1"}],"replies":[{"embeddable":true,"href":"https:\/\/dekkbi.com\/index.php?rest_route=%2Fwp%2Fv2%2Fcomments&post=5211"}],"version-history":[{"count":2,"href":"https:\/\/dekkbi.com\/index.php?rest_route=\/wp\/v2\/posts\/5211\/revisions"}],"predecessor-version":[{"id":5221,"href":"https:\/\/dekkbi.com\/index.php?rest_route=\/wp\/v2\/posts\/5211\/revisions\/5221"}],"wp:featuredmedia":[{"embeddable":true,"href":"https:\/\/dekkbi.com\/index.php?rest_route=\/wp\/v2\/media\/5212"}],"wp:attachment":[{"href":"https:\/\/dekkbi.com\/index.php?rest_route=%2Fwp%2Fv2%2Fmedia&parent=5211"}],"wp:term":[{"taxonomy":"category","embeddable":true,"href":"https:\/\/dekkbi.com\/index.php?rest_route=%2Fwp%2Fv2%2Fcategories&post=5211"},{"taxonomy":"post_tag","embeddable":true,"href":"https:\/\/dekkbi.com\/index.php?rest_route=%2Fwp%2Fv2%2Ftags&post=5211"}],"curies":[{"name":"wp","href":"https:\/\/api.w.org\/{rel}","templated":true}]}}