{"id":52101,"date":"2025-02-18T11:28:59","date_gmt":"2025-02-18T11:28:59","guid":{"rendered":"https:\/\/dekkbi.com\/?p=52101"},"modified":"2025-02-18T11:29:00","modified_gmt":"2025-02-18T11:29:00","slug":"eau-amelioration-de-lapprovisionnement-de-dakar-25-mille-m3-jour-supplementaires-attendus-dici-fin-juillet","status":"publish","type":"post","link":"https:\/\/dekkbi.com\/?p=52101","title":{"rendered":"EAU \u2013 Am\u00e9lioration de l\u2019approvisionnement de Dakar : 25 mille m3\/jour suppl\u00e9mentaires attendus d\u2019ici fin juillet"},"content":{"rendered":"\n<p>Une am\u00e9lioration est attendue \u00e0 la fin du mois de juillet sur la distribution de l\u2019eau \u00e0 Dakar. 25 mille m3\/jour d\u2019eau vont \u00eatre inject\u00e9s dans le r\u00e9seau. Les gros mara\u00eechers dont le besoin est estim\u00e9 \u00e0 20 mille m3\/jour d\u2019eau seront d\u00e9connect\u00e9s et 15 mille m3\/jour d\u2019eau vont y \u00eatre ajout\u00e9s gr\u00e2ce aux r\u00e9alisations faites \u00e0 Bayakh dans le cadre du Programme sp\u00e9cial d\u2019am\u00e9lioration et d\u2019alimentation en eau potable de Dakar (Psdak).<\/p>\n\n\n\n<p>Les populations dakaroises peuvent s\u2019attendre \u00e0 un l\u00e9ger mieux dans leur approvisionnement en eau. Pas moins de 25 mille m3\/jour d\u2019eau sont attendus d\u2019ici la fin du mois de juillet. Le Programme sp\u00e9cial d\u2019am\u00e9lioration et d\u2019alimentation en eau potable de Dakar (Psdak) dont le taux d\u2019ex\u00e9cution est entre 95 et 98% a termin\u00e9 sa premi\u00e8re phase. Le directeur de la Sones, Charles Fall, a proc\u00e9d\u00e9 hier au lancement des machines.<br>Ces 23 mille m3\/jour sont le r\u00e9sultat de la soustraction du besoin de 20 mille m3\/jour des gros mara\u00eechers du circuit et l\u2019ajout de 15 mille m3\/jour que vont produire les 5 forages, le r\u00e9servoir, la station de pompage et 21 km de canalisation reliant Bayakh \u00e0 Rufisque, soit les infrastructures de la premi\u00e8re phase du Psdak situ\u00e9 \u00e0 Bayakh.<br>En r\u00e9sum\u00e9, les gros mara\u00eechers qui utilisent l\u2019eau potable vont bient\u00f4t \u00eatre d\u00e9connect\u00e9s du circuit normal. Cette quantit\u00e9 r\u00e9cup\u00e9r\u00e9e sera redirig\u00e9e vers les populations. Si pour le moment on ne peut parler de r\u00e9solution d\u00e9finitive du probl\u00e8me, l\u2019espoir peut \u00eatre de mise. En effet, selon les techniciens, des quartiers qui n\u2019avaient plus d\u2019eau seront approvisionn\u00e9s au moins \u00ab8 heures de temps par jour\u00bb. Et cette situation sera conjugu\u00e9e au pass\u00e9 \u00e0 la fin de cette ann\u00e9e, car 94 mille m3\/jour seront inject\u00e9s dans le circuit \u00e0 cette p\u00e9riode. A terme, en 2030, le probl\u00e8me de l\u2019eau sera un \u00abmauvais souvenir\u00bb.<br>En effet, le Psdak n\u2019est qu\u2019un projet interm\u00e9diaire visant \u00e0 soulager Dakar et environs, en attendant la production de Keur Momar Sarr 3, l\u2019usine de dessalement des Mamelles ett aussi en \u00f4tant les gros mara\u00eechers du circuit de distribution normale. Parcelles Assainies, Dieupeul, Camp Leclerc, Cit\u00e9 Keur Gorgui, Scat Urbam, Conachap, Niayes Thioker, Cit\u00e9 Apecsy et Montagne Rouge vont en b\u00e9n\u00e9ficier dans le d\u00e9partement de Dakar. A Rufisque, de Bayakh \u00e0 Bambilor sans oublier Diakhaye, tous ces quartiers n\u2019auront plus de probl\u00e8mes d\u2019eau. Cela, gr\u00e2ce \u00e0 la r\u00e9alisation de 11 forages sur l\u2019axe Bayakh-Diender-Thieu\u00addine. A Tassette, une localit\u00e9 situ\u00e9e \u00e0 40 km de Thi\u00e8s, sur les 10 forages r\u00e9alis\u00e9s, 9 sont pr\u00eats.<br>Les associations de consum\u00e9ristes invit\u00e9es \u00e0 constater l\u2019avancement des travaux ont \u00ab\u00e9t\u00e9 rassur\u00e9es par ce qu\u2019elles ont vu\u00bb.<br>A la question de savoir si le probl\u00e8me d\u2019eau \u00absera r\u00e9solu le 20 juillet\u00bb, comme l\u2019a affirm\u00e9 le Premier ministre, le directeur g\u00e9n\u00e9ral de la Sde joue la carte de la prudence. \u00abLe Premier ministre a dit quelque chose et nous allons tous nous y engager. Vous avez vu que ce sont des travaux techniques qui seront finalis\u00e9s. (\u2026) Une fois les volumes d\u2019eau mobilis\u00e9s, la Sde sera en mesure de les mettre \u00e0 la disposition de la client\u00e8le\u00bb, a affirm\u00e9 Abdoul Ball.<br><strong>mgaye@lequotidien.sn<\/strong><\/p>\n","protected":false},"excerpt":{"rendered":"<p>Une am\u00e9lioration est attendue \u00e0 la fin du mois de juillet sur la distribution de l\u2019eau \u00e0 Dakar. 25 mille<\/p>\n","protected":false},"author":1,"featured_media":46504,"comment_status":"open","ping_status":"open","sticky":false,"template":"","format":"standard","meta":{"footnotes":""},"categories":[21],"tags":[],"class_list":["post-52101","post","type-post","status-publish","format-standard","has-post-thumbnail","hentry","category-societe"],"_links":{"self":[{"href":"https:\/\/dekkbi.com\/index.php?rest_route=\/wp\/v2\/posts\/52101","targetHints":{"allow":["GET"]}}],"collection":[{"href":"https:\/\/dekkbi.com\/index.php?rest_route=\/wp\/v2\/posts"}],"about":[{"href":"https:\/\/dekkbi.com\/index.php?rest_route=\/wp\/v2\/types\/post"}],"author":[{"embeddable":true,"href":"https:\/\/dekkbi.com\/index.php?rest_route=\/wp\/v2\/users\/1"}],"replies":[{"embeddable":true,"href":"https:\/\/dekkbi.com\/index.php?rest_route=%2Fwp%2Fv2%2Fcomments&post=52101"}],"version-history":[{"count":1,"href":"https:\/\/dekkbi.com\/index.php?rest_route=\/wp\/v2\/posts\/52101\/revisions"}],"predecessor-version":[{"id":52102,"href":"https:\/\/dekkbi.com\/index.php?rest_route=\/wp\/v2\/posts\/52101\/revisions\/52102"}],"wp:featuredmedia":[{"embeddable":true,"href":"https:\/\/dekkbi.com\/index.php?rest_route=\/wp\/v2\/media\/46504"}],"wp:attachment":[{"href":"https:\/\/dekkbi.com\/index.php?rest_route=%2Fwp%2Fv2%2Fmedia&parent=52101"}],"wp:term":[{"taxonomy":"category","embeddable":true,"href":"https:\/\/dekkbi.com\/index.php?rest_route=%2Fwp%2Fv2%2Fcategories&post=52101"},{"taxonomy":"post_tag","embeddable":true,"href":"https:\/\/dekkbi.com\/index.php?rest_route=%2Fwp%2Fv2%2Ftags&post=52101"}],"curies":[{"name":"wp","href":"https:\/\/api.w.org\/{rel}","templated":true}]}}