{"id":52094,"date":"2025-02-18T11:20:15","date_gmt":"2025-02-18T11:20:15","guid":{"rendered":"https:\/\/dekkbi.com\/?p=52094"},"modified":"2025-02-18T11:20:15","modified_gmt":"2025-02-18T11:20:15","slug":"cour-des-comptes-macky-sall-imperturbable-a-dubai","status":"publish","type":"post","link":"https:\/\/dekkbi.com\/?p=52094","title":{"rendered":"Cour des comptes : Macky Sall imperturbable \u00e0 Duba\u00ef"},"content":{"rendered":"\n<p>Selon\u00a0<i>Confidentiel<\/i><em> Dakar<\/em>, l\u2019ancien pr\u00e9sident du S\u00e9n\u00e9gal, Macky Sall, reste insensible aux remous provoqu\u00e9s par la publication du rapport de la Cour des comptes. En s\u00e9jour \u00e0 Duba\u00ef, il continue de d\u00e9rouler son agenda diplomatique sans montrer le moindre signe de pr\u00e9occupation.<br>\u00a0<br><strong>Un agenda bien rempli<\/strong><br>\u00a0<br>Malgr\u00e9 la parution du rapport de la Cour des comptes, Macky Sall poursuit ses\u00a0<strong>nouvelles activit\u00e9s diplomatiques<\/strong>. Selon\u00a0<em>ConfidentielDakar<\/em>, il a honor\u00e9 plusieurs\u00a0<strong>rendez-vous importants<\/strong>\u00a0ces derniers jours, sans laisser transpara\u00eetre d\u2019inqui\u00e9tude.<br>\u00a0<br><strong>Une apparition remarqu\u00e9e \u00e0 Duba\u00ef<\/strong><br>\u00a0<br>L\u2019ancien pr\u00e9sident a r\u00e9cemment \u00e9t\u00e9 aper\u00e7u\u00a0<strong>\u00e0 Duba\u00ef en compagnie de son \u00e9pouse, Mar\u00e8me Faye Sall<\/strong>. Une pr\u00e9sence qui n\u2019est pas pass\u00e9e inaper\u00e7ue et qui t\u00e9moigne de sa volont\u00e9 de\u00a0<strong>rester actif sur la sc\u00e8ne internationale<\/strong>, loin des d\u00e9bats politiques s\u00e9n\u00e9galais.<br>\u00a0<br><strong>Un calme \u00e0 toute \u00e9preuve<\/strong><br>\u00a0<br>Selon\u00a0<em>ConfidentielDakar<\/em>, Macky Sall affiche une\u00a0<strong>s\u00e9r\u00e9nit\u00e9 totale<\/strong>. Malgr\u00e9 les r\u00e9actions suscit\u00e9es par le rapport de la Cour des comptes, il est rest\u00e9\u00a0<strong>zen et imperturbable<\/strong>, poursuivant ses engagements sans la moindre d\u00e9claration publique sur le sujet.<br>\u00a0<br><strong>Un silence strat\u00e9gique ?<\/strong><br>\u00a0<br>L\u2019ancien chef de l\u2019\u00c9tat adopte donc une posture de\u00a0<strong>distance assum\u00e9e<\/strong>, laissant les pol\u00e9miques se d\u00e9rouler sans interf\u00e9rence. Reste \u00e0 voir si cette attitude lui permettra de\u00a0<strong>pr\u00e9server son image sur le long terme<\/strong>\u00a0ou si elle alimentera encore davantage les critiques \u00e0 son encontre.<\/p>\n\n\n\n<p>SOURCE DAKARACTU<\/p>\n","protected":false},"excerpt":{"rendered":"<p>Selon\u00a0Confidentiel Dakar, l\u2019ancien pr\u00e9sident du S\u00e9n\u00e9gal, Macky Sall, reste insensible aux remous provoqu\u00e9s par la publication du rapport de la<\/p>\n","protected":false},"author":1,"featured_media":52095,"comment_status":"open","ping_status":"open","sticky":false,"template":"","format":"standard","meta":{"footnotes":""},"categories":[6],"tags":[],"class_list":["post-52094","post","type-post","status-publish","format-standard","has-post-thumbnail","hentry","category-politics"],"_links":{"self":[{"href":"https:\/\/dekkbi.com\/index.php?rest_route=\/wp\/v2\/posts\/52094","targetHints":{"allow":["GET"]}}],"collection":[{"href":"https:\/\/dekkbi.com\/index.php?rest_route=\/wp\/v2\/posts"}],"about":[{"href":"https:\/\/dekkbi.com\/index.php?rest_route=\/wp\/v2\/types\/post"}],"author":[{"embeddable":true,"href":"https:\/\/dekkbi.com\/index.php?rest_route=\/wp\/v2\/users\/1"}],"replies":[{"embeddable":true,"href":"https:\/\/dekkbi.com\/index.php?rest_route=%2Fwp%2Fv2%2Fcomments&post=52094"}],"version-history":[{"count":1,"href":"https:\/\/dekkbi.com\/index.php?rest_route=\/wp\/v2\/posts\/52094\/revisions"}],"predecessor-version":[{"id":52096,"href":"https:\/\/dekkbi.com\/index.php?rest_route=\/wp\/v2\/posts\/52094\/revisions\/52096"}],"wp:featuredmedia":[{"embeddable":true,"href":"https:\/\/dekkbi.com\/index.php?rest_route=\/wp\/v2\/media\/52095"}],"wp:attachment":[{"href":"https:\/\/dekkbi.com\/index.php?rest_route=%2Fwp%2Fv2%2Fmedia&parent=52094"}],"wp:term":[{"taxonomy":"category","embeddable":true,"href":"https:\/\/dekkbi.com\/index.php?rest_route=%2Fwp%2Fv2%2Fcategories&post=52094"},{"taxonomy":"post_tag","embeddable":true,"href":"https:\/\/dekkbi.com\/index.php?rest_route=%2Fwp%2Fv2%2Ftags&post=52094"}],"curies":[{"name":"wp","href":"https:\/\/api.w.org\/{rel}","templated":true}]}}