{"id":52091,"date":"2025-02-18T11:15:05","date_gmt":"2025-02-18T11:15:05","guid":{"rendered":"https:\/\/dekkbi.com\/?p=52091"},"modified":"2025-02-18T11:15:05","modified_gmt":"2025-02-18T11:15:05","slug":"loi-damnistie-lannonce-du-depute-thierno-alassane-sall","status":"publish","type":"post","link":"https:\/\/dekkbi.com\/?p=52091","title":{"rendered":"Loi d&rsquo;Amnistie: l&rsquo;Annonce du d\u00e9put\u00e9 Thierno Alassane Sall"},"content":{"rendered":"\n<p>iGFM &#8211; (Dakar) Thierno Alassane Sall vient d&rsquo;en faire l&rsquo;annonce. Il va d\u00e9poser d\u00e8s demain mardi une proposition de loi pour faire abroger la loi d&rsquo;Amnistie.<\/p>\n\n\n\n<p>\u00ab\u00a0Conform\u00e9ment au programme de l\u00e9gislature de la coalition Senegaal Kese, je d\u00e9poserai demain, \u00e0 16 heures, une proposition de loi visant \u00e0 abroger la loi d\u2019amnistie relative aux \u00e9v\u00e9nements de 2021 \u00e0 2024\u00a0\u00bb, a annonc\u00e9 Thierno Alassane Sall ce lundi, dans un post via Facebook. Dans sa publication, le d\u00e9put\u00e9 indique quue \u00ab\u00a0les atrocit\u00e9s commises au S\u00e9n\u00e9gal ces derni\u00e8res ann\u00e9es s&rsquo;inscrivent dans la cat\u00e9gorie des crimes qui ne peuvent rester impunis\u00a0\u00bb.<\/p>\n\n\n\n<figure class=\"wp-block-image size-full\"><img loading=\"lazy\" decoding=\"async\" width=\"507\" height=\"653\" src=\"https:\/\/dekkbi.com\/wp-content\/uploads\/2025\/02\/image.png\" alt=\"\" class=\"wp-image-52092\" srcset=\"https:\/\/dekkbi.com\/wp-content\/uploads\/2025\/02\/image.png 507w, https:\/\/dekkbi.com\/wp-content\/uploads\/2025\/02\/image-233x300.png 233w\" sizes=\"auto, (max-width: 507px) 100vw, 507px\" \/><\/figure>\n\n\n\n<p><br><br><\/p>\n","protected":false},"excerpt":{"rendered":"<p>iGFM &#8211; (Dakar) Thierno Alassane Sall vient d&rsquo;en faire l&rsquo;annonce. Il va d\u00e9poser d\u00e8s demain mardi une proposition de loi<\/p>\n","protected":false},"author":1,"featured_media":12827,"comment_status":"open","ping_status":"open","sticky":false,"template":"","format":"standard","meta":{"footnotes":""},"categories":[6],"tags":[],"class_list":["post-52091","post","type-post","status-publish","format-standard","has-post-thumbnail","hentry","category-politics"],"_links":{"self":[{"href":"https:\/\/dekkbi.com\/index.php?rest_route=\/wp\/v2\/posts\/52091","targetHints":{"allow":["GET"]}}],"collection":[{"href":"https:\/\/dekkbi.com\/index.php?rest_route=\/wp\/v2\/posts"}],"about":[{"href":"https:\/\/dekkbi.com\/index.php?rest_route=\/wp\/v2\/types\/post"}],"author":[{"embeddable":true,"href":"https:\/\/dekkbi.com\/index.php?rest_route=\/wp\/v2\/users\/1"}],"replies":[{"embeddable":true,"href":"https:\/\/dekkbi.com\/index.php?rest_route=%2Fwp%2Fv2%2Fcomments&post=52091"}],"version-history":[{"count":1,"href":"https:\/\/dekkbi.com\/index.php?rest_route=\/wp\/v2\/posts\/52091\/revisions"}],"predecessor-version":[{"id":52093,"href":"https:\/\/dekkbi.com\/index.php?rest_route=\/wp\/v2\/posts\/52091\/revisions\/52093"}],"wp:featuredmedia":[{"embeddable":true,"href":"https:\/\/dekkbi.com\/index.php?rest_route=\/wp\/v2\/media\/12827"}],"wp:attachment":[{"href":"https:\/\/dekkbi.com\/index.php?rest_route=%2Fwp%2Fv2%2Fmedia&parent=52091"}],"wp:term":[{"taxonomy":"category","embeddable":true,"href":"https:\/\/dekkbi.com\/index.php?rest_route=%2Fwp%2Fv2%2Fcategories&post=52091"},{"taxonomy":"post_tag","embeddable":true,"href":"https:\/\/dekkbi.com\/index.php?rest_route=%2Fwp%2Fv2%2Ftags&post=52091"}],"curies":[{"name":"wp","href":"https:\/\/api.w.org\/{rel}","templated":true}]}}