{"id":52054,"date":"2025-02-17T13:27:19","date_gmt":"2025-02-17T13:27:19","guid":{"rendered":"https:\/\/dekkbi.com\/?p=52054"},"modified":"2025-02-17T13:27:21","modified_gmt":"2025-02-17T13:27:21","slug":"gouvernance-economique-le-president-faye-critique-lancien-regime","status":"publish","type":"post","link":"https:\/\/dekkbi.com\/?p=52054","title":{"rendered":"Gouvernance \u00e9conomique : le pr\u00e9sident Faye critique l\u2019ancien r\u00e9gime"},"content":{"rendered":"\n<p>(IGFM) De retour du sommet de l\u2019Union africaine \u00e0 Addis-Abeba, le Pr\u00e9sident Bassirou Diomaye Faye a d\u00e9clar\u00e9 que l\u2019ancien r\u00e9gime avait dissimul\u00e9 certaines r\u00e9alit\u00e9s \u00e9conomiques aux S\u00e9n\u00e9galais. Il a reconnu la lourdeur de la dette, tout en affirmant que le gouvernement est d\u00e9termin\u00e9 \u00e0 redresser la situation et \u00e0 r\u00e9pondre aux attentes du peuple.<\/p>\n\n\n\n<p>Le Pr\u00e9sident de la R\u00e9publique du S\u00e9n\u00e9gal, Bassirou Diomaye Faye, s&rsquo;est prononc\u00e9 sur le rapport de la cour des comptes. A son retour du 38e sommet ordinaire de l\u2019Union africaine, qui s\u2019est tenu \u00e0 Addis-Abeba, le chef de l&rsquo;\u00c9tat a \u00e9voqu\u00e9 la situation \u00e9conomique du pays, soulignant que l\u2019ancien r\u00e9gime n\u2019avait pas \u00e9t\u00e9 totalement transparent sur l\u2019\u00e9tat des finances publiques.<\/p>\n\n\n\n<p>Selon lui, la dette du S\u00e9n\u00e9gal est lourde, mais le gouvernement actuel est pr\u00eat \u00e0 faire des efforts cons\u00e9quents pour stabiliser l\u2019\u00e9conomie et am\u00e9liorer les conditions de vie des S\u00e9n\u00e9galais. Il a insist\u00e9 sur le fait que l\u2019\u00c9tat est pleinement engag\u00e9 dans cette mission et que toutes les mesures n\u00e9cessaires seront prises pour redresser la situation.<\/p>\n\n\n\n<p>\u00ab Nous avons beaucoup d\u2019ambitions pour le pays et nous travaillons sans rel\u00e2che pour un retour \u00e0 la normale \u00bb, a d\u00e9clar\u00e9 le Chef de l\u2019\u00c9tat. Il a r\u00e9affirm\u00e9 la d\u00e9termination du gouvernement \u00e0 r\u00e9soudre les probl\u00e8mes des citoyens et \u00e0 instaurer une gestion plus transparente des ressources publiques.<\/p>\n\n\n\n<p>Lors de ce sommet continental, le Pr\u00e9sident Faye a \u00e9galement abord\u00e9 un autre sujet important : la candidature du S\u00e9n\u00e9galais Amadou Hott \u00e0 la pr\u00e9sidence de la Banque Africaine de D\u00e9veloppement (BAD).<\/p>\n\n\n\n<p>&nbsp;Il a soulign\u00e9 l\u2019importance de cette candidature pour le pays et pour l\u2019Afrique, mettant en avant les comp\u00e9tences et l\u2019exp\u00e9rience de l\u2019ancien ministre de l\u2019\u00c9conomie.<\/p>\n\n\n\n<p>Avec ces annonces, le Pr\u00e9sident de la R\u00e9publique entend rassurer les S\u00e9n\u00e9galais sur la volont\u00e9 du gouvernement de redresser l\u2019\u00e9conomie et de mener des r\u00e9formes ambitieuses pour un avenir meilleur. D\u00e9claration faite avec nos confr\u00e8res de la RTS.\u00a0<\/p>\n\n\n\n<figure class=\"wp-block-embed is-type-rich is-provider-prise-en-charge-des-contenus-embarqu-s wp-block-embed-prise-en-charge-des-contenus-embarqu-s wp-embed-aspect-16-9 wp-has-aspect-ratio\"><div class=\"wp-block-embed__wrapper\">\n<iframe loading=\"lazy\" title=\"&quot;Amna lignou done neub&quot;, Diomaye critique Macky et Cie sur le rapport de la Cour des Comptes\" width=\"800\" height=\"450\" src=\"https:\/\/www.youtube.com\/embed\/kUv6reiKPxE?feature=oembed\" frameborder=\"0\" allow=\"accelerometer; autoplay; clipboard-write; encrypted-media; gyroscope; picture-in-picture; web-share\" referrerpolicy=\"strict-origin-when-cross-origin\" allowfullscreen><\/iframe>\n<\/div><\/figure>\n\n\n\n<p><\/p>\n","protected":false},"excerpt":{"rendered":"<p>(IGFM) De retour du sommet de l\u2019Union africaine \u00e0 Addis-Abeba, le Pr\u00e9sident Bassirou Diomaye Faye a d\u00e9clar\u00e9 que l\u2019ancien r\u00e9gime<\/p>\n","protected":false},"author":1,"featured_media":52057,"comment_status":"open","ping_status":"open","sticky":false,"template":"","format":"standard","meta":{"footnotes":""},"categories":[6],"tags":[],"class_list":["post-52054","post","type-post","status-publish","format-standard","has-post-thumbnail","hentry","category-politics"],"_links":{"self":[{"href":"https:\/\/dekkbi.com\/index.php?rest_route=\/wp\/v2\/posts\/52054","targetHints":{"allow":["GET"]}}],"collection":[{"href":"https:\/\/dekkbi.com\/index.php?rest_route=\/wp\/v2\/posts"}],"about":[{"href":"https:\/\/dekkbi.com\/index.php?rest_route=\/wp\/v2\/types\/post"}],"author":[{"embeddable":true,"href":"https:\/\/dekkbi.com\/index.php?rest_route=\/wp\/v2\/users\/1"}],"replies":[{"embeddable":true,"href":"https:\/\/dekkbi.com\/index.php?rest_route=%2Fwp%2Fv2%2Fcomments&post=52054"}],"version-history":[{"count":1,"href":"https:\/\/dekkbi.com\/index.php?rest_route=\/wp\/v2\/posts\/52054\/revisions"}],"predecessor-version":[{"id":52058,"href":"https:\/\/dekkbi.com\/index.php?rest_route=\/wp\/v2\/posts\/52054\/revisions\/52058"}],"wp:featuredmedia":[{"embeddable":true,"href":"https:\/\/dekkbi.com\/index.php?rest_route=\/wp\/v2\/media\/52057"}],"wp:attachment":[{"href":"https:\/\/dekkbi.com\/index.php?rest_route=%2Fwp%2Fv2%2Fmedia&parent=52054"}],"wp:term":[{"taxonomy":"category","embeddable":true,"href":"https:\/\/dekkbi.com\/index.php?rest_route=%2Fwp%2Fv2%2Fcategories&post=52054"},{"taxonomy":"post_tag","embeddable":true,"href":"https:\/\/dekkbi.com\/index.php?rest_route=%2Fwp%2Fv2%2Ftags&post=52054"}],"curies":[{"name":"wp","href":"https:\/\/api.w.org\/{rel}","templated":true}]}}