{"id":52022,"date":"2025-02-17T12:04:33","date_gmt":"2025-02-17T12:04:33","guid":{"rendered":"https:\/\/dekkbi.com\/?p=52022"},"modified":"2025-02-17T12:14:05","modified_gmt":"2025-02-17T12:14:05","slug":"affaire-betharram-motion-de-censure-budget-de-la-secu-francois-bayrou-se-prepare-a-une-nouvelle-semaine-sous-tension","status":"publish","type":"post","link":"https:\/\/dekkbi.com\/?p=52022","title":{"rendered":"Affaire B\u00e9tharram, motion de censure, budget de la S\u00e9cu&#8230;"},"content":{"rendered":"\n<p><strong>Fran\u00e7ois Bayrou se pr\u00e9pare \u00e0 une nouvelle semaine sous tension<\/strong><\/p>\n\n\n\n<p>Apr\u00e8s avoir \u00e9chapp\u00e9 \u00e0 cinq motions de censure en \u00e0 peine un mois, le Premier ministre doit g\u00e9rer plusieurs dossiers br\u00fblants et fait face \u00e0 des votes cruciaux au Parlement.<\/p>\n\n\n\n<p>Des pol\u00e9miques et des votes cruciaux. Fran\u00e7ois Bayrou va entamer, lundi 17 f\u00e9vrier, une nouvelle semaine tendue \u00e0 la t\u00eate du gouvernement. Accus\u00e9 d&rsquo;avoir \u00e9t\u00e9 au courant des&nbsp;violences et agressions sexuelles commises \u00e0 Notre-Dame de B\u00e9tharram, ce qu&rsquo;il d\u00e9ment, le Premier ministre devra aussi composer avec les dissensions entre ses ministres sur l&rsquo;immigration, suivre les derniers d\u00e9bats sur le budget de la S\u00e9curit\u00e9 sociale et survivre \u00e0 une probable motion de censure spontan\u00e9e. Franceinfo r\u00e9capitule les enjeux de la semaine politique qui s&rsquo;ouvre.<\/p>\n\n\n\n<h2 class=\"wp-block-heading\">Des appels \u00e0 la d\u00e9mission apr\u00e8s l&rsquo;affaire B\u00e9tharram<\/h2>\n\n\n\n<p>Le principal dossier qui risque de continuer \u00e0 occuper le Premier ministre est&nbsp;l&rsquo;affaire B\u00e9tharram. Samedi, Fran\u00e7ois Bayrou a rencontr\u00e9 le collectif de victimes qui ont d\u00e9nonc\u00e9 les violences et agressions sexuelles dans cet \u00e9tablissement priv\u00e9 catholique des Pyr\u00e9n\u00e9es-Atlantiques. A l&rsquo;issue de plus de trois heures d&rsquo;\u00e9changes, le chef du gouvernement a promis des moyens judiciaires suppl\u00e9mentaires pour&nbsp;<em>\u00ab\u00a0aller&nbsp;au bout du travail sur les 112 plaintes\u00a0\u00bb<\/em>&nbsp;d\u00e9pos\u00e9es.&nbsp;<em>\u00ab\u00a0Un nombre colossal de victimes restent encore tapies dans l&rsquo;ombre\u00a0\u00bb<\/em>, a estim\u00e9 le porte-parole du collectif, Alain Esquerre, remerciant le Premier ministre de s&rsquo;\u00eatre montr\u00e9&nbsp;<em>\u00ab\u00a0attentif\u00a0\u00bb<\/em>&nbsp;\u00e0 leurs t\u00e9moignages.<\/p>\n\n\n\n<p>L&rsquo;affaire continue toutefois d&rsquo;avoir des r\u00e9percussions politiques. La gauche accuse le Premier ministre de mentir lorsqu&rsquo;il affirme ne pas avoir \u00e9t\u00e9 au courant des faits de violences sexuelles \u00e0 l&rsquo;\u00e9gard des \u00e9l\u00e8ves de l&rsquo;\u00e9tablissement catholique sous contrat avec l&rsquo;Etat, alors qu&rsquo;il \u00e9tait ministre de l&rsquo;Education nationale, puis pr\u00e9sident du Conseil g\u00e9n\u00e9ral et d\u00e9put\u00e9 des Pyr\u00e9n\u00e9es-Atlantiques, et que plusieurs de ses enfants y \u00e9taient scolaris\u00e9s. Interrog\u00e9 \u00e0 plusieurs reprises \u00e0 ce sujet, Fran\u00e7ois Bayrou a assur\u00e9 n&rsquo;avoir<em>&nbsp;\u00ab\u00a0jamais \u00e9t\u00e9 inform\u00e9\u00a0\u00bb<\/em>. Samedi, le maire de Pau a r\u00e9p\u00e9t\u00e9&nbsp;avoir \u00e9t\u00e9 uniquement au courant&nbsp;de&nbsp;<em>\u00ab\u00a0gifles\u00a0\u00bb&nbsp;<\/em>dans les ann\u00e9es 1990.&nbsp;<em>\u00ab\u00a0J&rsquo;ai fait tout ce que je devais faire quand j&rsquo;\u00e9tais ministre, et j&rsquo;ai fait tout ce que je pensais devoir faire lorsque je ne l&rsquo;\u00e9tais plus\u00a0\u00bb<\/em>, a-t-il insist\u00e9.<\/p>\n\n\n\n<p>Si Fran\u00e7ois Bayrou<em>&nbsp;\u00ab\u00a0a particip\u00e9 d&rsquo;une mani\u00e8re ou d&rsquo;une autre \u00e0 la loi du silence pour prot\u00e9ger l&rsquo;institution\u00a0\u00bb<\/em>&nbsp;de Notre-Dame de B\u00e9tharram,&nbsp;<em>\u00ab\u00a0alors en conscience, il doit d\u00e9missionner\u00a0\u00bb<\/em>,&nbsp;a toutefois estim\u00e9 le socialiste Olivier Faure. S&rsquo;il a dit ne pas souhaiter l&rsquo;<em>\u00ab\u00a0accabler pr\u00e9matur\u00e9ment\u00a0\u00bb<\/em>, le premier secr\u00e9taire du PS a point\u00e9, sur France 3,&nbsp;<em>\u00ab\u00a0une certaine confusion dans les explications du Premier ministre\u00a0\u00bb.<\/em>&nbsp;<em>\u00ab\u00a0Ce que j&rsquo;observe, c&rsquo;est que Fran\u00e7ois Bayrou a menti \u00e0 plusieurs reprises devant l&rsquo;Assembl\u00e9e\u00a0\u00bb<\/em>, a-t-il expliqu\u00e9.<\/p>\n\n\n\n<blockquote class=\"wp-block-quote is-layout-flow wp-block-quote-is-layout-flow\">\n<p>\u00ab\u00a0Il nous a dit qu&rsquo;il n&rsquo;avait jamais \u00e9t\u00e9 au courant et pourtant, depuis, il nous explique qu&rsquo;il avait lui-m\u00eame demand\u00e9 un rapport en 1996, ce qui, pour le moins, jette un doute sur ce qu&rsquo;il savait ou ce qu&rsquo;il ne savait pas.\u00a0\u00bbOlivier Faure, premier secr\u00e9taire du PS<\/p>\n\n\n\n<p>sur France 3<\/p>\n<\/blockquote>\n\n\n\n<p>Le socialiste a aussi dit vouloir savoir si le Premier ministre&nbsp;<em>\u00ab\u00a0a lui-m\u00eame<\/em>&nbsp;<em>cherch\u00e9 \u00e0 prot\u00e9ger l&rsquo;institution au d\u00e9triment des \u00e9l\u00e8ves\u00a0\u00bb<\/em>,&nbsp;<em>\u00ab\u00a0pour des raisons qui seraient li\u00e9es peut-\u00eatre \u00e0 la proximit\u00e9\u00a0\u00bb&nbsp;<\/em>du couple Bayrou avec l&rsquo;institution, o\u00f9 la femme du Premier ministre a enseign\u00e9 le cat\u00e9chisme. Le patron du PS souhaite donc qu&rsquo;une&nbsp;<em>\u00ab\u00a0commission d&rsquo;enqu\u00eate parlementaire\u00a0\u00bb<\/em>&nbsp;ou que<em>&nbsp;\u00ab\u00a0la justice\u00a0\u00bb<\/em>&nbsp;s&#8217;empare de ce sujet. La France insoumise et les Ecologistes ont \u00e9galement demand\u00e9 la d\u00e9mission du chef du gouvernement.<\/p>\n\n\n\n<h2 class=\"wp-block-heading\">Une motion de censure spontan\u00e9e des d\u00e9put\u00e9s PS<\/h2>\n\n\n\n<p>L&rsquo;affaire B\u00e9tharram n&rsquo;est pas le seul sujet d&rsquo;opposition entre l&rsquo;ex\u00e9cutif et les socialistes cette semaine. Le PS avait annonc\u00e9 d\u00e9but f\u00e9vrier le d\u00e9p\u00f4t d&rsquo;une&nbsp;motion de censure spontan\u00e9e, sur la base de l&rsquo;article 49.2 de la Constitution, notamment pour condamner les propos de Fran\u00e7ois Bayrou sur&nbsp;le&nbsp;<em>\u00ab\u00a0sentiment de submersion\u00a0\u00bb<\/em>&nbsp;migratoire. Selon plusieurs sources parlementaires, le texte pourrait \u00eatre d\u00e9pos\u00e9 d\u00e8s lundi, avec un vote possible \u00e0 partir de mercredi.<\/p>\n\n\n\n<p>Le Premier ministre devrait toutefois \u00e9chapper \u00e0 cette nouvelle motion de censure, sa sixi\u00e8me depuis son arriv\u00e9e \u00e0 Matignon. Le texte ne peut en effet \u00eatre adopt\u00e9 sans le soutien du Rassemblement national,&nbsp;qui a pr\u00e9venu dimanche qu&rsquo;il ne le voterait pas.&nbsp;<em>\u00ab\u00a0Le Parti socialiste l&rsquo;a d\u00e9pos\u00e9e pour une seule et unique raison&nbsp;: revenir et contester les propos de bon sens, m\u00eame s&rsquo;ils sont insuffisants, du Premier ministre qui a parl\u00e9 d&rsquo;un sentiment de &lsquo;submersion&rsquo; migratoire\u00a0\u00bb<\/em>, a justifi\u00e9 Thomas M\u00e9nag\u00e9, porte-parole du groupe RN, sur France Inter.<\/p>\n\n\n\n<blockquote class=\"wp-block-quote is-layout-flow wp-block-quote-is-layout-flow\">\n<p>\u00ab\u00a0Il y aura peut-\u00eatre d&rsquo;autres occasions de censurer le gouvernement. On ne se l&rsquo;interdit pas, dans les prochains mois, dans les prochaines semaines. (&#8230;) Mais l&rsquo;heure n&rsquo;est pas venue.\u00a0\u00bbThomas M\u00e9nag\u00e9, d\u00e9put\u00e9 RN du Loiret<\/p>\n\n\n\n<p>sur France Inter<\/p>\n<\/blockquote>\n\n\n\n<p><em>\u00ab\u00a0C&rsquo;est une esp\u00e8ce de man\u0153uvre de dispersion de la part des<\/em>&nbsp;socialistes\u00a0\u00bb, qui&nbsp;<em>\u00ab\u00a0essayent de faire croire qu&rsquo;ils lavent plus blanc que blanc\u00a0\u00bb<\/em>&nbsp;apr\u00e8s<em>&nbsp;\u00ab\u00a0avoir sauv\u00e9 les fesses de la Macronie\u00a0\u00bb&nbsp;<\/em>en choisissant de ne pas renverser le gouvernement sur le budget, a raill\u00e9 le d\u00e9put\u00e9 RN Jean-Philippe Tanguy sur LCI.&nbsp;<em>\u00ab\u00a0Par ailleurs, dire que ce gouvernement fait une politique ferme sur l&rsquo;immigration, c&rsquo;est leur faire bien trop d&rsquo;honneur\u00a0\u00bb<\/em>, a-t-il jug\u00e9.<\/p>\n\n\n\n<h2 class=\"wp-block-heading\">Un vote d\u00e9cisif sur le budget de la S\u00e9curit\u00e9 sociale<\/h2>\n\n\n\n<p>Le projet de loi de financement de la S\u00e9curit\u00e9 sociale (PLFSS) doit passer une \u00e9tape d\u00e9cisive au S\u00e9nat. Le texte avait \u00e9t\u00e9 adopt\u00e9 sans vote \u00e0 l&rsquo;Assembl\u00e9e nationale, apr\u00e8s le recours de Fran\u00e7ois Bayrou \u00e0 l&rsquo;article 49.3 de la Constitution. Il va d\u00e9sormais \u00eatre examin\u00e9 par la chambre haute du Parlement en session pl\u00e9ni\u00e8re lundi 17 f\u00e9vrier, apr\u00e8s son adoption en commission des affaires sociales.<\/p>\n\n\n\n<p>Sc\u00e9nario le plus probable&nbsp;: le budget de la S\u00e9curit\u00e9 sociale sera valid\u00e9 par les s\u00e9nateurs, sans modification de la version adopt\u00e9e \u00e0 l&rsquo;Assembl\u00e9e. Le texte sera alors consid\u00e9r\u00e9 comme d\u00e9finitivement adopt\u00e9. S&rsquo;il est modifi\u00e9, le projet de loi devra en revanche repasser par l&rsquo;Assembl\u00e9e nationale, avec selon toute vraisemblance un nouveau recours au 49.3.<\/p>\n\n\n\n<p>En commission,<em>&nbsp;\u00ab\u00a0on a vot\u00e9 pour un avis conforme<\/em>&nbsp;[validant le projet de loi]&nbsp;<em>pour ne pas remettre une pi\u00e8ce dans le jukebox, et parce que les directeurs d&rsquo;h\u00f4pitaux et d&rsquo;Ehpad ont besoin de visibilit\u00e9\u00a0\u00bb<\/em>, a expliqu\u00e9 la rapporteure g\u00e9n\u00e9rale au S\u00e9nat, Elisabeth Doineau, \u00e0 l&rsquo;AFP. Mais&nbsp;<em>\u00ab\u00a0la note est sal\u00e9e\u00a0\u00bb<\/em>, juge l&rsquo;\u00e9lue centriste.<\/p>\n\n\n\n<p>Le budget de la S\u00e9cu pr\u00e9voit d\u00e9sormais une hausse des d\u00e9penses de l&rsquo;Assurance-maladie de 3,3% en 2025, contre 2,6% initialement pr\u00e9vus, notamment parce que le gouvernement Bayrou a rallong\u00e9 d&rsquo;un milliard d&rsquo;euros l&rsquo;enveloppe de l&rsquo;h\u00f4pital lors de ses n\u00e9gociations avec le Parti socialiste. Le d\u00e9ficit devrait lui s&rsquo;\u00e9lever \u00e0 plus de 22 milliards d&rsquo;euros, au lieu de 16 milliards, et des sources parlementaires s&rsquo;inqui\u00e8tent d&rsquo;une facture r\u00e9elle encore nettement en hausse d&rsquo;ici la fin de l&rsquo;ann\u00e9e.<\/p>\n\n\n\n<h2 class=\"wp-block-heading\">Des dissensions au gouvernement sur l&rsquo;immigration<\/h2>\n\n\n\n<p>En parall\u00e8le de ces votes, Fran\u00e7ois Bayrou devra composer avec les divisions qui se font jour au sein de son gouvernement. Le 7 f\u00e9vrier dernier, le Premier ministre a d\u00e9clar\u00e9&nbsp;vouloir ouvrir un&nbsp;<em>\u00ab\u00a0d\u00e9bat public approfondi\u00a0\u00bb<\/em>&nbsp;sur l&rsquo;identit\u00e9 nationale. Cette d\u00e9claration a r\u00e9v\u00e9l\u00e9&nbsp;des divergences entre ses diff\u00e9rents ministres, qui n&rsquo;ont cess\u00e9 depuis d&rsquo;exposer leurs points de vue par d\u00e9clarations interpos\u00e9es.<\/p>\n\n\n\n<p>Dernier \u00e9pisode en date&nbsp;: le ministre de l&rsquo;Int\u00e9rieur, Bruno Retailleau, s&rsquo;est dit favorable dimanche \u00e0&nbsp;l&rsquo;interdiction du mariage&nbsp;quand l&rsquo;un des \u00e9poux est en situation irr\u00e9guli\u00e8re. Le S\u00e9nat doit examiner jeudi une proposition de loi en ce sens, d\u00e9pos\u00e9e par le centriste St\u00e9phane Demilly.<em>&nbsp;\u00ab\u00a0On sait tr\u00e8s bien que par la voie du mariage, on peut ensuite r\u00e9gulariser\u00a0\u00bb<\/em>,&nbsp;a justifi\u00e9 le candidat \u00e0 la pr\u00e9sidence des R\u00e9publicains.<\/p>\n\n\n\n<p><em>\u00ab\u00a0Je pense que quand la r\u00e8gle est mal faite, il faut la modifier\u00a0\u00bb<\/em>, a ajout\u00e9 Bruno Retailleau, rappelant que la proposition&nbsp;<em>\u00ab\u00a0sera soutenue par le gouvernement, par la voix du garde des Sceaux\u00a0\u00bb<\/em>. La semaine pr\u00e9c\u00e9dente, le ministre de la Justice, G\u00e9rald Darmanin, avait dit son souhait que la loi<em>&nbsp;\u00ab\u00a0change\u00a0\u00bb.&nbsp;<\/em>Ce n&rsquo;est pas la premi\u00e8re fois que les deux membres du gouvernement adoptent une position commune sur l&rsquo;immigration : tous deux ont appel\u00e9 \u00e0 une r\u00e9forme du droit du sol, inscrit dans la Constitution.<\/p>\n\n\n\n<p>Manuel Valls s&rsquo;est distingu\u00e9 de ses coll\u00e8gues. Le ministre des Outre-mer a estim\u00e9,&nbsp;dans une<em>&nbsp;\u00ab\u00a0opinion\u00a0\u00bb<\/em>(Nouvelle fen\u00eatre)&nbsp;publi\u00e9e dans&nbsp;<em>La Tribune dimanche<\/em>, que&nbsp;<em>\u00ab\u00a0remettre totalement en question<\/em>\u00a0\u00bb le droit du sol constituerait<em>&nbsp;\u00ab\u00a0une fracture historique\u00a0\u00bb<\/em>. Faisant une distinction entre la situation \u00e0 Mayotte et dans l&rsquo;Hexagone, l&rsquo;ex-Premier ministre a fait valoir que<em>&nbsp;\u00ab\u00a0le droit du sol peut avoir une dimension int\u00e9gratrice, car un enfant n\u00e9 en France et qui y r\u00e9side depuis qu&rsquo;il est petit d\u00e9veloppe un attachement \u00e0 notre pays\u00a0\u00bb.<\/em><\/p>\n\n\n\n<p>Tout en consid\u00e9rant que&nbsp;<em>\u00ab\u00a0le nombre annuel d&rsquo;entr\u00e9es l\u00e9gales, auxquelles s&rsquo;ajoutent h\u00e9las les ill\u00e9gales, est devenu insoutenable\u00a0\u00bb<\/em>, Manuel Valls a jug\u00e9&nbsp;<em>\u00ab\u00a0discutable\u00a0\u00bb<\/em>&nbsp;le postulat selon lequel le droit de la nationalit\u00e9 nourrirait l&rsquo;immigration.&nbsp;<em>\u00ab\u00a0Personne ne vient en France avec pour objectif d&rsquo;acqu\u00e9rir la nationalit\u00e9. L&rsquo;appel d&rsquo;air vient de notre droit au s\u00e9jour, de notre droit des \u00e9trangers, de notre syst\u00e8me social et de sant\u00e9, de notre trop grand laxisme parfois, mais pas de notre droit civil\u00a0\u00bb<\/em>, a avanc\u00e9 le ministre, appelant \u00e0 ne&nbsp;<em>\u00ab\u00a0pas c\u00e9der \u00e0 toutes les facilit\u00e9s\u00a0\u00bb.<\/em><\/p>\n","protected":false},"excerpt":{"rendered":"<p>Fran\u00e7ois Bayrou se pr\u00e9pare \u00e0 une nouvelle semaine sous tension Apr\u00e8s avoir \u00e9chapp\u00e9 \u00e0 cinq motions de censure en \u00e0<\/p>\n","protected":false},"author":1,"featured_media":50563,"comment_status":"open","ping_status":"open","sticky":false,"template":"","format":"standard","meta":{"footnotes":""},"categories":[51],"tags":[],"class_list":["post-52022","post","type-post","status-publish","format-standard","has-post-thumbnail","hentry","category-general"],"_links":{"self":[{"href":"https:\/\/dekkbi.com\/index.php?rest_route=\/wp\/v2\/posts\/52022","targetHints":{"allow":["GET"]}}],"collection":[{"href":"https:\/\/dekkbi.com\/index.php?rest_route=\/wp\/v2\/posts"}],"about":[{"href":"https:\/\/dekkbi.com\/index.php?rest_route=\/wp\/v2\/types\/post"}],"author":[{"embeddable":true,"href":"https:\/\/dekkbi.com\/index.php?rest_route=\/wp\/v2\/users\/1"}],"replies":[{"embeddable":true,"href":"https:\/\/dekkbi.com\/index.php?rest_route=%2Fwp%2Fv2%2Fcomments&post=52022"}],"version-history":[{"count":4,"href":"https:\/\/dekkbi.com\/index.php?rest_route=\/wp\/v2\/posts\/52022\/revisions"}],"predecessor-version":[{"id":52031,"href":"https:\/\/dekkbi.com\/index.php?rest_route=\/wp\/v2\/posts\/52022\/revisions\/52031"}],"wp:featuredmedia":[{"embeddable":true,"href":"https:\/\/dekkbi.com\/index.php?rest_route=\/wp\/v2\/media\/50563"}],"wp:attachment":[{"href":"https:\/\/dekkbi.com\/index.php?rest_route=%2Fwp%2Fv2%2Fmedia&parent=52022"}],"wp:term":[{"taxonomy":"category","embeddable":true,"href":"https:\/\/dekkbi.com\/index.php?rest_route=%2Fwp%2Fv2%2Fcategories&post=52022"},{"taxonomy":"post_tag","embeddable":true,"href":"https:\/\/dekkbi.com\/index.php?rest_route=%2Fwp%2Fv2%2Ftags&post=52022"}],"curies":[{"name":"wp","href":"https:\/\/api.w.org\/{rel}","templated":true}]}}