{"id":51998,"date":"2025-02-17T10:41:45","date_gmt":"2025-02-17T10:41:45","guid":{"rendered":"https:\/\/dekkbi.com\/?p=51998"},"modified":"2025-02-17T10:41:45","modified_gmt":"2025-02-17T10:41:45","slug":"rassemblement-des-centrales-syndicales-greve-generale","status":"publish","type":"post","link":"https:\/\/dekkbi.com\/?p=51998","title":{"rendered":"Rassemblement des centrales syndicales : GR\u00c8VE G\u00c9N\u00c9RALE"},"content":{"rendered":"\n<p><strong>Sous la pression des centrales syndicales, le ministre du Travail tente de d\u00e9samorcer une \u00e9ventuelle gr\u00e8ve. Il a cherch\u00e9 \u00e0 apporter des r\u00e9ponses \u00e0 leurs revendications, mais en v\u00e9rit\u00e9, plusieurs questions restent en suspens, alors que le Saes et les syndicats de la sant\u00e9 ont commenc\u00e9 leur cycle de gr\u00e8ve.<\/strong><\/p>\n\n\n\n<p>Au lendemain de l\u2019annonce d\u2019une \u00e9ventuelle gr\u00e8ve g\u00e9n\u00e9rale des centrales syndicales, le minist\u00e8re du Travail, de l\u2019emploi et des relations avec les institutions a apport\u00e9 ses r\u00e9ponses \u00e0 leurs revendications. Abbas Fall affirme avoir pris des engagements, le 30 janvier dernier, apr\u00e8s leur t\u00eate-t\u00eate pour faire un examen de la plateforme revendicative de la coalition des centrales syndicales. Elle \u00e9tait \u00e0 la fois vaste et sp\u00e9cifi\u00e9e selon les secteurs, qui sont min\u00e9s par une succession de crises allant de licenciement au gel de certains avantages.<\/p>\n\n\n\n<p>Pour les cas des travailleurs licenci\u00e9s au Port autonome de de Dakar, Abass Fall explique : \u00abUn licenciement est jug\u00e9 abusif par le Tribunal du travail et l\u2019obligation de r\u00e9int\u00e9gration ne vaut que pour le d\u00e9l\u00e9gu\u00e9 du personnel dont le licenciement est refus\u00e9 par l\u2019Itss (Inspecteur du travail et de s\u00e9curit\u00e9 sociale). Cependant, si l\u2019intervention de ce dernier suffit \u00e0 faire reconsid\u00e9rer la d\u00e9cision de l\u2019employeur, les instructions utiles seront donn\u00e9es aux services comp\u00e9tents.\u00bb En clair, l\u2019avenir des 700 employ\u00e9s semble \u00eatre scell\u00e9, en d\u00e9pit des agitations des organisations syndicales. Pour le cas du minist\u00e8re des Mines, il r\u00e9v\u00e8le que ce d\u00e9partement a assur\u00e9 que les ruptures de contrat concernent pour l\u2019essentiel des agents recrut\u00e9s en marge de la r\u00e9glementation qui encadre l\u2019engagement de personnel contractuel dans la Fonction publique.<\/p>\n\n\n\n<p><strong>Pas de baisse du prix de l\u2019eau<\/strong><br>Pour le paiement des salaires \u00e9chus \u00e0 la Croix-Rouge et \u00e0 La Poste, Abbas Fall avance que les conditions \u00e9conomiques difficiles de ces deux entreprises ont fait l\u2019objet de diff\u00e9rents collectifs connus par la Dgtss (Direction g\u00e9n\u00e9rale du Travail et de la s\u00e9curit\u00e9 sociale). Selon lui, les difficult\u00e9s rencontr\u00e9es \u00e9tant d\u2019ordre structurel, il convient d\u2019impliquer les minist\u00e8res de la Sant\u00e9 et de la Communication et des t\u00e9l\u00e9communications pour trouver une solution d\u00e9finitive. Pour la restructuration de La Poste, il rappelle que cette question est \u00e9voqu\u00e9e depuis plusieurs ann\u00e9es et les hautes autorit\u00e9s y sont sensibles. \u00abIl faut redynamiser le cadre compos\u00e9 des services du Mfb et du Mctn\u00bb, dit-il. Quid de la suppression des \u00e9quivalences sur la dur\u00e9e l\u00e9gale du travail&nbsp;? Il marque son accord et annonce qu\u2019un projet d\u2019arr\u00eat\u00e9 sera soumis au prochain Ccntss (Conseil Consultatif national du travail et de s\u00e9curit\u00e9 sociale).<\/p>\n\n\n\n<p>Par ailleurs, le ministre du Travail est revenu sur la r\u00e9gularisation des contrats de travail des agents renouvel\u00e9s deux fois au Port et \u00e0 la Rts, en estimant qu\u2019ils sont encadr\u00e9s strictement par le Code du travail suivant des r\u00e8gles dont la violation est sanctionn\u00e9e par une requalification par majoration. \u00abLes services du Travail ou le Tribunal du travail peuvent \u00eatre saisis\u00bb, ajoute-t-il.<\/p>\n\n\n\n<p>Dans le cadre de la revalorisation des salaires des agents des collectivit\u00e9s territoriales, Abbas Fall rappelle qu\u2019il a \u00e9t\u00e9 propos\u00e9 l\u2019\u00e9largissement de la mesure \u00e0 tous les agents certifi\u00e9s fonctionnaires comme non factionnaires, par le biais de l\u2019octroi d\u2019une indemnit\u00e9 compensatrice globale et uniforme de 80 mille pour un total de 6 mille 613 agents, l\u2019accompagnement du gouvernement dans la mise en \u0153uvre de politiques pour une effectivit\u00e9 de la Fonction publique locale comme le gel des recrutements au sein des collectivit\u00e9s territoriales, l\u2019organisation des concours professionnels, l\u2019audit physique des agents certifi\u00e9s et la r\u00e9vision des organigrammes-types.<\/p>\n\n\n\n<p>Il a aussi \u00e9voqu\u00e9 l\u2019accord collectif d\u2019entreprise de la Rts qui a \u00e9t\u00e9, dit-il, conditionn\u00e9 \u00e0 la signature d\u2019un d\u00e9cret renvoy\u00e9 \u00e0 son tour \u00e0 un autre arr\u00eat\u00e9 interminist\u00e9riel qui n\u2019est pas encore pris. \u00abIl n\u2019emp\u00eache que les parties ont convenu de ren\u00e9gocier l\u2019accord pour tenir compte des possibilit\u00e9s de la Rts. Un comit\u00e9 restreint est mis en place et des discussions sont en cours\u00bb, rappelle le ministre du Travail.<\/p>\n\n\n\n<p>Dans le cadre des dol\u00e9ances pour l\u2019am\u00e9lioration du pouvoir d\u2019achat des travailleurs, notamment la baisse de la fiscalit\u00e9 sur les salaires, Abbas Fall soutient que cette \u00abquestion requiert l\u2019intervention du Mfb et des plus hautes autorit\u00e9s\u00bb. Pour la baisse des prix de l\u2019eau, ce \u00abn\u2019est pas envisageable\u00bb. Pourquoi&nbsp;?<\/p>\n\n\n\n<p>Il avoue que cela risque de compromettre \u00abl\u2019\u00e9quilibre financier de la Sones qui pourrait avoir des difficult\u00e9s \u00e0 honorer ses obligations de dette et \u00e0 poursuivre ses investissements, en particulier pour les branchements sociaux au b\u00e9n\u00e9ficie des m\u00e9nages\u00bb. M\u00eame si, tente-t-il de relativiser, une \u00e9tude r\u00e9vision tarifaire du sous-secteur urbain sera prochainement lanc\u00e9e. \u00abCette \u00e9tude examinera, entre autres, la possibilit\u00e9 de r\u00e9duire le prix de l\u2019eau pour la tranche sociale. Une mesure qui pourrait \u00eatre facilit\u00e9e par la baisse attendue des co\u00fbts de l\u2019\u00e9nergie suite \u00e0 la d\u00e9couverte du p\u00e9trole et du gaz\u00bb, se projette le ministre du Travail.<br>Pour l\u2019instant, il est peu probable que ces r\u00e9ponses satisfassent les centrales syndicales lass\u00e9es par ces 10 mois d\u2019attente et de contentieux sociaux. Abass Fall rassure qu\u2019il s\u2019agit de propositions susceptibles d\u2019\u00eatre approfondies et actualis\u00e9es \u00e0 l\u2019occasion \u00abde concertations tripartites pr\u00e9vues par mon d\u00e9partement et de la rencontre avec les partenaires sociaux pr\u00e9vue par le Premier ministre\u00bb. Cela suffira-t-il pour d\u00e9samorcer la bombe avec le d\u00e9but de la crise dans l\u2019enseignement sup\u00e9rieur et la sant\u00e9&nbsp;?<br><strong>Par Bocar SAKHO \u2013 bsakho@lequotidien.sn<\/strong><\/p>\n","protected":false},"excerpt":{"rendered":"<p>Sous la pression des centrales syndicales, le ministre du Travail tente de d\u00e9samorcer une \u00e9ventuelle gr\u00e8ve. Il a cherch\u00e9 \u00e0<\/p>\n","protected":false},"author":1,"featured_media":12529,"comment_status":"open","ping_status":"open","sticky":false,"template":"","format":"standard","meta":{"footnotes":""},"categories":[21],"tags":[],"class_list":["post-51998","post","type-post","status-publish","format-standard","has-post-thumbnail","hentry","category-societe"],"_links":{"self":[{"href":"https:\/\/dekkbi.com\/index.php?rest_route=\/wp\/v2\/posts\/51998","targetHints":{"allow":["GET"]}}],"collection":[{"href":"https:\/\/dekkbi.com\/index.php?rest_route=\/wp\/v2\/posts"}],"about":[{"href":"https:\/\/dekkbi.com\/index.php?rest_route=\/wp\/v2\/types\/post"}],"author":[{"embeddable":true,"href":"https:\/\/dekkbi.com\/index.php?rest_route=\/wp\/v2\/users\/1"}],"replies":[{"embeddable":true,"href":"https:\/\/dekkbi.com\/index.php?rest_route=%2Fwp%2Fv2%2Fcomments&post=51998"}],"version-history":[{"count":1,"href":"https:\/\/dekkbi.com\/index.php?rest_route=\/wp\/v2\/posts\/51998\/revisions"}],"predecessor-version":[{"id":51999,"href":"https:\/\/dekkbi.com\/index.php?rest_route=\/wp\/v2\/posts\/51998\/revisions\/51999"}],"wp:featuredmedia":[{"embeddable":true,"href":"https:\/\/dekkbi.com\/index.php?rest_route=\/wp\/v2\/media\/12529"}],"wp:attachment":[{"href":"https:\/\/dekkbi.com\/index.php?rest_route=%2Fwp%2Fv2%2Fmedia&parent=51998"}],"wp:term":[{"taxonomy":"category","embeddable":true,"href":"https:\/\/dekkbi.com\/index.php?rest_route=%2Fwp%2Fv2%2Fcategories&post=51998"},{"taxonomy":"post_tag","embeddable":true,"href":"https:\/\/dekkbi.com\/index.php?rest_route=%2Fwp%2Fv2%2Ftags&post=51998"}],"curies":[{"name":"wp","href":"https:\/\/api.w.org\/{rel}","templated":true}]}}