{"id":51995,"date":"2025-02-17T10:40:01","date_gmt":"2025-02-17T10:40:01","guid":{"rendered":"https:\/\/dekkbi.com\/?p=51995"},"modified":"2025-02-17T10:40:01","modified_gmt":"2025-02-17T10:40:01","slug":"lunion-africaine-met-en-garde-contre-une-balkanisation-de-la-rdc","status":"publish","type":"post","link":"https:\/\/dekkbi.com\/?p=51995","title":{"rendered":"L\u2019Union africaine met en garde contre une \u00ab balkanisation \u00bb de la RDC"},"content":{"rendered":"\n<p><strong>Alors que le M23 a fait, ce 16 f\u00e9vrier, son entr\u00e9e dans la ville de Bukavu, dans l\u2019est de la RDC, le commissaire \u00e0 la Paix et la S\u00e9curit\u00e9 de l\u2019UA, Bankole Adeoye, a appel\u00e9 au \u00ab retrait imm\u00e9diat du M23 et de ses partisans de toutes les villes occup\u00e9es \u00bb, sans nommer le Rwanda.<\/strong><\/p>\n\n\n\n<p>L\u2019Union africaine (UA) a mis en garde ce 16\u00a0f\u00e9vrier contre une \u00ab\u00a0balkanisation\u00a0\u00bb de la RDC,\u00a0alors que des combattants du M23 alli\u00e9s \u00e0 des troupes rwandaises sont entr\u00e9s dans Bukavu.<\/p>\n\n\n\n<p>\u00ab\u00a0Nous ne voulons pas d\u2019une balkanisation de la RDC\u00a0\u00bb, a plaid\u00e9 lors d\u2019une conf\u00e9rence de presse\u00a0le commissaire \u00e0 la Paix et la S\u00e9curit\u00e9 de l\u2019UA, Bankole Adeoye, tout en \u00ab\u00a0appelant au retrait imm\u00e9diat du\u00a0M23\u00a0et de ses partisans de toutes les villes occup\u00e9es\u00a0\u00bb, sans nommer le Rwanda.<a href=\"https:\/\/account.microsoft.com\/privacy\/ad-settings\" target=\"_blank\" rel=\"noreferrer noopener\"><\/a><\/p>\n\n\n\n<h2 class=\"wp-block-heading\">R\u00f4le de m\u00e9diation<\/h2>\n\n\n\n<p>Des colonnes de combattants du M23 et leurs alli\u00e9s rwandais sont entr\u00e9s ce 16\u00a0f\u00e9vrier dans le centre de Bukavu, grande ville de l\u2019est de la RDC.\u00a0Le groupe arm\u00e9 antigouvernemental a pris fin janvier le contr\u00f4le de Goma,\u00a0capitale provinciale du Nord-Kivu, avant de progresser dans la r\u00e9gion voisine du Sud-Kivu. Plusieurs pays, ainsi que les Nations unies, ont mis en garde contre les risques d\u2019une \u00ab\u00a0escalade r\u00e9gionale\u00a0\u00bb.<\/p>\n\n\n\n<p>Bankole Adeoye, lors d\u2019une d\u00e9claration faite durant le sommet annuel des chefs d\u2019\u00c9tat de l\u2019UA \u00e0 Addis-Abeba, a \u00e9galement appel\u00e9 au \u00ab\u00a0respect de la souverainet\u00e9, de l\u2019unit\u00e9 politique et de l\u2019int\u00e9grit\u00e9 territoriale de la RDC\u00a0\u00bb, tout comme la veille, le secr\u00e9taire g\u00e9n\u00e9ral de l\u2019ONU, Ant\u00f3nio Guterres.<\/p>\n\n\n\n<p>\u00ab&nbsp;La seule fa\u00e7on de r\u00e9soudre le probl\u00e8me dans l\u2019est de la RDC est que toutes les parties s\u2019assoient autour de la table, et l\u2019Union africaine est pr\u00eate \u00e0 jouer ce r\u00f4le de m\u00e9diation&nbsp;\u00bb, a \u00e9galement affirm\u00e9 Bankole Adeoye.<\/p>\n\n\n\n<p><strong>(Avec AFP)<\/strong><\/p>\n","protected":false},"excerpt":{"rendered":"<p>Alors que le M23 a fait, ce 16 f\u00e9vrier, son entr\u00e9e dans la ville de Bukavu, dans l\u2019est de la<\/p>\n","protected":false},"author":1,"featured_media":51996,"comment_status":"open","ping_status":"open","sticky":false,"template":"","format":"standard","meta":{"footnotes":""},"categories":[51],"tags":[],"class_list":["post-51995","post","type-post","status-publish","format-standard","has-post-thumbnail","hentry","category-general"],"_links":{"self":[{"href":"https:\/\/dekkbi.com\/index.php?rest_route=\/wp\/v2\/posts\/51995","targetHints":{"allow":["GET"]}}],"collection":[{"href":"https:\/\/dekkbi.com\/index.php?rest_route=\/wp\/v2\/posts"}],"about":[{"href":"https:\/\/dekkbi.com\/index.php?rest_route=\/wp\/v2\/types\/post"}],"author":[{"embeddable":true,"href":"https:\/\/dekkbi.com\/index.php?rest_route=\/wp\/v2\/users\/1"}],"replies":[{"embeddable":true,"href":"https:\/\/dekkbi.com\/index.php?rest_route=%2Fwp%2Fv2%2Fcomments&post=51995"}],"version-history":[{"count":1,"href":"https:\/\/dekkbi.com\/index.php?rest_route=\/wp\/v2\/posts\/51995\/revisions"}],"predecessor-version":[{"id":51997,"href":"https:\/\/dekkbi.com\/index.php?rest_route=\/wp\/v2\/posts\/51995\/revisions\/51997"}],"wp:featuredmedia":[{"embeddable":true,"href":"https:\/\/dekkbi.com\/index.php?rest_route=\/wp\/v2\/media\/51996"}],"wp:attachment":[{"href":"https:\/\/dekkbi.com\/index.php?rest_route=%2Fwp%2Fv2%2Fmedia&parent=51995"}],"wp:term":[{"taxonomy":"category","embeddable":true,"href":"https:\/\/dekkbi.com\/index.php?rest_route=%2Fwp%2Fv2%2Fcategories&post=51995"},{"taxonomy":"post_tag","embeddable":true,"href":"https:\/\/dekkbi.com\/index.php?rest_route=%2Fwp%2Fv2%2Ftags&post=51995"}],"curies":[{"name":"wp","href":"https:\/\/api.w.org\/{rel}","templated":true}]}}