{"id":51992,"date":"2025-02-17T10:36:27","date_gmt":"2025-02-17T10:36:27","guid":{"rendered":"https:\/\/dekkbi.com\/?p=51992"},"modified":"2025-02-17T10:36:28","modified_gmt":"2025-02-17T10:36:28","slug":"rapport-de-la-cour-des-comptes-moussa-tine-invite-macky-a-sexpliquer","status":"publish","type":"post","link":"https:\/\/dekkbi.com\/?p=51992","title":{"rendered":"Rapport de la Cour des comptes : Moussa Tine invite Macky \u00e0 s\u2019expliquer"},"content":{"rendered":"\n<p><strong>Moussa Tine estime que le Pr\u00e9sident Macky Sall doit des explications au S\u00e9n\u00e9gal sur le rapport de la Cour des comptes concernant la gestion des finances sous son r\u00e9gime. Invit\u00e9 hier de l\u2019\u00e9mission \u00abLe Grand Jury\u00bb de la Rfm, le pr\u00e9sident et fondateur du parti l\u2019Alliance d\u00e9mocratique Penc\u00f3\u00f3 s\u2019est dit \u00e9tonn\u00e9 que ce rapport fasse l\u2019objet d\u2019un d\u00e9bat sur la place publique.<\/strong><\/p>\n\n\n\n<p>Le rapport de la Cour des comptes sur la gestion des finances publiques sous l\u2019ancien r\u00e9gime continue d\u2019alimenter le d\u00e9bat. Apr\u00e8s les \u00e9carts et anomalies r\u00e9v\u00e9l\u00e9s \u00e0 travers ce rapport, des personnalit\u00e9s politiques de tout bord en ont fait leurs choux gras. Un d\u00e9bat qui ne laisse pas insensible&nbsp;Moussa Tine, qui \u00e9voque la question en demandant au Pr\u00e9sident Macky Sall de sortir de son silence pour apporter des explications aux S\u00e9n\u00e9galais, afin de les \u00e9difier sur ce rapport rendu public la semaine derni\u00e8re par la Cour des comptes.<\/p>\n\n\n\n<p>\u00ab(\u2026) Il y a une chose qu\u2019il faut quand m\u00eame relever. Je pense que, par respect pour le Peuple s\u00e9n\u00e9galais, Macky Sall doit prendre la parole, et il nous doit au moins un communiqu\u00e9 pour nous dire de quoi il s\u2019est agi dans cette affaire-l\u00e0. Parce qu\u2019il ne peut pas avoir \u00e9t\u00e9 ici pr\u00e9sident de la R\u00e9publique, avoir b\u00e9n\u00e9fici\u00e9 de la confiance des S\u00e9n\u00e9galais pendant douze ans, aujourd\u2019hui, on parle de centaines de milliards d\u2019\u00e9carts dans le rapprochement qu\u2019on a fait des chiffres et que lui, c\u2019\u00e9tait\u2026 Quand il a eu des probl\u00e8mes au niveau de son parti, il a pris la parole, il a pris le temps pour parler\u00bb, d\u00e9clare Moussa Tine lors de son passage \u00e0 l\u2019\u00e9mission \u00abLe Grand Jury\u00bb sur la Rfm. C\u2019est une initiative qui devrait venir de l\u2019ancien chef de l\u2019Etat, selon Tine. \u00abAujourd\u2019hui, il aurait pu demander \u00e0 intervenir dans le journal de la Rfm et donner effectivement des explications. Pas \u00e0 cet actuel r\u00e9gime, mais expliquer aux S\u00e9n\u00e9galais ce qui s\u2019est pass\u00e9. \u00c7a, c\u2019est sa responsabilit\u00e9. Et c\u2019est ce qu\u2019il doit aux S\u00e9n\u00e9\u00adgalais. Prendre la parole, \u00e9crire, n\u2019importe quel moyen de communication, mais il doit s\u2019expliquer devant le Peuple s\u00e9n\u00e9galais\u00bb, insiste Moussa Tine.<\/p>\n\n\n\n<p>Ce dernier a, par ailleurs, fait une analyse approfondie de la controverse entourant le r\u00e9cent rapport de la Cour des comptes.<\/p>\n\n\n\n<p>L\u2019ancien parlementaire insiste sur la n\u00e9cessit\u00e9 de replacer ce document dans son contexte institutionnel : \u00abIl s\u2019agit d\u2019un rapport ordinaire, pr\u00e9vu par les textes et produit par une institution qui en a la charge.\u00bb<\/p>\n\n\n\n<p>Il s\u2019interroge sur la pertinence de mener ce d\u00e9bat sur la place publique, estimant que cela risque de nuire au travail judiciaire \u00e0 venir. Ce dernier est pour l\u2019abrogation de la loi d\u2019amnistie, comme promis par les nouvelles autorit\u00e9s.<\/p>\n\n\n\n<p>\u00abOn&nbsp; le doit aux S\u00e9n\u00e9galais. On le doit pour l\u2019avenir de notre pays. Et on le doit aussi aux familles endeuill\u00e9es\u00bb, mentionne Moussa Tine. Qui poursuit en ces termes :&nbsp;\u00abLa loi d\u2019amnistie doit \u00eatre abrog\u00e9e totalement. Les responsabilit\u00e9s doivent \u00eatre situ\u00e9es, et cela ne pourra se faire sans abroger cette loi d\u2019amnistie.\u00bb<\/p>\n\n\n\n<p>\u00abMais est-ce qu\u2019on peut envisager une seule fois, dans n\u2019importe quel pays, qu\u2019il y ait 80 personnes qui soient mortes, il y a une loi d\u2019amnistie qui a \u00e9t\u00e9 vot\u00e9e, et puis c\u2019est fini\u00a0? Ce n\u2019est pas possible\u00bb, argumente M. Tine.<\/p>\n\n\n\n<p><strong>Par Amadou MBODJI \u2013\u00a0<\/strong><strong>ambodji@lequotidien.sn<\/strong><\/p>\n","protected":false},"excerpt":{"rendered":"<p>Moussa Tine estime que le Pr\u00e9sident Macky Sall doit des explications au S\u00e9n\u00e9gal sur le rapport de la Cour des<\/p>\n","protected":false},"author":1,"featured_media":51993,"comment_status":"open","ping_status":"open","sticky":false,"template":"","format":"standard","meta":{"footnotes":""},"categories":[6],"tags":[],"class_list":["post-51992","post","type-post","status-publish","format-standard","has-post-thumbnail","hentry","category-politics"],"_links":{"self":[{"href":"https:\/\/dekkbi.com\/index.php?rest_route=\/wp\/v2\/posts\/51992","targetHints":{"allow":["GET"]}}],"collection":[{"href":"https:\/\/dekkbi.com\/index.php?rest_route=\/wp\/v2\/posts"}],"about":[{"href":"https:\/\/dekkbi.com\/index.php?rest_route=\/wp\/v2\/types\/post"}],"author":[{"embeddable":true,"href":"https:\/\/dekkbi.com\/index.php?rest_route=\/wp\/v2\/users\/1"}],"replies":[{"embeddable":true,"href":"https:\/\/dekkbi.com\/index.php?rest_route=%2Fwp%2Fv2%2Fcomments&post=51992"}],"version-history":[{"count":1,"href":"https:\/\/dekkbi.com\/index.php?rest_route=\/wp\/v2\/posts\/51992\/revisions"}],"predecessor-version":[{"id":51994,"href":"https:\/\/dekkbi.com\/index.php?rest_route=\/wp\/v2\/posts\/51992\/revisions\/51994"}],"wp:featuredmedia":[{"embeddable":true,"href":"https:\/\/dekkbi.com\/index.php?rest_route=\/wp\/v2\/media\/51993"}],"wp:attachment":[{"href":"https:\/\/dekkbi.com\/index.php?rest_route=%2Fwp%2Fv2%2Fmedia&parent=51992"}],"wp:term":[{"taxonomy":"category","embeddable":true,"href":"https:\/\/dekkbi.com\/index.php?rest_route=%2Fwp%2Fv2%2Fcategories&post=51992"},{"taxonomy":"post_tag","embeddable":true,"href":"https:\/\/dekkbi.com\/index.php?rest_route=%2Fwp%2Fv2%2Ftags&post=51992"}],"curies":[{"name":"wp","href":"https:\/\/api.w.org\/{rel}","templated":true}]}}