{"id":51947,"date":"2025-02-14T16:14:14","date_gmt":"2025-02-14T16:14:14","guid":{"rendered":"https:\/\/dekkbi.com\/?p=51947"},"modified":"2025-02-17T13:19:24","modified_gmt":"2025-02-17T13:19:24","slug":"rapport-de-la-cour-des-comptes-sunuy-miliyaar-du-rees-les-patriotes-annoncent-une-grande-marche","status":"publish","type":"post","link":"https:\/\/dekkbi.com\/?p=51947","title":{"rendered":"\u00abSunuy Miliyaar du Rees\u00bb: une grande marche populaire organis\u00e9e le 21 f\u00e9vrier 2025 \u00e0 15h"},"content":{"rendered":"\n<p>Aux lendemains de la publication du tonitruant rapport de la Cour des Comptes, Dakar va vibrer au rythme d\u2019une mobilisation d\u2019envergure. Le 21 f\u00e9vrier 2025 \u00e0 15h, une grande marche populaire baptis\u00e9e \u201cSunuy Miliyaar du Rees\u201d se tiendra entre l\u2019\u00c9cole Normale et le Rond-Point Jet d\u2019Eau.<\/p>\n\n\n\n<p>\u00c0 l\u2019initiative de plusieurs jeunes, cette manifestation vise \u00e0 d\u00e9noncer la gestion jug\u00e9e catastrophique des finances publiques sous l\u2019ancien r\u00e9gime, point\u00e9e du doigt par le\u00a0rapport d\u00e9finitif de la\u00a0Cour des Comptes\u00a0couvrant la p\u00e9riode 2019-2024. Les organisateurs exigent des comptes et appellent \u00e0 des sanctions contre les responsables identifi\u00e9s. Par ailleurs, cette marche entend apporter un\u00a0soutien ferme aux initiatives du gouvernement\u00a0actuel pour que justice soit rendue et que les fonds publics soient pr\u00e9serv\u00e9s. Par\u00a0<strong>Modou Mamoune Tine<\/strong> &#8211; SENENEWS<\/p>\n\n\n\n<figure class=\"wp-block-image is-resized\"><img decoding=\"async\" src=\"https:\/\/www.senenews.com\/wp-content\/uploads\/2025\/02\/img_2673.jpeg\" alt=\"img 2673 - Senenews - Actualit\u00e9 au S\u00e9n\u00e9gal, Politique, \u00c9conomie, Sport\" class=\"wp-image-527927\" style=\"width:563px;height:auto\" title=\"Rapport de la Cour des Comptes : \u00ab\u00a0Sunuy Miliyaar du Rees\u00a0\u00bb, les Patriotes annoncent une grande marche 1\"\/><\/figure>\n\n\n\n<p><\/p>\n","protected":false},"excerpt":{"rendered":"<p>Aux lendemains de la publication du tonitruant rapport de la Cour des Comptes, Dakar va vibrer au rythme d\u2019une mobilisation<\/p>\n","protected":false},"author":1,"featured_media":51948,"comment_status":"open","ping_status":"open","sticky":false,"template":"","format":"standard","meta":{"footnotes":""},"categories":[3],"tags":[],"class_list":["post-51947","post","type-post","status-publish","format-standard","has-post-thumbnail","hentry","category-event-more-news"],"_links":{"self":[{"href":"https:\/\/dekkbi.com\/index.php?rest_route=\/wp\/v2\/posts\/51947","targetHints":{"allow":["GET"]}}],"collection":[{"href":"https:\/\/dekkbi.com\/index.php?rest_route=\/wp\/v2\/posts"}],"about":[{"href":"https:\/\/dekkbi.com\/index.php?rest_route=\/wp\/v2\/types\/post"}],"author":[{"embeddable":true,"href":"https:\/\/dekkbi.com\/index.php?rest_route=\/wp\/v2\/users\/1"}],"replies":[{"embeddable":true,"href":"https:\/\/dekkbi.com\/index.php?rest_route=%2Fwp%2Fv2%2Fcomments&post=51947"}],"version-history":[{"count":6,"href":"https:\/\/dekkbi.com\/index.php?rest_route=\/wp\/v2\/posts\/51947\/revisions"}],"predecessor-version":[{"id":52049,"href":"https:\/\/dekkbi.com\/index.php?rest_route=\/wp\/v2\/posts\/51947\/revisions\/52049"}],"wp:featuredmedia":[{"embeddable":true,"href":"https:\/\/dekkbi.com\/index.php?rest_route=\/wp\/v2\/media\/51948"}],"wp:attachment":[{"href":"https:\/\/dekkbi.com\/index.php?rest_route=%2Fwp%2Fv2%2Fmedia&parent=51947"}],"wp:term":[{"taxonomy":"category","embeddable":true,"href":"https:\/\/dekkbi.com\/index.php?rest_route=%2Fwp%2Fv2%2Fcategories&post=51947"},{"taxonomy":"post_tag","embeddable":true,"href":"https:\/\/dekkbi.com\/index.php?rest_route=%2Fwp%2Fv2%2Ftags&post=51947"}],"curies":[{"name":"wp","href":"https:\/\/api.w.org\/{rel}","templated":true}]}}