{"id":51935,"date":"2025-02-14T15:59:43","date_gmt":"2025-02-14T15:59:43","guid":{"rendered":"https:\/\/dekkbi.com\/?p=51935"},"modified":"2025-02-14T15:59:43","modified_gmt":"2025-02-14T15:59:43","slug":"lutte-contre-la-traite-des-personnes-quand-le-saint-pere-appelle-a-lesperance-pour-vaincre-le-fleau","status":"publish","type":"post","link":"https:\/\/dekkbi.com\/?p=51935","title":{"rendered":"Lutte contre la traite des personnes : quand le Saint P\u00e8re appelle \u00e0 l\u2019esp\u00e9rance pour vaincre le fl\u00e9au"},"content":{"rendered":"\n<p><strong>Au lendemain de la 11<sup>e<\/sup>&nbsp;Journ\u00e9e mondiale de pri\u00e8re et de r\u00e9flexion contre la traite des \u00eatres humains, c\u00e9l\u00e9br\u00e9e le 8 f\u00e9vrier dernier, en la f\u00eate de Sainte Jos\u00e9phine&nbsp;Bakita, le Pape Fran\u00e7ois, dans son message intitul\u00e9&nbsp;<em>\u00abAmbassadeurs de l\u2019esp\u00e9rance : ensemble contre la traite des personnes\u00bb<\/em>, y donne les cl\u00e9s pour combattre le fl\u00e9au sous toutes ses formes. Il s\u2019agit, selon le Saint P\u00e8re, de lever notre regard vers le Christ, pour y puiser tout notre courage. Abb\u00e9 Roger Gomis, de l\u2019archidioc\u00e8se de Dakar, qui est revenu sur ledit message du Pape, a soutenu que&nbsp;<em>\u00ab<\/em><\/strong><strong><em>l\u2019esp\u00e9rance&nbsp;dont t\u00e9moigne&nbsp;Sainte Jos\u00e9phine&nbsp;Bakita, n\u2019est pas un r\u00eave lointain, mais une force qui transforme le monde, un pas apr\u00e8s l\u2019autre, un c\u0153ur apr\u00e8s l\u2019autre\u00bb<\/em><\/strong><strong>. &nbsp;<\/strong><\/p>\n\n\n\n<p>La Journ\u00e9e mondiale de pri\u00e8re et de r\u00e9flexion sur la traite des \u00eatres humains a \u00e9t\u00e9 institu\u00e9e en 2015 par le Pape Fran\u00e7ois. La date du 8 f\u00e9vrier correspond \u00e0 la f\u00eate de Sainte Jos\u00e9phine&nbsp;Bakhita, une Soudanaise qui a \u00e9t\u00e9 vendue comme esclave, maltrait\u00e9e puis rendue libre.&nbsp;&nbsp;Selon abb\u00e9 Roger Gomis, de l\u2019archidioc\u00e8se de Dakar, qui est revenu sur l\u2019importance de cette journ\u00e9e pour l\u2019Eglise, la Sainte&nbsp;Jos\u00e9phine&nbsp;Bakhita<strong>&nbsp;<\/strong>est devenue un symbole de libert\u00e9 et une source d\u2019inspiration pour l\u2019ensemble de la communaut\u00e9 internationale engag\u00e9e dans la lutte contre la traite et l\u2019exploitation des personnes.<\/p>\n\n\n\n<p>Abb\u00e9 Roger,<strong>&nbsp;<\/strong>souligne que l\u2019histoire de Sainte Jos\u00e9phine&nbsp;Bakhita&nbsp;est celle d\u2019une femme qui a v\u00e9cu dans sa chair l\u2019horreur de l\u2019esclavage.&nbsp;Enlev\u00e9e \u00e0 sept (07) ans au Soudan, vendue cinq (05) fois,&nbsp;elle a \u00e9t\u00e9&nbsp;tortur\u00e9e jusqu\u2019\u00e0 porter 144 cicatrices sur son corps. Comment garder espoir dans de telles circonstances ?&nbsp;&nbsp;Cette interrogation trouve sa r\u00e9ponse dans le message du Pape Fran\u00e7ois : \u00ab<em>Ce n\u2019est qu\u2019en levant le regard vers le Christ, notre esp\u00e9rance, que nous pouvons trouver la force d\u2019un engagement qui, dans l\u2019obscurit\u00e9, \u0153uvre pour allumer des flammes de lumi\u00e8re<\/em>.\u00bb<\/p>\n\n\n\n<p><strong><em>\u00abNOTRE FOI NOUS ENGAGE A ETRE DES SENTINELLES DE LA DIGNITE HUMAINE\u00bb<\/em><\/strong><\/p>\n\n\n\n<p>Pour abb\u00e9 Roger Gomis, qui donne l\u2019\u00e9clairage de ce message du Pape Fran\u00e7ois, \u00ab<em>C\u2019est exactement ce qu\u2019a v\u00e9cu&nbsp;Bakhita. Lorsqu\u2019elle d\u00e9couvre le Christ en Italie, elle qui n\u2019avait connu que des ma\u00eetres cruels rencontre enfin ce qu\u2019elle appellera tendrement son \u201cParon\u201d \u2013 son v\u00e9ritable Ma\u00eetre. Cette rencontre la transforme si profond\u00e9ment qu\u2019elle devient \u00e0 son tour porteuse d\u2019esp\u00e9rance pour les autres\u00bb<\/em>. Et d\u2019ajouter&nbsp;: \u00ab<em>mais attention, nous dit le Pape Fran\u00e7ois, l\u2019esp\u00e9rance n\u2019est pas une simple consolation. Elle nous pousse \u00e0 l\u2019action. Le Pape Fran\u00e7ois nous appelle \u00e0 devenir des \u201cambassadeurs de l\u2019espoir\u201d. Non pas d\u2019un optimisme na\u00eff, mais d\u2019un engagement lucide. Car,&nbsp;aujourd\u2019hui encore, des millions de personnes, particuli\u00e8rement des femmes et des enfants, sont victimes de la traite\u00bb<\/em>.<\/p>\n\n\n\n<p>De l\u2019avis de l\u2019abb\u00e9 Roger Gomis, le Saint-P\u00e8re invite&nbsp;l\u2019humanit\u00e9 \u00e0 regarder en face cette r\u00e9alit\u00e9&nbsp;qui&nbsp;prend des formes multiples dont l\u2019exploitation sexuelle,&nbsp;le&nbsp;mariage pr\u00e9coce, le mariage forc\u00e9,&nbsp;le&nbsp;travail forc\u00e9,&nbsp;avec&nbsp;ces travailleurs qui semblent priv\u00e9s de libert\u00e9, ces domestiques qu\u2019on ne voit jamais sortir, ces personnes qui paraissent vivre dans la peur, mais aussi le&nbsp;trafic d\u2019organes,&nbsp;la&nbsp;mendicit\u00e9 qui contraint&nbsp;des enfants comme des adultes, la prostitution<em>.&nbsp;\u00abToute ces formes de criminalit\u00e9s&nbsp;se d\u00e9roulent souvent plus pr\u00e8s de nous que nous ne le pensons,&nbsp;derri\u00e8re des apparences&nbsp;parfois&nbsp;respectables. Notre foi nous engage \u00e0 \u00eatre des sentinelles de la dignit\u00e9 humaine\u00bb,<\/em>&nbsp;a d\u00e9clar\u00e9 le pr\u00eatre.<\/p>\n\n\n\n<p><strong>L\u2019ECOUTE, L\u2019ACTION COLLECTIVE ET LA VIGILANCE POUR VENIR A BOUT DE LA TRAITE DES PERSONNES<\/strong><\/p>\n\n\n\n<p>Le message du Pape est sans ambigu\u00eft\u00e9, nous dit abb\u00e9 Roger, car l\u2019Eglise ne peut pas habituer ses fid\u00e8les \u00e0 l\u2019injustice.&nbsp;&nbsp;<em>\u00abLe Pape nous trace un chemin. D\u2019abord, l\u2019\u00e9coute, \u00eatre pr\u00e9sents aupr\u00e8s des victimes, avec compassion et respect. Ensuite, l\u2019action collective, nous unir, comme le font d\u00e9j\u00e0 tant de jeunes \u00e0 travers le monde, pour combattre ce fl\u00e9au. Enfin, la vigilance, dans nos quartiers, nos communaut\u00e9s, nos familles, et oser agir&nbsp;ensemble,&nbsp;avec t\u00e9nacit\u00e9 et amour. \u201d C\u2019est ce qu\u2019a fait&nbsp;Bakhita&nbsp;toute sa vie. Devenue religieuse, celle qu\u2019on appelait affectueusement \u201cla Petite M\u00e8re Noire\u201d a transform\u00e9 sa souffrance en source d\u2019esp\u00e9rance pour les autres\u00bb&nbsp;<\/em>a-t-il fait comprendre.<\/p>\n\n\n\n<p>Et de rench\u00e9rir&nbsp;:&nbsp;\u00ab&nbsp;<em>le Saint-P\u00e8re souligne que la lutte contre la traite n\u00e9cessite des r\u00e9ponses globales et un effort commun. Cela signifie concr\u00e8tement de soutenir les associations sp\u00e9cialis\u00e9es, former nos communaut\u00e9s&nbsp;et nos familles&nbsp;\u00e0 reconna\u00eetre les signes de la traite, accompagner les victimes dans la dur\u00e9e, et travailler avec les autorit\u00e9s pour d\u00e9manteler les r\u00e9seaux criminels.&nbsp;L\u2019enjeu est&nbsp;\u201cd\u2019affaiblir et de contrer les m\u00e9canismes \u00e9conomiques et criminels qui tirent profit de la traite et de l\u2019exploitation<\/em>.&nbsp;\u00bb<\/p>\n\n\n\n<p>Pour Abb\u00e9 Roger, la communaut\u00e9 catholique et celle du monde sont encourag\u00e9es \u00e0 devenir&nbsp;ces&nbsp;<em>\u00abflammes de lumi\u00e8re\u00bb<\/em>&nbsp;dont parle Fran\u00e7ois, qui, mises ensemble, peuvent&nbsp;<em>\u00ab\u00e9clairer la nuit jusqu\u2019\u00e0 ce que l\u2019aube apparaisse. \u201cChacun de nous, l\u00e0 o\u00f9 il est, peut et doit agir, pour&nbsp;devenir ambassadeur d\u2019esp\u00e9rance.&nbsp;Et dans ce sens, l\u2019exemple de&nbsp;Bakhita&nbsp;nous montre que l\u2019esp\u00e9rance est une force de transformation. Elle qui a pardonn\u00e9 \u00e0 ses bourreaux nous apprend que la haine n\u2019a pas le dernier mot.&nbsp;\u201cEnsemble \u2013 confiants dans l\u2019intercession de Sainte&nbsp;Bakhita&nbsp;\u2013 nous pouvons cr\u00e9er les conditions pour que la traite et l\u2019exploitation soient bannies. Que son exemple nous inspire et nous donne le courage d\u2019agir. Car l\u2019esp\u00e9rance dont elle t\u00e9moigne n\u2019est pas un r\u00eave lointain, mais une force qui transforme le monde, un pas apr\u00e8s l\u2019autre, un c\u0153ur apr\u00e8s l\u2019autre\u00bb.&nbsp;<\/em><\/p>\n\n\n\n<p><strong>Denise ZAROUR MEDANG<\/strong><br>SUDQUOTIDIEN<\/p>\n","protected":false},"excerpt":{"rendered":"<p>Au lendemain de la 11e&nbsp;Journ\u00e9e mondiale de pri\u00e8re et de r\u00e9flexion contre la traite des \u00eatres humains, c\u00e9l\u00e9br\u00e9e le 8<\/p>\n","protected":false},"author":1,"featured_media":41129,"comment_status":"open","ping_status":"open","sticky":false,"template":"","format":"standard","meta":{"footnotes":""},"categories":[26],"tags":[],"class_list":["post-51935","post","type-post","status-publish","format-standard","has-post-thumbnail","hentry","category-fait-divers"],"_links":{"self":[{"href":"https:\/\/dekkbi.com\/index.php?rest_route=\/wp\/v2\/posts\/51935","targetHints":{"allow":["GET"]}}],"collection":[{"href":"https:\/\/dekkbi.com\/index.php?rest_route=\/wp\/v2\/posts"}],"about":[{"href":"https:\/\/dekkbi.com\/index.php?rest_route=\/wp\/v2\/types\/post"}],"author":[{"embeddable":true,"href":"https:\/\/dekkbi.com\/index.php?rest_route=\/wp\/v2\/users\/1"}],"replies":[{"embeddable":true,"href":"https:\/\/dekkbi.com\/index.php?rest_route=%2Fwp%2Fv2%2Fcomments&post=51935"}],"version-history":[{"count":1,"href":"https:\/\/dekkbi.com\/index.php?rest_route=\/wp\/v2\/posts\/51935\/revisions"}],"predecessor-version":[{"id":51936,"href":"https:\/\/dekkbi.com\/index.php?rest_route=\/wp\/v2\/posts\/51935\/revisions\/51936"}],"wp:featuredmedia":[{"embeddable":true,"href":"https:\/\/dekkbi.com\/index.php?rest_route=\/wp\/v2\/media\/41129"}],"wp:attachment":[{"href":"https:\/\/dekkbi.com\/index.php?rest_route=%2Fwp%2Fv2%2Fmedia&parent=51935"}],"wp:term":[{"taxonomy":"category","embeddable":true,"href":"https:\/\/dekkbi.com\/index.php?rest_route=%2Fwp%2Fv2%2Fcategories&post=51935"},{"taxonomy":"post_tag","embeddable":true,"href":"https:\/\/dekkbi.com\/index.php?rest_route=%2Fwp%2Fv2%2Ftags&post=51935"}],"curies":[{"name":"wp","href":"https:\/\/api.w.org\/{rel}","templated":true}]}}