{"id":51931,"date":"2025-02-14T15:58:02","date_gmt":"2025-02-14T15:58:02","guid":{"rendered":"https:\/\/dekkbi.com\/?p=51931"},"modified":"2025-02-14T15:58:03","modified_gmt":"2025-02-14T15:58:03","slug":"violences-electorales-2012-toujours-dans-lattente-dune-reparation-pour-les-victimes","status":"publish","type":"post","link":"https:\/\/dekkbi.com\/?p=51931","title":{"rendered":"Violences \u00e9lectorales 2012 : Toujours dans l&rsquo;attente d&rsquo;une r\u00e9paration pour les victimes"},"content":{"rendered":"\n<p>Rokhiatou Gassama, fondatrice du collectif des victimes et familles de victimes des violences \u00e9lectorales de 2012 au S\u00e9n\u00e9gal, salue la volont\u00e9 des nouvelles autorit\u00e9s d\u2019assister les victimes politiques de 2021 et 2023. Cependant, elle d\u00e9plore que celles de 2012 n\u2019aient jamais \u00e9t\u00e9 pleinement indemnis\u00e9es. Elle plaide pour une loi emp\u00eachant toute personne reconnue coupable d\u2019incitation \u00e0 la violence d\u2019acc\u00e9der au pouvoir ou \u00e0 un poste \u00e9lectif.<\/p>\n\n\n\n<p>Rokhiatou Gassama, fondatrice du Collectif des victimes et familles de victimes des violences \u00e9lectorales de 2012 au S\u00e9n\u00e9gal, s\u2019est exprim\u00e9e sur la r\u00e9cente d\u00e9cision des nouvelles autorit\u00e9s d\u2019indemniser les victimes des crises politiques de 2021 et 2023. Pour elle, cette initiative n\u2019est pas mauvaise, mais elle souligne une in\u00e9galit\u00e9 de traitement, car les victimes de 2012 n\u2019ont pas toutes \u00e9t\u00e9 prises en charge par l&rsquo;ancien r\u00e9gime.<\/p>\n\n\n\n<p>Selon le collectif, une quinzaine de personnes avaient perdu la vie lors des violences \u00e9lectorales de 2012, et de nombreux bless\u00e9s avaient \u00e9t\u00e9 recens\u00e9s. Malgr\u00e9 les nombreuses d\u00e9marches entreprises, y compris la saisine de la justice, ces victimes n\u2019ont jamais obtenu r\u00e9paration.<\/p>\n\n\n\n<p>Face \u00e0 cette injustice persistante, Rokhiatou Gassama appelle \u00e0 l\u2019instauration d\u2019une loi ou de m\u00e9canismes emp\u00eachant tout acteur politique impliqu\u00e9 dans la manipulation des jeunes ou dans l\u2019incitation \u00e0 la violence d\u2019acc\u00e9der \u00e0 des fonctions \u00e9lectives ou \u00e0 des postes de pouvoir.<\/p>\n\n\n\n<p>Pour elle, il est urgent de pr\u00e9venir de telles trag\u00e9dies et d\u2019assurer que toutes les victimes de violences politiques, sans distinction d\u2019ann\u00e9e, b\u00e9n\u00e9ficient d\u2019un m\u00eame traitement.<\/p>\n\n\n\n<figure class=\"wp-block-embed is-type-rich is-provider-prise-en-charge-des-contenus-embarqu-s wp-block-embed-prise-en-charge-des-contenus-embarqu-s wp-embed-aspect-16-9 wp-has-aspect-ratio\"><div class=\"wp-block-embed__wrapper\">\n<iframe loading=\"lazy\" title=\"Violences \u00e9lectorales au senegal : Rokhiatou Gassama r\u00e9clame justice pour les victimes de 2012\" width=\"800\" height=\"450\" src=\"https:\/\/www.youtube.com\/embed\/MNLj5_HkHAc?feature=oembed\" frameborder=\"0\" allow=\"accelerometer; autoplay; clipboard-write; encrypted-media; gyroscope; picture-in-picture; web-share\" referrerpolicy=\"strict-origin-when-cross-origin\" allowfullscreen><\/iframe>\n<\/div><\/figure>\n\n\n\n<p>SOURCE IGFM<\/p>\n","protected":false},"excerpt":{"rendered":"<p>Rokhiatou Gassama, fondatrice du collectif des victimes et familles de victimes des violences \u00e9lectorales de 2012 au S\u00e9n\u00e9gal, salue la<\/p>\n","protected":false},"author":1,"featured_media":51933,"comment_status":"open","ping_status":"open","sticky":false,"template":"","format":"standard","meta":{"footnotes":""},"categories":[21],"tags":[],"class_list":["post-51931","post","type-post","status-publish","format-standard","has-post-thumbnail","hentry","category-societe"],"_links":{"self":[{"href":"https:\/\/dekkbi.com\/index.php?rest_route=\/wp\/v2\/posts\/51931","targetHints":{"allow":["GET"]}}],"collection":[{"href":"https:\/\/dekkbi.com\/index.php?rest_route=\/wp\/v2\/posts"}],"about":[{"href":"https:\/\/dekkbi.com\/index.php?rest_route=\/wp\/v2\/types\/post"}],"author":[{"embeddable":true,"href":"https:\/\/dekkbi.com\/index.php?rest_route=\/wp\/v2\/users\/1"}],"replies":[{"embeddable":true,"href":"https:\/\/dekkbi.com\/index.php?rest_route=%2Fwp%2Fv2%2Fcomments&post=51931"}],"version-history":[{"count":1,"href":"https:\/\/dekkbi.com\/index.php?rest_route=\/wp\/v2\/posts\/51931\/revisions"}],"predecessor-version":[{"id":51934,"href":"https:\/\/dekkbi.com\/index.php?rest_route=\/wp\/v2\/posts\/51931\/revisions\/51934"}],"wp:featuredmedia":[{"embeddable":true,"href":"https:\/\/dekkbi.com\/index.php?rest_route=\/wp\/v2\/media\/51933"}],"wp:attachment":[{"href":"https:\/\/dekkbi.com\/index.php?rest_route=%2Fwp%2Fv2%2Fmedia&parent=51931"}],"wp:term":[{"taxonomy":"category","embeddable":true,"href":"https:\/\/dekkbi.com\/index.php?rest_route=%2Fwp%2Fv2%2Fcategories&post=51931"},{"taxonomy":"post_tag","embeddable":true,"href":"https:\/\/dekkbi.com\/index.php?rest_route=%2Fwp%2Fv2%2Ftags&post=51931"}],"curies":[{"name":"wp","href":"https:\/\/api.w.org\/{rel}","templated":true}]}}