{"id":51926,"date":"2025-02-14T15:53:47","date_gmt":"2025-02-14T15:53:47","guid":{"rendered":"https:\/\/dekkbi.com\/?p=51926"},"modified":"2025-02-14T16:09:12","modified_gmt":"2025-02-14T16:09:12","slug":"visite-des-deputes-de-la-commission-du-developpement-durable-a-la-gco-nous-reaffirmons-notre-volonte-doeuvrer-pour-le-bien-etre-des-populations-frederic-zanklan","status":"publish","type":"post","link":"https:\/\/dekkbi.com\/?p=51926","title":{"rendered":"Visite des d\u00e9put\u00e9s de la commission du d\u00e9veloppement durable \u00e0 la GCO"},"content":{"rendered":"\n<p>: \u00ab\u00a0Nous r\u00e9affirmons notre volont\u00e9 d\u2019\u0153uvrer pour le bien-\u00eatre des populations\u00a0\u00bb (Fr\u00e9d\u00e9ric Zanklan) &#8211; Les parlementaires de la commission du d\u00e9veloppement durable et de la transition \u00e9cologique de l\u2019Assembl\u00e9e nationale ont visit\u00e9, hier, le site d\u2019\u00c9ramet Grande C\u00f4te (GCO). Au cours de leur d\u00e9placement dans cette zone, ils ont eu l\u2019occasion de rencontrer les populations locales afin de s\u2019enqu\u00e9rir de leurs pr\u00e9occupations li\u00e9es \u00e0 l\u2019environnement.\u00a0\u00a0<\/p>\n\n\n\n<p>\u00ab Dans le cadre des missions de la commission, nous sommes venus aujourd\u2019hui \u00e0 la GCO pour \u00e9valuer l\u2019exploitation, notamment en ce qui concerne son impact environnemental. Mais avant de nous rendre sur place, nous avons rencontr\u00e9 la population pour comprendre leurs inqui\u00e9tudes relatives \u00e0 cette exploitation. Nous avons \u00e9cout\u00e9 attentivement leurs diff\u00e9rentes pr\u00e9occupations, et nous sommes maintenant ici, sur le site de la GCO. [&#8230;] Le directeur a d\u2019abord fait une pr\u00e9sentation, accompagn\u00e9 de ses experts, sur les questions li\u00e9es \u00e0 l\u2019environnement, en particulier la restauration des terres d\u00e9j\u00e0 exploit\u00e9es. Nous avons constat\u00e9 qu\u2019ils d\u00e9ploient des efforts remarquables dans ce domaine \u00bb, a d\u00e9clar\u00e9 l\u2019honorable d\u00e9put\u00e9e Amy Ndiaye, pr\u00e9sidente de la commission du d\u00e9veloppement durable et de la transition \u00e9cologique de l\u2019Assembl\u00e9e nationale.&nbsp;&nbsp;<\/p>\n\n\n\n<p>Ainsi, les membres de cette commission se sont engag\u00e9s \u00e0 plaider en faveur de la pr\u00e9servation de l\u2019environnement.&nbsp;&nbsp;<\/p>\n\n\n\n<p>Pour sa part, le directeur g\u00e9n\u00e9ral d\u2019\u00c9ramet Grande C\u00f4te, Fr\u00e9d\u00e9ric Zanklan, s\u2019est r\u00e9joui de cette initiative, qui t\u00e9moigne, selon lui, de la transparence de leur d\u00e9marche.&nbsp;&nbsp;<\/p>\n\n\n\n<p>\u00ab Permettez-moi de remercier les parlementaires de la commission du d\u00e9veloppement durable pour cette initiative. Ils jouent pleinement leur r\u00f4le d\u2019\u00e9lus du peuple en venant s\u2019informer de la situation dans cette zone. C\u2019est la troisi\u00e8me d\u00e9l\u00e9gation de parlementaires que nous recevons, ce qui d\u00e9montre notre engagement en faveur de la transparence. Nous n\u2019avons rien \u00e0 cacher. [&#8230;] Nous r\u00e9affirmons notre volont\u00e9 d\u2019\u0153uvrer pour le bien-\u00eatre des populations et de g\u00e9n\u00e9rer des retomb\u00e9es positives pour elles. Nous avons pris note de certaines dol\u00e9ances, qui sont fond\u00e9es, et sur lesquelles nous allons travailler. [&#8230;] Je pense que cette discussion a \u00e9t\u00e9 tr\u00e8s fructueuse, permettant \u00e0 chacun d\u2019avoir une vision claire de la situation dans cette zone \u00bb, a-t-il d\u00e9clar\u00e9.<\/p>\n\n\n\n<figure class=\"wp-block-embed is-type-rich is-provider-prise-en-charge-des-contenus-embarqu-s wp-block-embed-prise-en-charge-des-contenus-embarqu-s wp-embed-aspect-16-9 wp-has-aspect-ratio\"><div class=\"wp-block-embed__wrapper\">\n<iframe loading=\"lazy\" title=\"Visite des d\u00e9put\u00e9s de la commission du d\u00e9veloppement durable \u00e0 la GCO: &quot; Nous r\u00e9affirmons notre\" width=\"800\" height=\"450\" src=\"https:\/\/www.youtube.com\/embed\/GVm3tSbC7oE?feature=oembed\" frameborder=\"0\" allow=\"accelerometer; autoplay; clipboard-write; encrypted-media; gyroscope; picture-in-picture; web-share\" referrerpolicy=\"strict-origin-when-cross-origin\" allowfullscreen><\/iframe>\n<\/div><\/figure>\n\n\n\n<p>SOURCE DAKARACTU<\/p>\n","protected":false},"excerpt":{"rendered":"<p>: \u00ab\u00a0Nous r\u00e9affirmons notre volont\u00e9 d\u2019\u0153uvrer pour le bien-\u00eatre des populations\u00a0\u00bb (Fr\u00e9d\u00e9ric Zanklan) &#8211; Les parlementaires de la commission du<\/p>\n","protected":false},"author":1,"featured_media":51929,"comment_status":"open","ping_status":"open","sticky":false,"template":"","format":"standard","meta":{"footnotes":""},"categories":[21],"tags":[],"class_list":["post-51926","post","type-post","status-publish","format-standard","has-post-thumbnail","hentry","category-societe"],"_links":{"self":[{"href":"https:\/\/dekkbi.com\/index.php?rest_route=\/wp\/v2\/posts\/51926","targetHints":{"allow":["GET"]}}],"collection":[{"href":"https:\/\/dekkbi.com\/index.php?rest_route=\/wp\/v2\/posts"}],"about":[{"href":"https:\/\/dekkbi.com\/index.php?rest_route=\/wp\/v2\/types\/post"}],"author":[{"embeddable":true,"href":"https:\/\/dekkbi.com\/index.php?rest_route=\/wp\/v2\/users\/1"}],"replies":[{"embeddable":true,"href":"https:\/\/dekkbi.com\/index.php?rest_route=%2Fwp%2Fv2%2Fcomments&post=51926"}],"version-history":[{"count":2,"href":"https:\/\/dekkbi.com\/index.php?rest_route=\/wp\/v2\/posts\/51926\/revisions"}],"predecessor-version":[{"id":51945,"href":"https:\/\/dekkbi.com\/index.php?rest_route=\/wp\/v2\/posts\/51926\/revisions\/51945"}],"wp:featuredmedia":[{"embeddable":true,"href":"https:\/\/dekkbi.com\/index.php?rest_route=\/wp\/v2\/media\/51929"}],"wp:attachment":[{"href":"https:\/\/dekkbi.com\/index.php?rest_route=%2Fwp%2Fv2%2Fmedia&parent=51926"}],"wp:term":[{"taxonomy":"category","embeddable":true,"href":"https:\/\/dekkbi.com\/index.php?rest_route=%2Fwp%2Fv2%2Fcategories&post=51926"},{"taxonomy":"post_tag","embeddable":true,"href":"https:\/\/dekkbi.com\/index.php?rest_route=%2Fwp%2Fv2%2Ftags&post=51926"}],"curies":[{"name":"wp","href":"https:\/\/api.w.org\/{rel}","templated":true}]}}