{"id":51911,"date":"2025-02-14T15:39:25","date_gmt":"2025-02-14T15:39:25","guid":{"rendered":"https:\/\/dekkbi.com\/?p=51911"},"modified":"2025-02-14T16:03:37","modified_gmt":"2025-02-14T16:03:37","slug":"auditionne-hier-par-le-pjf-farba-ngom-retourne-dans-15-jours","status":"publish","type":"post","link":"https:\/\/dekkbi.com\/?p=51911","title":{"rendered":"Auditionn\u00e9 hier par le Pjf : Farba Ngom retourne dans 15 jours"},"content":{"rendered":"\n<p><strong>Apr\u00e8s avoir \u00e9t\u00e9 entendu hier&nbsp;&nbsp;par les juges d\u2019instruction du Pool judiciaire financier (Pjf), le d\u00e9put\u00e9 Farba Ngom est rentr\u00e9 chez lui. Dans une quinzaine de jours, le parlementaire reviendra r\u00e9pondre \u00e0 une autre convocation des magistrats instructeurs du Pjf. Cette convocation du d\u00e9put\u00e9 fait suite \u00e0 une suppos\u00e9e affaire de blanchiment d\u2019argent portant sur 125 milliards.<\/strong><strong>Par Amadou MBODJI \u2013&nbsp;<\/strong><\/p>\n\n\n\n<p>Le d\u00e9put\u00e9 Farba Ngom pourrait \u00eatre \u00e9difi\u00e9 sur son sort, dans quinze jours, \u00e0 l\u2019issue d\u2019une deuxi\u00e8me convocation pour faire face aux juges d\u2019instruction du Pool judiciaire financier (Pjf). C\u2019est ce qui ressort du premier face-\u00e0-face qu\u2019il a eu hier avec ces derniers, hier.<\/p>\n\n\n\n<p>Apr\u00e8s son audition&nbsp; &nbsp;par les magistrats instructeurs du Pool judiciaire financier,&nbsp;Farba Ngom est&nbsp; rentr\u00e9 chez lui, apr\u00e8s y avoir \u00e9t\u00e9 accompagn\u00e9 par ses avocats pour sa d\u00e9fense.<\/p>\n\n\n\n<p>\u00abNotre client rentre chez lui, avec nous, et nous esp\u00e9rons pouvoir nous reposer. Nous nous retrouverons avec les juges dans 15 jours pour poursuivre les \u00e9clairages que nous devons apporter \u00e0 notre soci\u00e9t\u00e9\u00bb, soutient Me Doudou Ndoye.<\/p>\n\n\n\n<p>Faisant le point sur son face-\u00e0-face avec les juges d\u2019instruction du Pjf, Me Doudou Ndoye n\u2019a pas pr\u00e9cis\u00e9 les charges retenues contre son client. Il s\u2019est tout simplement content\u00e9 d\u2019invoquer&nbsp; le secret de l\u2019instruction et son obligation de r\u00e9serve.&nbsp;&nbsp;\u00abLes avocats sont tenus par le secret de l\u2019instruction\u00bb, affirme la robe noire. Avant de poursuivre en ces termes : \u00abJe ne vais pas r\u00e9v\u00e9ler ici les charges retenues contre mon client. Je sais aussi que mes confr\u00e8res ne divulgueront pas les d\u00e9tails de cette audition.\u00bb<\/p>\n\n\n\n<p>Quant \u00e0&nbsp;Modou Mback\u00e9 Bara Dolly devant le Pjf, il a fait une r\u00e9v\u00e9lation concernant&nbsp; Farba Ngom, en d\u00e9taillant leur relation dans le cadre de transactions immobili\u00e8res. Il d\u00e9\u00adclare&nbsp;avoir vendu un terrain de 500 m\u00b2 \u00e0 Farba Ngom pr\u00e8s de l\u2019a\u00e9roport, bien avant que ce dernier ne soit impliqu\u00e9 dans des affaires judiciaires. \u00abJe ne me cache pas, je n\u2019ai peur que de Dieu, je n\u2019ai peur de personne\u00bb, a d\u00e9clar\u00e9 Modou Bara Dolly, en rappelant ses liens avec l\u2019ex-Pr\u00e9sident Abdoulaye Wade, et en insistant sur le fait que cette vente de terrain s\u2019est faite \u00aben toute transparence\u00bb, bien avant que Farba Ngom ne soit politiquement expos\u00e9.<\/p>\n\n\n\n<p>Modou Bara Dolly en a profit\u00e9 \u00e9galement pour&nbsp;d\u00e9fendre Farba Ngom en soutenant que c\u2019est&nbsp;\u00abun travailleur acharn\u00e9 et n\u2019avait jamais occup\u00e9 de poste gouvernemental durant ces sept derni\u00e8res ann\u00e9es\u00bb.<\/p>\n\n\n\n<p>Pour M. Mback\u00e9, l\u2019urgence \u00abc\u2019est de r\u00e9gler les 1000 milliards qui sont apparus dans un compte\u00bb, d\u00e9non\u00e7ant les d\u00e9rives politiques qui d\u00e9tournent l\u2019attention des vrais enjeux du S\u00e9n\u00e9gal. Il appelle \u00e0 se concentrer sur des priorit\u00e9s telles que la crise universitaire, les difficult\u00e9s des marchands ambulants et la d\u00e9tresse des conducteurs de Jakarta, plut\u00f4t que de faire focus sur des querelles internes. Un message lanc\u00e9 pour demander \u00e0 la classe politique de bannir les r\u00e8glements de comptes.&nbsp;\u00abIl est temps de mettre fin aux r\u00e8glements de comptes et de nous concentrer sur ce qui compte vraiment.\u00bb Il pr\u00e9vient aussi que si ces conflits politiques continuaient, ils risqueraient de faire du S\u00e9n\u00e9gal un terrain de lutte incessante. \u00abSi on laisse passer cela, demain ce sera moi, un autre jour un autre, et ainsi de suite\u00bb, a conclu l\u2019ancien parlementaire, soulignant que le pays avait besoin de solutions concr\u00e8tes plut\u00f4t que de divisions incessantes.<\/p>\n\n\n\n<p>Coups de lacrymog\u00e8nes, un oncle de Farba bless\u00e9 au menton<br>La tension \u00e9tait palpable aux alentours des locaux du Pjf. Les partisans du d\u00e9put\u00e9 et maire des Agnam, venus apporter leur soutien \u00e0 leur leader politique, ont \u00e9t\u00e9 dispers\u00e9s \u00e0 coups de lacrymog\u00e8nes par la police.&nbsp;Un oncle de Farba Ngom a \u00e9t\u00e9 bless\u00e9 au menton.<\/p>\n\n\n\n<p>L\u2019ancien ministre-conseiller, Oumar Sow, qui a livr\u00e9 l\u2019information relative \u00e0 l\u2019oncle du d\u00e9put\u00e9, a par ailleurs fustig\u00e9 l\u2019attitude d\u2019anciens ministres de la R\u00e9publique pour leur manque d\u2019implication dans le soutien \u00e0 apporter \u00e0 Farba Ngom qui, selon lui, est victime d\u2019un acharnement de la part du r\u00e9gime qui, en dix mois, soutient-il, \u00aba arr\u00eat\u00e9 pr\u00e8s de 200 personnes\u00bb.<\/p>\n\n\n\n<p>Apr\u00e8s avoir fait l\u2019objet d\u2019une arrestation, Oumar Sow se dit pr\u00eat \u00e0 retourner en prison, car il continuera, souligne-t-il, \u00ab\u00e0 d\u00e9noncer\u00bb ce r\u00e9gime, qui \u00abn\u2019est m\u00fb que par une volont\u00e9 de casser de l\u2019opposition\u00bb.<\/p>\n\n\n\n<p>La convocation de Farba Ngom au Pjf intervient \u00e0 la suite d\u2019un rapport de la Centif sur une suppos\u00e9e affaire de blanchiment d\u2019argent dans laquelle son nom est cit\u00e9. C\u2019est ainsi que le minist\u00e8re de la Justice a demand\u00e9 et obtenu la lev\u00e9e de l\u2019immunit\u00e9 parlementaire du d\u00e9put\u00e9 de \u00abTakku Wallu\u00bb, suite \u00e0 un vote l\u2019Assembl\u00e9e nationale.<\/p>\n\n\n\n<p><strong>ambodji@lequotidien.sn<\/strong><\/p>\n","protected":false},"excerpt":{"rendered":"<p>Apr\u00e8s avoir \u00e9t\u00e9 entendu hier&nbsp;&nbsp;par les juges d\u2019instruction du Pool judiciaire financier (Pjf), le d\u00e9put\u00e9 Farba Ngom est rentr\u00e9 chez<\/p>\n","protected":false},"author":1,"featured_media":50719,"comment_status":"open","ping_status":"open","sticky":false,"template":"","format":"standard","meta":{"footnotes":""},"categories":[26],"tags":[],"class_list":["post-51911","post","type-post","status-publish","format-standard","has-post-thumbnail","hentry","category-fait-divers"],"_links":{"self":[{"href":"https:\/\/dekkbi.com\/index.php?rest_route=\/wp\/v2\/posts\/51911","targetHints":{"allow":["GET"]}}],"collection":[{"href":"https:\/\/dekkbi.com\/index.php?rest_route=\/wp\/v2\/posts"}],"about":[{"href":"https:\/\/dekkbi.com\/index.php?rest_route=\/wp\/v2\/types\/post"}],"author":[{"embeddable":true,"href":"https:\/\/dekkbi.com\/index.php?rest_route=\/wp\/v2\/users\/1"}],"replies":[{"embeddable":true,"href":"https:\/\/dekkbi.com\/index.php?rest_route=%2Fwp%2Fv2%2Fcomments&post=51911"}],"version-history":[{"count":1,"href":"https:\/\/dekkbi.com\/index.php?rest_route=\/wp\/v2\/posts\/51911\/revisions"}],"predecessor-version":[{"id":51912,"href":"https:\/\/dekkbi.com\/index.php?rest_route=\/wp\/v2\/posts\/51911\/revisions\/51912"}],"wp:featuredmedia":[{"embeddable":true,"href":"https:\/\/dekkbi.com\/index.php?rest_route=\/wp\/v2\/media\/50719"}],"wp:attachment":[{"href":"https:\/\/dekkbi.com\/index.php?rest_route=%2Fwp%2Fv2%2Fmedia&parent=51911"}],"wp:term":[{"taxonomy":"category","embeddable":true,"href":"https:\/\/dekkbi.com\/index.php?rest_route=%2Fwp%2Fv2%2Fcategories&post=51911"},{"taxonomy":"post_tag","embeddable":true,"href":"https:\/\/dekkbi.com\/index.php?rest_route=%2Fwp%2Fv2%2Ftags&post=51911"}],"curies":[{"name":"wp","href":"https:\/\/api.w.org\/{rel}","templated":true}]}}