{"id":51863,"date":"2025-02-13T11:11:12","date_gmt":"2025-02-13T11:11:12","guid":{"rendered":"https:\/\/dekkbi.com\/?p=51863"},"modified":"2025-02-13T11:16:11","modified_gmt":"2025-02-13T11:16:11","slug":"rd-congo-le-m23-avance-dans-lest-le-burundi-met-en-garde-le-rwanda","status":"publish","type":"post","link":"https:\/\/dekkbi.com\/?p=51863","title":{"rendered":"R\u00e9publique D\u00e9mocratique de Congo : le M23 avance dans l&rsquo;est, le Burundi met en garde le Rwanda"},"content":{"rendered":"\n<p>Le M23 et les forces rwandaises poursuivent leur avanc\u00e9e dans l&rsquo;est de la RDC mercredi 12 f\u00e9vrier 2025, prenant de nouvelles localit\u00e9s strat\u00e9giques. Face \u00e0 cette escalade, Kinshasa appelle \u00e0 une r\u00e9union d&rsquo;urgence, tandis que le Burundi menace de riposter \u00e0 toute attaque.<\/p>\n\n\n\n<p>Le groupe arm\u00e9 M23 et les forces rwandaises ont effectu\u00e9 mercredi 12 f\u00e9vrier 2025 une nouvelle avanc\u00e9e dans l&rsquo;est de la R\u00e9publique d\u00e9mocratique du Congo (RDC). Le Burundi, qui a d\u00e9ploy\u00e9 des soldats en appui \u00e0 l&rsquo;arm\u00e9e congolaise, a menac\u00e9 Kigali de r\u00e9pondre en cas d&rsquo;attaque.<\/p>\n\n\n\n<p>Le groupe arm\u00e9 antigouvernemental M23 (<em>\u00ab\u00a0Mouvement du 23 mars\u00a0\u00bb<\/em>), qui n&rsquo;a cess\u00e9 de gagner du terrain face \u00e0 l&rsquo;arm\u00e9e congolaise depuis sa r\u00e9surgence fin 2021, s&rsquo;est empar\u00e9 de deux localit\u00e9s situ\u00e9es sur la principale route menant \u00e0 Bukavu, capitale de la province du Sud-Kivu distante d&rsquo;une soixantaine de kilom\u00e8tres, a appris l&rsquo;AFP de sources locales et humanitaires.<\/p>\n\n\n\n<h3 class=\"wp-block-heading\">Une avanc\u00e9e rapide du M23<\/h3>\n\n\n\n<p>Les localit\u00e9s de Ihusi et Kalehe, o\u00f9 le front s&rsquo;\u00e9tait stabilis\u00e9 ces derniers jours, ont \u00e9t\u00e9 investies par les troupes du M23 et des soldats rwandais, qui continuent de progresser sur la route nationale 2 longeant le Lac Kivu, selon ces sources.<\/p>\n\n\n\n<p>Les combattants du M23&nbsp;<em>\u00ab\u00a0sont nombreux\u00a0\u00bb<\/em>&nbsp;et&nbsp;<em>\u00ab\u00a0ne d\u00e9rangent personne, on les voit circuler sans dire un mot \u00e0 la population\u00a0\u00bb<\/em>, a d\u00e9clar\u00e9 \u00e0 l&rsquo;AFP un habitant de Kalehe joint par t\u00e9l\u00e9phone.<\/p>\n\n\n\n<p>Kinshasa a demand\u00e9 mercredi dans un communiqu\u00e9&nbsp;<em>\u00ab\u00a0une r\u00e9union d&rsquo;urgence\u00a0\u00bb<\/em>&nbsp;de la Communaut\u00e9 de d\u00e9veloppement de l&rsquo;Afrique australe (<em>SADC<\/em>) et de la Communaut\u00e9 d&rsquo;Afrique de l&rsquo;Est (<em>EAC<\/em>) afin d&rsquo;<em>\u00ab\u00a0\u00e9valuer la situation et tirer les cons\u00e9quences de ce nouvel acte d\u2019agression\u00a0\u00bb<\/em>&nbsp;et r\u00e9clam\u00e9 des sanctions.<\/p>\n\n\n\n<p>R\u00e9unis samedi en sommet en Tanzanie, les dirigeants d&rsquo;Afrique australe et de l&rsquo;Est avaient appel\u00e9 leurs \u00e9tats-majors \u00e0 proposer un plan d&rsquo;application d&rsquo;un cessez-le-feu&nbsp;<em>\u00ab\u00a0inconditionnel\u00a0\u00bb<\/em>&nbsp;d&rsquo;ici jeudi.<\/p>\n\n\n\n<p>Les affrontements avaient baiss\u00e9 d&rsquo;intensit\u00e9 pendant deux jours apr\u00e8s le sommet, avant de reprendre mardi dans le territoire de Kalehe, \u00e0 une trentaine de kilom\u00e8tres de l&rsquo;a\u00e9roport strat\u00e9gique de Kavumu encore tenu par les forces congolaises.<\/p>\n\n\n\n<h3 class=\"wp-block-heading\">\u00ab\u00a0Nous allons l&rsquo;attaquer\u00a0\u00bb<\/h3>\n\n\n\n<p>Le Burundi, frontalier de la RDC et du Rwanda, a d\u00e9ploy\u00e9 environ 10 000 militaires dans le Sud-Kivu. Ses troupes ont \u00e9t\u00e9 impliqu\u00e9es ces derniers jours dans des combats contre le M23 dans les plateaux surplombant le lac Kivu, selon des sources s\u00e9curitaires.<\/p>\n\n\n\n<p><em>\u00ab\u00a0Celui qui va nous attaquer, nous allons l&rsquo;attaquer\u00a0\u00bb<\/em>, a d\u00e9clar\u00e9 le pr\u00e9sident du Burundi Evariste Ndayishimiye, devant des habitants de Bugabira (Nord), une commune frontali\u00e8re du Rwanda, qu&rsquo;il a aussi qualifi\u00e9 de&nbsp;<em>\u00ab\u00a0mauvais voisin\u00a0\u00bb<\/em>&nbsp;dans un discours diffus\u00e9 mercredi par des m\u00e9dias locaux.<\/p>\n\n\n\n<p>Evariste Ndayishimiye avait dit redouter d\u00e9but f\u00e9vrier que le conflit en RDC ne d\u00e9clenche une guerre r\u00e9gionale.<\/p>\n\n\n\n<h3 class=\"wp-block-heading\">La situation des d\u00e9plac\u00e9s \u00e0 Goma<\/h3>\n\n\n\n<p>A Goma, tomb\u00e9e aux mains du M23 fin janvier, les camps de d\u00e9plac\u00e9s situ\u00e9s dans la p\u00e9riph\u00e9rie ouest de la capitale du Nord-Kivu ont continu\u00e9 \u00e0 se vider, le M23 ayant adress\u00e9 lundi un ultimatum de 72 heures pour quitter les lieux.<\/p>\n\n\n\n<p>Dans le camp de Bulengo, des familles prenaient mercredi la route de l&rsquo;ouest \u00e0 bord de camions ou de motos, apr\u00e8s avoir d\u00e9mont\u00e9 leurs tentes et leurs abris, ont constat\u00e9 des journalistes de l&rsquo;AFP.<\/p>\n\n\n\n<p><em>\u00ab\u00a0Nous avons pleur\u00e9 en leur disant qu&rsquo;ici il y a des handicap\u00e9s, des vieillards, mais ils nous ont dit de partir comme nous sommes venus\u00a0\u00bb<\/em>, a d\u00e9plor\u00e9 Chantal Uwimana, m\u00e8re de dix enfants.<\/p>\n\n\n\n<p>Dans un h\u00f4tel du centre de Goma, une d\u00e9l\u00e9gation de repr\u00e9sentants religieux congolais venue de Kinshasa s&rsquo;est entretenue mercredi avec le coordinateur de la plateforme politico-militaire dont le M23 fait partie, Corneille Nangaa. Kinshasa rejette jusqu&rsquo;ici un dialogue direct avec le groupe arm\u00e9.<\/p>\n\n\n\n<p><em>\u00ab\u00a0Notre priorit\u00e9 c&rsquo;est la paix, voil\u00e0 pourquoi nous sommes venus les \u00e9couter, voir comment les gens vivent ici\u00a0\u00bb<\/em>, a d\u00e9clar\u00e9 Fulgence Muteba, pr\u00e9sident de la Conf\u00e9rence \u00e9piscopale nationale du Congo (<em>Cenco<\/em>).<\/p>\n\n\n\n<p><em>\u00ab\u00a0Il y a beaucoup de choses qui pourront \u00eatre r\u00e9gl\u00e9es si les Congolais se mettent autour d&rsquo;une table\u00a0\u00bb,<\/em>&nbsp;a-t-il ajout\u00e9, assurant que le pr\u00e9sident congolais F\u00e9lix Tshisekedi&nbsp;<em>\u00ab\u00a0a encourag\u00e9 l&rsquo;initiative\u00a0\u00bb<\/em>.<\/p>\n","protected":false},"excerpt":{"rendered":"<p>Le M23 et les forces rwandaises poursuivent leur avanc\u00e9e dans l&rsquo;est de la RDC mercredi 12 f\u00e9vrier 2025, prenant de<\/p>\n","protected":false},"author":1,"featured_media":9588,"comment_status":"open","ping_status":"open","sticky":false,"template":"","format":"standard","meta":{"footnotes":""},"categories":[51],"tags":[],"class_list":["post-51863","post","type-post","status-publish","format-standard","has-post-thumbnail","hentry","category-general"],"_links":{"self":[{"href":"https:\/\/dekkbi.com\/index.php?rest_route=\/wp\/v2\/posts\/51863","targetHints":{"allow":["GET"]}}],"collection":[{"href":"https:\/\/dekkbi.com\/index.php?rest_route=\/wp\/v2\/posts"}],"about":[{"href":"https:\/\/dekkbi.com\/index.php?rest_route=\/wp\/v2\/types\/post"}],"author":[{"embeddable":true,"href":"https:\/\/dekkbi.com\/index.php?rest_route=\/wp\/v2\/users\/1"}],"replies":[{"embeddable":true,"href":"https:\/\/dekkbi.com\/index.php?rest_route=%2Fwp%2Fv2%2Fcomments&post=51863"}],"version-history":[{"count":2,"href":"https:\/\/dekkbi.com\/index.php?rest_route=\/wp\/v2\/posts\/51863\/revisions"}],"predecessor-version":[{"id":51868,"href":"https:\/\/dekkbi.com\/index.php?rest_route=\/wp\/v2\/posts\/51863\/revisions\/51868"}],"wp:featuredmedia":[{"embeddable":true,"href":"https:\/\/dekkbi.com\/index.php?rest_route=\/wp\/v2\/media\/9588"}],"wp:attachment":[{"href":"https:\/\/dekkbi.com\/index.php?rest_route=%2Fwp%2Fv2%2Fmedia&parent=51863"}],"wp:term":[{"taxonomy":"category","embeddable":true,"href":"https:\/\/dekkbi.com\/index.php?rest_route=%2Fwp%2Fv2%2Fcategories&post=51863"},{"taxonomy":"post_tag","embeddable":true,"href":"https:\/\/dekkbi.com\/index.php?rest_route=%2Fwp%2Fv2%2Ftags&post=51863"}],"curies":[{"name":"wp","href":"https:\/\/api.w.org\/{rel}","templated":true}]}}