{"id":51860,"date":"2025-02-13T11:09:49","date_gmt":"2025-02-13T11:09:49","guid":{"rendered":"https:\/\/dekkbi.com\/?p=51860"},"modified":"2025-02-13T11:09:49","modified_gmt":"2025-02-13T11:09:49","slug":"conflit-au-proche-orient-le-ministre-de-la-defense-israelien-menace-de-reprendre-la-guerre-si-le-hamas-ne-libere-pas-les-otages","status":"publish","type":"post","link":"https:\/\/dekkbi.com\/?p=51860","title":{"rendered":"Conflit au Proche-Orient\u00a0: le ministre de la D\u00e9fense isra\u00e9lien menace de reprendre la guerre si le Hamas ne lib\u00e8re pas les otages"},"content":{"rendered":"\n<p>Le mouvement islamiste palestinien, de son c\u00f4t\u00e9, a rejet\u00e9 ces menaces et appel\u00e9 Isra\u00ebl \u00e0 \u00ab\u00a0s&rsquo;engager \u00e0 appliquer les termes de l&rsquo;accord de cessez-le-feu afin que [les otages] soient lib\u00e9r\u00e9s\u00a0\u00bb.<\/p>\n\n\n\n<p>Ce qu&rsquo;il faut savoir<\/p>\n\n\n\n<p>La tr\u00eave semble de plus en plus fragile \u00e0 Gaza.&nbsp;Le ministre de la D\u00e9fense isra\u00e9lien, Isra\u00ebl Katz, a menac\u00e9, mercredi 12 f\u00e9vrier, de reprendre la guerre<em>&nbsp;<\/em>si le Hamas ne lib\u00e8re pas les otages, confirmant les propos du Premier ministre, Benjamin N\u00e9tanyahou, qui a fix\u00e9 l&rsquo;ultimatum \u00e0 samedi.&nbsp;<em>\u00ab\u00a0Si le Hamas ne lib\u00e8re pas les otages isra\u00e9liens d&rsquo;ici \u00e0 samedi, les portes de l&rsquo;enfer s&rsquo;ouvriront, comme l&rsquo;a promis le pr\u00e9sident am\u00e9ricain\u00a0\u00bb<\/em>, a d\u00e9clar\u00e9 Isra\u00ebl Katz.<\/p>\n\n\n\n<p><strong>Le Hamas rejette les \u00ab\u00a0menaces\u00a0\u00bb d&rsquo;Isra\u00ebl et des Etats-Unis.<\/strong>&nbsp;Le mouvement islamiste palestinien a affirm\u00e9, mercredi, qu&rsquo;il<em>&nbsp;\u00ab\u00a0n&rsquo;accepterait pas\u00a0\u00bb<\/em>&nbsp;les<em>&nbsp;\u00ab\u00a0menaces\u00a0\u00bb<\/em>&nbsp;d&rsquo;Isra\u00ebl et des Etats-Unis au sujet de la tr\u00eave \u00e0 Gaza.&nbsp;<em>\u00ab\u00a0Isra\u00ebl doit s&rsquo;engager \u00e0 appliquer les termes de l&rsquo;accord de cessez-le-feu afin que&nbsp;<\/em>[les otages]<em>&nbsp;soient lib\u00e9r\u00e9s\u00a0\u00bb<\/em>, a d\u00e9clar\u00e9 le porte-parole du mouvement. De son c\u00f4t\u00e9, la branche arm\u00e9e du Jihad islamique a martel\u00e9 dans une vid\u00e9o que le sort des otages d\u00e9pendait des&nbsp;<em>\u00ab\u00a0actions de Netanyahu\u00a0\u00bb.<\/em>&nbsp;<\/p>\n\n\n\n<p><strong>Donald Trump d\u00e9fend son projet \u00ab\u00a0majestueux\u00a0\u00bb de d\u00e9placement des Palestiniens.<\/strong>&nbsp;Selon Isra\u00ebl, de nouveaux combats&nbsp;<em>\u00ab\u00a0permettront\u00a0\u00bb<\/em>&nbsp;la r\u00e9alisation du projet tr\u00e8s critiqu\u00e9 de Donald Trump, \u00e0 savoir le d\u00e9placement des Palestiniens de la bande de Gaza pour en faire la&nbsp;<em>\u00ab\u00a0C\u00f4te d&rsquo;Azur du Moyen-Orient\u00a0\u00bb<\/em>. Pour la porte-parole de la Maison Blanche,&nbsp;<em>\u00ab\u00a0l<\/em><em>e pr\u00e9sident pense qu&rsquo;il serait bien mieux et plus majestueux que ces Palestiniens puissent \u00eatre d\u00e9plac\u00e9s vers des zones plus s\u00fbres\u00a0\u00bb<\/em>.&nbsp;Le mouvement islamiste palestinien a appelle de son c\u00f4t\u00e9 \u00e0 des&nbsp;<em>\u00ab\u00a0marches de solidarit\u00e9\u00a0\u00bb<\/em>&nbsp;\u00e0 travers le monde, ce week-end, pour protester contre le projet am\u00e9ricain.<\/p>\n\n\n\n<p><strong>La Chine s&rsquo;oppose au \u00ab\u00a0d\u00e9placement forc\u00e9\u00a0\u00bb des Gazaouis.&nbsp;<\/strong><em>\u00ab\u00a0Gaza appartient aux Palestiniens et fait partie int\u00e9grante du territoire palestinien\u00a0\u00bb<\/em>, a affirm\u00e9 Guo Jiakun, un porte-parole du minist\u00e8re des Affaires \u00e9trang\u00e8res chinois, en r\u00e9ponse \u00e0 une question sur le plan du pr\u00e9sident am\u00e9ricain de vider le territoire de ses habitants.&nbsp;<\/p>\n\n\n\n<p><strong>A son tour, la Ligue arabe d\u00e9sapprouve Donald Trump.<\/strong>&nbsp;Lors d&rsquo;une prise de parole \u00e0 Duba\u00ef, mercredi, son secr\u00e9taire g\u00e9n\u00e9ral, Ahmed Aboul Gheit, a jug\u00e9&nbsp;<em>\u00ab\u00a0inacceptable\u00a0\u00bb<\/em>&nbsp;de d\u00e9placer les Palestiniens de leur territoire.<em>&nbsp;\u00ab\u00a0Nous, les Arabes, avons combattu cette id\u00e9e pendant cent ans et nous ne sommes pas pr\u00eats \u00e0 capituler maintenant\u00a0\u00bb,&nbsp;<\/em>a-t-il aussi d\u00e9clar\u00e9.&nbsp;&nbsp;<\/p>\n\n\n\n<p><strong>Le Qatar annonce l&rsquo;envoi de 15 millions de litres de carburant suppl\u00e9mentaires vers Gaza.<\/strong>&nbsp;Une livraison \u00e9quivalente avait \u00e9t\u00e9 effectu\u00e9e au d\u00e9but de la tr\u00eave, en place depuis le 19 janvier, pour r\u00e9pondre aux besoins du territoire palestinien qui compte 2,4 millions d&rsquo;habitants. En novembre 2023, l&rsquo;agence de l&rsquo;ONU pour les r\u00e9fugi\u00e9s palestiniens (UNRWA) avait estim\u00e9 ses besoins en carburant \u00e0 160&nbsp;000 litres par jour, pour ses op\u00e9rations humanitaires de base.<\/p>\n","protected":false},"excerpt":{"rendered":"<p>Le mouvement islamiste palestinien, de son c\u00f4t\u00e9, a rejet\u00e9 ces menaces et appel\u00e9 Isra\u00ebl \u00e0 \u00ab\u00a0s&rsquo;engager \u00e0 appliquer les termes<\/p>\n","protected":false},"author":1,"featured_media":51861,"comment_status":"open","ping_status":"open","sticky":false,"template":"","format":"standard","meta":{"footnotes":""},"categories":[51],"tags":[],"class_list":["post-51860","post","type-post","status-publish","format-standard","has-post-thumbnail","hentry","category-general"],"_links":{"self":[{"href":"https:\/\/dekkbi.com\/index.php?rest_route=\/wp\/v2\/posts\/51860","targetHints":{"allow":["GET"]}}],"collection":[{"href":"https:\/\/dekkbi.com\/index.php?rest_route=\/wp\/v2\/posts"}],"about":[{"href":"https:\/\/dekkbi.com\/index.php?rest_route=\/wp\/v2\/types\/post"}],"author":[{"embeddable":true,"href":"https:\/\/dekkbi.com\/index.php?rest_route=\/wp\/v2\/users\/1"}],"replies":[{"embeddable":true,"href":"https:\/\/dekkbi.com\/index.php?rest_route=%2Fwp%2Fv2%2Fcomments&post=51860"}],"version-history":[{"count":1,"href":"https:\/\/dekkbi.com\/index.php?rest_route=\/wp\/v2\/posts\/51860\/revisions"}],"predecessor-version":[{"id":51862,"href":"https:\/\/dekkbi.com\/index.php?rest_route=\/wp\/v2\/posts\/51860\/revisions\/51862"}],"wp:featuredmedia":[{"embeddable":true,"href":"https:\/\/dekkbi.com\/index.php?rest_route=\/wp\/v2\/media\/51861"}],"wp:attachment":[{"href":"https:\/\/dekkbi.com\/index.php?rest_route=%2Fwp%2Fv2%2Fmedia&parent=51860"}],"wp:term":[{"taxonomy":"category","embeddable":true,"href":"https:\/\/dekkbi.com\/index.php?rest_route=%2Fwp%2Fv2%2Fcategories&post=51860"},{"taxonomy":"post_tag","embeddable":true,"href":"https:\/\/dekkbi.com\/index.php?rest_route=%2Fwp%2Fv2%2Ftags&post=51860"}],"curies":[{"name":"wp","href":"https:\/\/api.w.org\/{rel}","templated":true}]}}