{"id":51857,"date":"2025-02-13T11:04:26","date_gmt":"2025-02-13T11:04:26","guid":{"rendered":"https:\/\/dekkbi.com\/?p=51857"},"modified":"2025-02-13T11:04:27","modified_gmt":"2025-02-13T11:04:27","slug":"face-a-donald-trump-lunion-europeenne-recherche-de-nouvelles-alliances","status":"publish","type":"post","link":"https:\/\/dekkbi.com\/?p=51857","title":{"rendered":"Face \u00e0 Donald Trump, l&rsquo;Union europ\u00e9enne recherche de nouvelles alliances"},"content":{"rendered":"\n<p>C\u2019est un invit\u00e9 de marque qui est arriv\u00e9 \u00e0 Bruxelles ce mercredi 12\u00a0f\u00e9vrier\u00a02025, le Premier ministre canadien\u00a0<strong>Justin Trudeau<\/strong>. Son pays est dans le viseur de Donald Trump, en sursis pour encore trois semaines de droits de douanes de\u00a025% notamment. Une visite dans l&rsquo;int\u00e9r\u00eat et des Europ\u00e9ens et des Canadiens, avec un objectif\u00a0: resserrer leurs liens commerciaux d\u00e9j\u00e0 bien nou\u00e9s avec le Ceta.<\/p>\n\n\n\n<p>Parce qu&rsquo;on le rappelle,\u00a0<strong>Donald Trump<\/strong>\u00a0veut s&rsquo;en prendre \u00e0 l&rsquo;UE. L&rsquo;une des mesures phare qu&rsquo;il entend imposer, et pas qu&rsquo;aux Europ\u00e9ens d&rsquo;ailleurs, c&rsquo;est l&rsquo;entr\u00e9e en vigueur de nouveaux droits de douane de\u00a025% sur l&rsquo;acier et l&rsquo;aluminium. Et si le pr\u00e9sident am\u00e9ricain en a apr\u00e8s l&rsquo;UE, c&rsquo;est parce que les \u00c9tats-Unis importent plus qu&rsquo;ils n&rsquo;exportent vers le continent europ\u00e9en. Ce d\u00e9ficit commercial au d\u00e9triment de Washington est d&rsquo;ailleurs estim\u00e9 \u00e0 environ 180\u00a0milliards d&rsquo;euros.<\/p>\n\n\n\n<h2 class=\"wp-block-heading\">Des discussions tous azimuts&nbsp;<\/h2>\n\n\n\n<p>C&rsquo;est vrai que Bruxelles est d\u00e9j\u00e0 signataire de bon nombre d&rsquo;accords commerciaux, une quarantaine couvrant plus de 70\u00a0pays. Mais le bloc europ\u00e9en, malgr\u00e9 les messages de fermet\u00e9, s&rsquo;inqui\u00e8te des cons\u00e9quences que pourraient avoir les mesures de Donald Trump. Mi-d\u00e9cembre, la Commission europ\u00e9enne a scell\u00e9 l&rsquo;accord de libre-\u00e9change avec les pays d&rsquo;Am\u00e9rique latine membres du\u00a0<strong>Mercosur<\/strong>. Et \u00e0 la veille de l&rsquo;investiture du pr\u00e9sident am\u00e9ricain, c&rsquo;est avec le\u00a0<strong>Mexique<\/strong>\u00a0qu&rsquo;il y a eu entente. Les n\u00e9gociations n&rsquo;avan\u00e7aient pratiquement plus, l&rsquo;actualit\u00e9 nord-am\u00e9ricaine a donc eu l&rsquo;effet d&rsquo;un \u00e9lectrochoc.\u00a0<\/p>\n\n\n\n<p>Le commissaire europ\u00e9en au Commerce, de son propre aveu, l&rsquo;affirme, il y a \u00ab\u00a0<em>un \u00e9norme int\u00e9r\u00eat \u00e0 acc\u00e9l\u00e9rer les n\u00e9gociations de libre-\u00e9change avec l&rsquo;UE<\/em>\u00a0\u00bb. L&rsquo;ex\u00e9cutif europ\u00e9en a justement repris les discussions avec la\u00a0<strong>Malaisie<\/strong>\u00a0autour d&rsquo;un accord de ce type alors qu&rsquo;elles \u00e9taient \u00e0 l&rsquo;arr\u00eat depuis dix ans. On peut retenir aussi l&rsquo;int\u00e9r\u00eat croissant de Bruxelles pour l&rsquo;<strong>Inde<\/strong>. Le pays sera d&rsquo;ailleurs la destination du premier voyage officiel du second mandat de la pr\u00e9sidente de la commission. Et puis en d\u00e9but de semaine, l&rsquo;<strong>Afrique du Sud<\/strong>, cible \u00e9galement de Donald Trump, a \u00e9mis le souhait de renforcer son partenariat avec les Europ\u00e9ens.\u00a0<\/p>\n\n\n\n<h2 class=\"wp-block-heading\">Encore faut-il s\u2019entendre&nbsp;<\/h2>\n\n\n\n<p>Si l\u2019on veut conclure, tout pourrait bien se passer pour l&rsquo;<strong>Union europ\u00e9enne<\/strong>. Mais il faut relativiser, tout n&rsquo;est pas si simple. D\u00e9j\u00e0 parce qu&rsquo;en concluant des accords \u00e0 la h\u00e2te, il y a de fortes chances qu&rsquo;ils soient moins ambitieux que s&rsquo;ils aient \u00e9t\u00e9 minutieusement n\u00e9goci\u00e9s. Ils pourraient donc \u00eatre moins opportuns pour les Europ\u00e9ens.<\/p>\n\n\n\n<p>Et puis surtout, c&rsquo;est le grand sujet finalement. Il faut que les pays membres parlent d&rsquo;une seule et m\u00eame voix et on le constate, ce n&rsquo;est pas le cas. Il y a de profondes divergences au sein du continent, notamment entre les deux leaders que sont la France et l&rsquo;Allemagne. Quoi qu&rsquo;il en soit, la politique commerciale de Donald Trump tend \u00e0 faciliter les nouvelles alliances entre l&rsquo;Union europ\u00e9enne et d&rsquo;autres pays. L&rsquo;enjeu maintenant, c&rsquo;est que les Europ\u00e9ens fassent front uni et s&rsquo;int\u00e8grent dans cette dynamique !&nbsp;<\/p>\n\n\n\n<p>SOURCE RFI<\/p>\n","protected":false},"excerpt":{"rendered":"<p>C\u2019est un invit\u00e9 de marque qui est arriv\u00e9 \u00e0 Bruxelles ce mercredi 12\u00a0f\u00e9vrier\u00a02025, le Premier ministre canadien\u00a0Justin Trudeau. Son pays<\/p>\n","protected":false},"author":1,"featured_media":51858,"comment_status":"open","ping_status":"open","sticky":false,"template":"","format":"standard","meta":{"footnotes":""},"categories":[51],"tags":[],"class_list":["post-51857","post","type-post","status-publish","format-standard","has-post-thumbnail","hentry","category-general"],"_links":{"self":[{"href":"https:\/\/dekkbi.com\/index.php?rest_route=\/wp\/v2\/posts\/51857","targetHints":{"allow":["GET"]}}],"collection":[{"href":"https:\/\/dekkbi.com\/index.php?rest_route=\/wp\/v2\/posts"}],"about":[{"href":"https:\/\/dekkbi.com\/index.php?rest_route=\/wp\/v2\/types\/post"}],"author":[{"embeddable":true,"href":"https:\/\/dekkbi.com\/index.php?rest_route=\/wp\/v2\/users\/1"}],"replies":[{"embeddable":true,"href":"https:\/\/dekkbi.com\/index.php?rest_route=%2Fwp%2Fv2%2Fcomments&post=51857"}],"version-history":[{"count":1,"href":"https:\/\/dekkbi.com\/index.php?rest_route=\/wp\/v2\/posts\/51857\/revisions"}],"predecessor-version":[{"id":51859,"href":"https:\/\/dekkbi.com\/index.php?rest_route=\/wp\/v2\/posts\/51857\/revisions\/51859"}],"wp:featuredmedia":[{"embeddable":true,"href":"https:\/\/dekkbi.com\/index.php?rest_route=\/wp\/v2\/media\/51858"}],"wp:attachment":[{"href":"https:\/\/dekkbi.com\/index.php?rest_route=%2Fwp%2Fv2%2Fmedia&parent=51857"}],"wp:term":[{"taxonomy":"category","embeddable":true,"href":"https:\/\/dekkbi.com\/index.php?rest_route=%2Fwp%2Fv2%2Fcategories&post=51857"},{"taxonomy":"post_tag","embeddable":true,"href":"https:\/\/dekkbi.com\/index.php?rest_route=%2Fwp%2Fv2%2Ftags&post=51857"}],"curies":[{"name":"wp","href":"https:\/\/api.w.org\/{rel}","templated":true}]}}